{"id":16207,"date":"2023-02-15T21:31:52","date_gmt":"2023-02-16T03:31:52","guid":{"rendered":"https:\/\/politicosaldesnudo.com.mx\/?p=16207"},"modified":"2023-02-16T22:11:06","modified_gmt":"2023-02-17T04:11:06","slug":"mas-desarrollo-a-traves-del-fais-se-invertira-mas-de-9-mil-mdp-en-veracruz","status":"publish","type":"post","link":"https:\/\/politicosaldesnudo.com.mx\/index.php\/2023\/02\/15\/mas-desarrollo-a-traves-del-fais-se-invertira-mas-de-9-mil-mdp-en-veracruz\/","title":{"rendered":"M\u00e1s desarrollo a trav\u00e9s del FAIS, se invertir\u00e1 m\u00e1s de 9 mil mdp en Veracruz"},"content":{"rendered":"<p>&nbsp;<\/p>\n<p>&nbsp;<\/p>\n<p class=\"p1\"><span style=\"font-size: 14pt;\"><em><strong>TUXPAN, VERACRUZ.<\/strong> <\/em><strong>Tuxpan<\/strong> fungi\u00f3 como sede para la Primera Jornada de Capacitaci\u00f3n<strong> \u201cFondo de Aportaciones para la Infraestructura Social 2023: Gobiernos Locales y de las Entidades Construyendo Bienestar\u201d,<\/strong> dirigido a los municipios de la zona norte del estado.<\/span><\/p>\n<p class=\"p1\"><span style=\"font-size: 18pt; color: #139eca;\"><strong>El objetivo de esta capacitaci\u00f3n fue presentar informaci\u00f3n introductoria del <span style=\"font-size: 18pt;\">Fondo de Aportaciones para la Infraestructura Social (<\/span>FAIS) y brindar las herramientas de planeaci\u00f3n y operaci\u00f3n responsable y eficaz de este fondo.<span class=\"Apple-converted-space\">\u00a0<\/span><\/strong><\/span><\/p>\n<p class=\"p1\"><span style=\"font-size: 18pt;\"><strong>El alcalde de Tuxpan, Jos\u00e9 Manuel Pozos destac\u00f3 que para lograr una adecuada planeaci\u00f3n y contribuir a un ejercicio responsable y eficaz de los fondos federales, es fundamental la capacitaci\u00f3n permanente y la profesionalizaci\u00f3n de la gesti\u00f3n p\u00fablica municipal.<\/strong><\/span><\/p>\n<p class=\"p1\"><span style=\"font-size: 18pt; color: #139eca;\"><strong>Jos\u00e9 Manuel Pozos Habl\u00f3 acerca de la importancia de este fondo, cuya finalidad es el financiamiento de proyectos de obras, acciones sociales b\u00e1sicas e inversiones para reducir las brechas de desigualdad, combatiendo el rezago social y la pobreza extrema.<\/strong><\/span><\/p>\n<p>&nbsp;<\/p>\n<p><img data-recalc-dims=\"1\" loading=\"lazy\" decoding=\"async\" class=\"aligncenter wp-image-16208 size-large\" src=\"https:\/\/i0.wp.com\/politicosaldesnudo.com.mx\/wp-content\/uploads\/2023\/02\/P-FAIS-VERACRUZ-1-1024x573.png?resize=800%2C448&#038;ssl=1\" alt=\"\" width=\"800\" height=\"448\" srcset=\"https:\/\/i0.wp.com\/politicosaldesnudo.com.mx\/wp-content\/uploads\/2023\/02\/P-FAIS-VERACRUZ-1.png?resize=1024%2C573&amp;ssl=1 1024w, https:\/\/i0.wp.com\/politicosaldesnudo.com.mx\/wp-content\/uploads\/2023\/02\/P-FAIS-VERACRUZ-1.png?resize=300%2C168&amp;ssl=1 300w, https:\/\/i0.wp.com\/politicosaldesnudo.com.mx\/wp-content\/uploads\/2023\/02\/P-FAIS-VERACRUZ-1.png?resize=768%2C430&amp;ssl=1 768w, https:\/\/i0.wp.com\/politicosaldesnudo.com.mx\/wp-content\/uploads\/2023\/02\/P-FAIS-VERACRUZ-1.png?resize=1536%2C859&amp;ssl=1 1536w, https:\/\/i0.wp.com\/politicosaldesnudo.com.mx\/wp-content\/uploads\/2023\/02\/P-FAIS-VERACRUZ-1.png?w=1816&amp;ssl=1 1816w, https:\/\/i0.wp.com\/politicosaldesnudo.com.mx\/wp-content\/uploads\/2023\/02\/P-FAIS-VERACRUZ-1.png?w=1600&amp;ssl=1 1600w\" sizes=\"auto, (max-width: 800px) 100vw, 800px\" \/><\/p>\n<p>&nbsp;<\/p>\n<p class=\"p1\"><span style=\"font-size: 18pt;\"><strong>Adem\u00e1s, Jos\u00e9 Manuel Pozos se\u00f1al\u00f3 que los municipios ahora no est\u00e1n solos, ya que cuentan en todo momento con el respaldo del Gobierno Federal y Estatal.<\/strong><\/span><\/p>\n<p>&nbsp;<\/p>\n<blockquote>\n<p class=\"p1\"><span style=\"font-size: 14pt;\">Nunca como hoy, hab\u00eda existido tanta coordinaci\u00f3n para conducir los esfuerzos hacia un cambio transformador, que ya es una realidad que se vive en nuestro pa\u00eds, nuestros estados y los municipios\u201d<\/span><\/p>\n<\/blockquote>\n<p>&nbsp;<\/p>\n<p class=\"p1\"><span style=\"font-size: 14pt;\">Bajo ese tenor, agradeci\u00f3 a la Secretar\u00eda de Bienestar por brindar acompa\u00f1amiento y capacitaci\u00f3n para el cumplimiento de los lineamientos del FAIS.<\/span><\/p>\n<p>&nbsp;<\/p>\n<p><img data-recalc-dims=\"1\" loading=\"lazy\" decoding=\"async\" class=\"aligncenter wp-image-16211 size-large\" src=\"https:\/\/i0.wp.com\/politicosaldesnudo.com.mx\/wp-content\/uploads\/2023\/02\/P-FAIS-VERACRUZ-4-1024x573.png?resize=800%2C448&#038;ssl=1\" alt=\"\" width=\"800\" height=\"448\" srcset=\"https:\/\/i0.wp.com\/politicosaldesnudo.com.mx\/wp-content\/uploads\/2023\/02\/P-FAIS-VERACRUZ-4.png?resize=1024%2C573&amp;ssl=1 1024w, https:\/\/i0.wp.com\/politicosaldesnudo.com.mx\/wp-content\/uploads\/2023\/02\/P-FAIS-VERACRUZ-4.png?resize=300%2C168&amp;ssl=1 300w, https:\/\/i0.wp.com\/politicosaldesnudo.com.mx\/wp-content\/uploads\/2023\/02\/P-FAIS-VERACRUZ-4.png?resize=768%2C430&amp;ssl=1 768w, https:\/\/i0.wp.com\/politicosaldesnudo.com.mx\/wp-content\/uploads\/2023\/02\/P-FAIS-VERACRUZ-4.png?resize=1536%2C859&amp;ssl=1 1536w, https:\/\/i0.wp.com\/politicosaldesnudo.com.mx\/wp-content\/uploads\/2023\/02\/P-FAIS-VERACRUZ-4.png?w=1816&amp;ssl=1 1816w, https:\/\/i0.wp.com\/politicosaldesnudo.com.mx\/wp-content\/uploads\/2023\/02\/P-FAIS-VERACRUZ-4.png?w=1600&amp;ssl=1 1600w\" sizes=\"auto, (max-width: 800px) 100vw, 800px\" \/><\/p>\n<p>&nbsp;<\/p>\n<p class=\"p1\"><span style=\"font-size: 18pt; color: #139eca;\"><strong>GRAN INVERSI\u00d3N EN VERACRUZ<\/strong><\/span><\/p>\n<p class=\"p1\"><span style=\"font-size: 18pt;\"><strong>Por su parte, Manuel Huerta, delegado de Programas para el Desarrollo en Veracruz inform\u00f3 que a trav\u00e9s de este fondo se invertir\u00e1n 9 mil 847 millones en todo el estado de Veracruz.<\/strong><\/span><\/p>\n<p class=\"p1\"><span style=\"font-size: 14pt;\">Asimismo, agradeci\u00f3 al Gobierno de Tuxpan por su anfitrion\u00eda para esta importante reuni\u00f3n que -dijo- se logra gracias al esfuerzo de la Secretar\u00eda del Bienestar.<span class=\"Apple-converted-space\">\u00a0<\/span><\/span><\/p>\n<p class=\"p1\"><span style=\"font-size: 14pt;\">Por su parte, la Subsecretaria del Bienestar, Mar\u00eda del Pilar Roc\u00edo Garc\u00eda P\u00e9rez agradeci\u00f3 el inter\u00e9s y la asistencia de los representantes del gobierno estatal y municipal que se encargan de la aplicaci\u00f3n del FAIS.<span class=\"Apple-converted-space\">\u00a0<\/span><\/span><\/p>\n<p class=\"p1\"><span style=\"font-size: 18pt;\"><strong>Se\u00f1al\u00f3 que la participaci\u00f3n de los gobiernos locales y los enlaces del FAIS en esta reuni\u00f3n resulta fundamental, pues establecen las bases que permiten ejercer correctamente el fondo, principalmente en la etapa de planeaci\u00f3n.<span class=\"Apple-converted-space\">\u00a0<\/span><\/strong><\/span><\/p>\n<p>&nbsp;<\/p>\n<p><img data-recalc-dims=\"1\" loading=\"lazy\" decoding=\"async\" class=\"aligncenter wp-image-16209 size-large\" src=\"https:\/\/i0.wp.com\/politicosaldesnudo.com.mx\/wp-content\/uploads\/2023\/02\/P-FAIS-VERACRUZ-2-1024x573.png?resize=800%2C448&#038;ssl=1\" alt=\"\" width=\"800\" height=\"448\" srcset=\"https:\/\/i0.wp.com\/politicosaldesnudo.com.mx\/wp-content\/uploads\/2023\/02\/P-FAIS-VERACRUZ-2.png?resize=1024%2C573&amp;ssl=1 1024w, https:\/\/i0.wp.com\/politicosaldesnudo.com.mx\/wp-content\/uploads\/2023\/02\/P-FAIS-VERACRUZ-2.png?resize=300%2C168&amp;ssl=1 300w, https:\/\/i0.wp.com\/politicosaldesnudo.com.mx\/wp-content\/uploads\/2023\/02\/P-FAIS-VERACRUZ-2.png?resize=768%2C430&amp;ssl=1 768w, https:\/\/i0.wp.com\/politicosaldesnudo.com.mx\/wp-content\/uploads\/2023\/02\/P-FAIS-VERACRUZ-2.png?resize=1536%2C859&amp;ssl=1 1536w, https:\/\/i0.wp.com\/politicosaldesnudo.com.mx\/wp-content\/uploads\/2023\/02\/P-FAIS-VERACRUZ-2.png?w=1816&amp;ssl=1 1816w, https:\/\/i0.wp.com\/politicosaldesnudo.com.mx\/wp-content\/uploads\/2023\/02\/P-FAIS-VERACRUZ-2.png?w=1600&amp;ssl=1 1600w\" sizes=\"auto, (max-width: 800px) 100vw, 800px\" \/><\/p>\n<p>&nbsp;<\/p>\n<p class=\"p1\"><span style=\"font-size: 14pt;\">A esta capacitaci\u00f3n asistieron los alcaldes de Castillo de Teayo, Esteban \u00c1vila Hern\u00e1ndez; Cazones de Herrera, Miguel \u00c1ngel Uribe Toral; Cerro Azul, Francisco Medina; y autoridades municipales de diversos municipios de la regi\u00f3n, as\u00ed como Rosalinda L\u00f3pez P\u00e9rez, directora Regional del Bienestar en Tuxpan.<\/span><\/p>\n<p class=\"p1\"><span style=\"font-size: 14pt;\">Los acompa\u00f1aron David Tonatihu Ruiz Salcedo, del \u00c1rea de Planeaci\u00f3n; Jos\u00e9 Ra\u00fal Ortiz Garc\u00eda y Saul Francisco Atempa Delgado, colaboradores de la Direcci\u00f3n General de Desarrollo Regional; Perla Rojas Mart\u00ednez y Uritzimar San Mart\u00edn L\u00f3pez, directoras generales de la Subsecretar\u00eda del Bienestar.<\/span><\/p>\n<p>&nbsp;<\/p>\n<p>&nbsp;<\/p>\n<p>&nbsp;<\/p>\n<p>&nbsp;<\/p>\n<p>&nbsp;<\/p>\n","protected":false},"excerpt":{"rendered":"<p>&nbsp; &nbsp; TUXPAN, VERACRUZ. Tuxpan fungi\u00f3 como sede para la Primera Jornada de Capacitaci\u00f3n \u201cFondo de Aportaciones para la Infraestructura<\/p>\n","protected":false},"author":4,"featured_media":16210,"comment_status":"closed","ping_status":"closed","sticky":false,"template":"","format":"standard","meta":{"colormag_page_container_layout":"default_layout","colormag_page_sidebar_layout":"default_layout","_jetpack_memberships_contains_paid_content":false,"footnotes":"","jetpack_publicize_message":"","jetpack_publicize_feature_enabled":true,"jetpack_social_post_already_shared":false,"jetpack_social_options":{"image_generator_settings":{"template":"highway","default_image_id":0,"font":"","enabled":false},"version":2}},"categories":[1082],"tags":[164,1583,576,2253,70,100],"class_list":["post-16207","post","type-post","status-publish","format-standard","has-post-thumbnail","hentry","category-tuxpan","tag-bienestar","tag-fais","tag-jose-manuel-pozos","tag-manuel-huerta","tag-tuxpan","tag-veracruz"],"jetpack_publicize_connections":[],"jetpack_featured_media_url":"https:\/\/i0.wp.com\/politicosaldesnudo.com.mx\/wp-content\/uploads\/2023\/02\/P-FAIS-VERACRUZ-3.png?fit=1816%2C1016&ssl=1","jetpack-related-posts":[],"jetpack_sharing_enabled":true,"_links":{"self":[{"href":"https:\/\/politicosaldesnudo.com.mx\/index.php\/wp-json\/wp\/v2\/posts\/16207","targetHints":{"allow":["GET"]}}],"collection":[{"href":"https:\/\/politicosaldesnudo.com.mx\/index.php\/wp-json\/wp\/v2\/posts"}],"about":[{"href":"https:\/\/politicosaldesnudo.com.mx\/index.php\/wp-json\/wp\/v2\/types\/post"}],"author":[{"embeddable":true,"href":"https:\/\/politicosaldesnudo.com.mx\/index.php\/wp-json\/wp\/v2\/users\/4"}],"replies":[{"embeddable":true,"href":"https:\/\/politicosaldesnudo.com.mx\/index.php\/wp-json\/wp\/v2\/comments?post=16207"}],"version-history":[{"count":0,"href":"https:\/\/politicosaldesnudo.com.mx\/index.php\/wp-json\/wp\/v2\/posts\/16207\/revisions"}],"wp:featuredmedia":[{"embeddable":true,"href":"https:\/\/politicosaldesnudo.com.mx\/index.php\/wp-json\/wp\/v2\/media\/16210"}],"wp:attachment":[{"href":"https:\/\/politicosaldesnudo.com.mx\/index.php\/wp-json\/wp\/v2\/media?parent=16207"}],"wp:term":[{"taxonomy":"category","embeddable":true,"href":"https:\/\/politicosaldesnudo.com.mx\/index.php\/wp-json\/wp\/v2\/categories?post=16207"},{"taxonomy":"post_tag","embeddable":true,"href":"https:\/\/politicosaldesnudo.com.mx\/index.php\/wp-json\/wp\/v2\/tags?post=16207"}],"curies":[{"name":"wp","href":"https:\/\/api.w.org\/{rel}","templated":true}]}}