{"id":16225,"date":"2023-02-17T05:10:14","date_gmt":"2023-02-17T11:10:14","guid":{"rendered":"https:\/\/politicosaldesnudo.com.mx\/?p=16225"},"modified":"2023-02-17T07:30:19","modified_gmt":"2023-02-17T13:30:19","slug":"congreso-de-veracruz-y-el-record-en-acciones-de-inconstitucionalidad","status":"publish","type":"post","link":"https:\/\/politicosaldesnudo.com.mx\/index.php\/2023\/02\/17\/congreso-de-veracruz-y-el-record-en-acciones-de-inconstitucionalidad\/","title":{"rendered":"Congreso de Veracruz y el r\u00e9cord en acciones de inconstitucionalidad"},"content":{"rendered":"<p class=\"p1\">\n<p>&nbsp;<\/p>\n<p class=\"p1\"><span style=\"font-size: 18pt;\"><strong>Por M\u00f3nica Camarena Crespo<\/strong><\/span><\/p>\n<p class=\"p1\"><span style=\"font-size: 14pt;\">Han sido una tras otra las declaratorias de inconstitucionalidad desde la Suprema Corte de Justicia de la Naci\u00f3n (SCJN) al Congreso de Veracruz con mayor\u00eda de Morena y algunas pocas r\u00e9moras.<\/span><\/p>\n<p class=\"p1\"><span style=\"font-size: 14pt;\">Apenas esta semana se inform\u00f3 oficialmente a la legislatura de Veracruz, la invalidez de las reformas realizadas a la Constituci\u00f3n de Veracruz, mediante las cuales se elimin\u00f3 el requisito de haber nacido en el estado para poder aspirar al cargo de gobernador, la llamada \u201cLey Nahle\u201d.<\/span><\/p>\n<p class=\"p1\"><span style=\"font-size: 14pt;\">Pero han habido al menos otras 11\u00a0modificaciones a la Constituci\u00f3n local, las cuales han sido aprobadas en la actual, que la Corte ha declarado inconstitucionales.<\/span><\/p>\n<p>&nbsp;<\/p>\n<p class=\"p1\"><span style=\"font-size: 18pt; color: #139eca;\"><strong>ULTRAJES<\/strong><\/span><\/p>\n<p class=\"p1\"><span style=\"font-size: 14pt;\">Respecto a la vergonzosa Ley de Ultrajes a la Autoridad, despu\u00e9s de una gran pol\u00e9mica en medio de atropellos y venganzas contra actores pol\u00edticos, la SCJN declar\u00f3 la invalidez del Art\u00edculo 371, fracci\u00f3n II del C\u00f3digo Penal para el Estado de Veracruz, que sancionaba poseer, portar o utilizar equipos de comunicaci\u00f3n de cualquier tipo para obtener y comunicar, sin un fin l\u00edcito, informaci\u00f3n sobre las acciones, actividades o labores de los integrantes de las instituciones de seguridad p\u00fablica estatal o municipal.<\/span><\/p>\n<p>&nbsp;<\/p>\n<p class=\"p1\"><span style=\"font-size: 18pt; color: #139eca;\"><strong>DESAPARICI\u00d3N DE PERSONAS<\/strong><\/span><\/p>\n<p class=\"p1\"><span style=\"font-size: 14pt;\">La Corte tambi\u00e9n invalido el Art\u00edculo 31 de la Ley N\u00famero 236 para la Declaraci\u00f3n Especial de Ausencia por Desaparici\u00f3n de Personas para el Estado de Veracruz, publicada el 20 de marzo de 2019, la cual permit\u00eda que, en la recuperaci\u00f3n de bienes en casos de personas ausentes que reaparecen, bastar\u00eda la existencia de indicios de que la persona hizo creer su desaparici\u00f3n de manera deliberada con el fin de evadir responsabilidades, para que \u00e9sta solamente pudiera recobrar sus bienes en el estado en el que se hallaren, sin poder reclamar los frutos (productos o utilidades que los bienes generan) ni rentas. Otra correcci\u00f3n de plana.<\/span><\/p>\n<p class=\"p1\"><span style=\"font-size: 14pt;\">En materia electoral, la SCJN invalid\u00f3 el Decreto 576, por el que se reformaron y adicionaron diversas disposiciones de la Constituci\u00f3n Pol\u00edtica de Veracruz de Ignacio de la Llave, publicado en la Gaceta Oficial de esa entidad el 22 de junio de 2020, por falta de consulta a las comunidades ind\u00edgenas y afromexicanas de la entidad. Como es la costumbre de algunos iletrados \u201cempoderados\u201d de la actual legislatura de Veracruz, solo alcanzaron a decir que \u201cno hab\u00eda dinero\u201d para consultas.<\/span><\/p>\n<p>&nbsp;<\/p>\n<p class=\"p1\"><span style=\"color: #139eca;\"><strong><span style=\"font-size: 18pt;\">DISCAPACIDAD<\/span><\/strong><\/span><\/p>\n<p class=\"p1\"><span style=\"font-size: 14pt;\">Otro \u201cpalo\u201d al \u201cvapuleado\u201d Congreso de Veracruz, se dio nuevamente para iniciar el 2023, cuando la Suprema Corte notific\u00f3 al Congreso local sobre la invalidez de la reforma a la ley que reconoc\u00eda la talla baja como un tipo de discapacidad.<\/span><\/p>\n<p class=\"p1\"><span style=\"font-size: 14pt;\">La reforma, que fue propuesta y aprobada en la 65 Legislatura con mayor\u00eda de Morena, en el an\u00e1lisis que hacen los ministros de la Corte determina que la reforma es improcedente por no haber consultado a una sola persona con discapacidad.<\/span><\/p>\n<p class=\"p1\"><span style=\"font-size: 14pt;\">La incapacidad jur\u00eddica desde el Congreso de Veracruz raya en el rid\u00edculo y como nunca antes, desde la Corte han tenido que corregir la plana a quienes ya debieran parar y aceptar su incapacidad legislativa y operativa en niveles que nunca antes se conocieron.<\/span><\/p>\n<p>&nbsp;<\/p>\n<p class=\"p1\"><span style=\"font-size: 18pt; color: #139eca;\"><strong>\u00c1GORA<\/strong><\/span><\/p>\n<p class=\"p1\"><span style=\"font-size: 14pt;\">En el caso \u201cAraly-gate\u201d como la \u201cchimoltrufia\u201d jarocha, que como dice una cosa, dice la otra, el gobernador ya no sabe para donde hacerse o de qu\u00e9 manera pedirle m\u00e1s datos al primo inc\u00f3modo.<\/span><\/p>\n<p>&nbsp;<\/p>\n<hr \/>\n<p>&nbsp;<\/p>\n<p class=\"p1\"><span style=\"font-size: 18pt;\"><strong>Correo: <a href=\"mailto:parquejuarezweb@yahoo.com.mx\">parquejuarezweb@yahoo.com.mx<\/a><\/strong><\/span><\/p>\n<p class=\"p1\"><span style=\"font-size: 18pt;\"><strong>Twitter: <a href=\"http:\/\/www.twitter.com\/monicamarena\">@monicamarena<\/a><\/strong><\/span><\/p>\n<p>&nbsp;<\/p>\n<p><img data-recalc-dims=\"1\" loading=\"lazy\" decoding=\"async\" class=\"wp-image-14351 aligncenter\" src=\"https:\/\/i0.wp.com\/politicosaldesnudo.com.mx\/wp-content\/uploads\/2023\/01\/FIRMA-EDITORIAL-PD-300x37.png?resize=800%2C98&#038;ssl=1\" alt=\"\" width=\"800\" height=\"98\" srcset=\"https:\/\/i0.wp.com\/politicosaldesnudo.com.mx\/wp-content\/uploads\/2023\/01\/FIRMA-EDITORIAL-PD.png?resize=300%2C37&amp;ssl=1 300w, https:\/\/i0.wp.com\/politicosaldesnudo.com.mx\/wp-content\/uploads\/2023\/01\/FIRMA-EDITORIAL-PD.png?resize=1024%2C125&amp;ssl=1 1024w, https:\/\/i0.wp.com\/politicosaldesnudo.com.mx\/wp-content\/uploads\/2023\/01\/FIRMA-EDITORIAL-PD.png?resize=768%2C94&amp;ssl=1 768w, https:\/\/i0.wp.com\/politicosaldesnudo.com.mx\/wp-content\/uploads\/2023\/01\/FIRMA-EDITORIAL-PD.png?resize=1536%2C188&amp;ssl=1 1536w, https:\/\/i0.wp.com\/politicosaldesnudo.com.mx\/wp-content\/uploads\/2023\/01\/FIRMA-EDITORIAL-PD.png?resize=2048%2C250&amp;ssl=1 2048w, https:\/\/i0.wp.com\/politicosaldesnudo.com.mx\/wp-content\/uploads\/2023\/01\/FIRMA-EDITORIAL-PD.png?w=1600&amp;ssl=1 1600w, https:\/\/i0.wp.com\/politicosaldesnudo.com.mx\/wp-content\/uploads\/2023\/01\/FIRMA-EDITORIAL-PD.png?w=2400&amp;ssl=1 2400w\" sizes=\"auto, (max-width: 800px) 100vw, 800px\" \/><\/p>\n<p>&nbsp;<\/p>\n<p>&nbsp;<\/p>\n","protected":false},"excerpt":{"rendered":"<p>&nbsp; Por M\u00f3nica Camarena Crespo Han sido una tras otra las declaratorias de inconstitucionalidad desde la Suprema Corte de Justicia<\/p>\n","protected":false},"author":4,"featured_media":4080,"comment_status":"closed","ping_status":"closed","sticky":false,"template":"","format":"standard","meta":{"colormag_page_container_layout":"default_layout","colormag_page_sidebar_layout":"default_layout","_jetpack_memberships_contains_paid_content":false,"footnotes":"","jetpack_publicize_message":"","jetpack_publicize_feature_enabled":true,"jetpack_social_post_already_shared":false,"jetpack_social_options":{"image_generator_settings":{"template":"highway","default_image_id":0,"font":"","enabled":false},"version":2}},"categories":[26],"tags":[],"class_list":["post-16225","post","type-post","status-publish","format-standard","has-post-thumbnail","hentry","category-columnistas"],"jetpack_publicize_connections":[],"jetpack_featured_media_url":"https:\/\/i0.wp.com\/politicosaldesnudo.com.mx\/wp-content\/uploads\/2022\/04\/MO%CC%81NICA-CAMARENA-CRESPO1.png?fit=1816%2C1016&ssl=1","jetpack-related-posts":[],"jetpack_sharing_enabled":true,"_links":{"self":[{"href":"https:\/\/politicosaldesnudo.com.mx\/index.php\/wp-json\/wp\/v2\/posts\/16225","targetHints":{"allow":["GET"]}}],"collection":[{"href":"https:\/\/politicosaldesnudo.com.mx\/index.php\/wp-json\/wp\/v2\/posts"}],"about":[{"href":"https:\/\/politicosaldesnudo.com.mx\/index.php\/wp-json\/wp\/v2\/types\/post"}],"author":[{"embeddable":true,"href":"https:\/\/politicosaldesnudo.com.mx\/index.php\/wp-json\/wp\/v2\/users\/4"}],"replies":[{"embeddable":true,"href":"https:\/\/politicosaldesnudo.com.mx\/index.php\/wp-json\/wp\/v2\/comments?post=16225"}],"version-history":[{"count":0,"href":"https:\/\/politicosaldesnudo.com.mx\/index.php\/wp-json\/wp\/v2\/posts\/16225\/revisions"}],"wp:featuredmedia":[{"embeddable":true,"href":"https:\/\/politicosaldesnudo.com.mx\/index.php\/wp-json\/wp\/v2\/media\/4080"}],"wp:attachment":[{"href":"https:\/\/politicosaldesnudo.com.mx\/index.php\/wp-json\/wp\/v2\/media?parent=16225"}],"wp:term":[{"taxonomy":"category","embeddable":true,"href":"https:\/\/politicosaldesnudo.com.mx\/index.php\/wp-json\/wp\/v2\/categories?post=16225"},{"taxonomy":"post_tag","embeddable":true,"href":"https:\/\/politicosaldesnudo.com.mx\/index.php\/wp-json\/wp\/v2\/tags?post=16225"}],"curies":[{"name":"wp","href":"https:\/\/api.w.org\/{rel}","templated":true}]}}