{"id":16237,"date":"2023-02-17T07:50:22","date_gmt":"2023-02-17T13:50:22","guid":{"rendered":"https:\/\/politicosaldesnudo.com.mx\/?p=16237"},"modified":"2023-02-17T07:52:28","modified_gmt":"2023-02-17T13:52:28","slug":"alianza-quiere-raptar-a-colosio","status":"publish","type":"post","link":"https:\/\/politicosaldesnudo.com.mx\/index.php\/2023\/02\/17\/alianza-quiere-raptar-a-colosio\/","title":{"rendered":"Alianza quiere raptar a Colosio"},"content":{"rendered":"<p class=\"p1\"><span style=\"font-size: 18pt;\"><strong>Por Jos\u00e9 Garc\u00eda S\u00e1nchez<\/strong><\/span><\/p>\n<p class=\"p1\"><span style=\"font-size: 14pt;\">La alianza opositora ya tiene candidato, pero no est\u00e1 en sus filas. Sabe que el mejor posicionado, entre la oposici\u00f3n, y que pudiera dar la batalla por la Presidencia de la Rep\u00fablica es Luis Donaldo Colosio Riojas, y lo cuida.<\/span><\/p>\n<p class=\"p1\"><span style=\"font-size: 18pt;\"><strong>PAN y PRI le hacen manita de puerco a Dante Delgado para que Movimiento Ciudadano se integre a la alianza opositora, y le alquile, por lo menos durante la campa\u00f1a a Luis Donaldo Colosio, quien ha tenido algunas ofertar de representantes de Claudio X. Gonz\u00e1lez y de los l\u00edderes del PAN para cambiarse de bando, como no acept\u00f3 se lo quieren llevar con todo y el partido.<\/strong><\/span><\/p>\n<p class=\"p1\"><span style=\"font-size: 14pt;\">La alternativa para que la alianza pueda ser competitiva en 2024, requiere de dos factores con los que cuenta Dante Delgado, un porcentaje, tal vez de un solo d\u00edgito en las urnas, y un candidato que puede crecer para alcanzar un segundo lugar menos alejado del triunfador.<\/span><\/p>\n<p class=\"p1\"><span style=\"font-size: 18pt;\"><strong>La negativa de Movimiento Ciudadano a unirse a la alianza ha sido firme, hasta el momento, aunque la muerte en el momento del parto de Mexicolectivo, mostr\u00f3 un momento de debilidad de Dante Delgado por la utilizaci\u00f3n de sus siglas, la asistencia de sus integrantes y la insistencia por la unidad. Pero en el momento de mayor flaqueza el grupo que iba a nacer tra\u00eda el cond\u00f3n umbilical enredado, como soga, en el cuello y antes del primer aliento dej\u00f3 de respirar, el partero Cuauht\u00e9moc C\u00e1rdenas no lleg\u00f3.<\/strong><\/span><\/p>\n<p class=\"p1\"><span style=\"font-size: 18pt; color: #139eca;\"><strong>En el fondo pudo haberle alegrado Delgado Ranuaro seguir solo, pero la insistencia por la unidad persiste y esta vez ya no fue petici\u00f3n sino exigencia y no fue por las buenas sino por las malas.<\/strong><\/span><\/p>\n<p class=\"p1\"><span style=\"font-size: 18pt;\"><strong>El campo de batalla se ubica en Nuevo Le\u00f3n donde la\u00a0Comisi\u00f3n Anticorrupci\u00f3n del Congreso\u00a0local aprob\u00f3 iniciar un\u00a0juicio pol\u00edtico contra el gobernador Samuel Garc\u00eda, por violaciones a la Constituci\u00f3n de Nuevo Le\u00f3n al no presentar a tiempo el Presupuesto de Egresos del 2023 incumplir con la publicaci\u00f3n de diversos decretos.<\/strong><\/span><\/p>\n<p class=\"p1\"><span style=\"font-size: 14pt;\">La solicitud de juicio pol\u00edtico contra el gobernador fue presentada por Annia G\u00f3mez y Jos\u00e9 Luis\u00a0Garza Ochoa, diputados federales del PAN y PRI, respectivamente.<\/span><\/p>\n<p class=\"p1\"><span style=\"font-size: 18pt; color: #139eca;\"><strong>A unas horas de que compareciera Samuel Garc\u00eda ante el Congreso local para responder por esa acusaci\u00f3n,\u00a0Faustino Guti\u00e9rrez P\u00e9rez, Juez Octavo de Distrito de Tamaulipas, otorg\u00f3 un amparo a Samuel Garc\u00eda, para que no ser sometido a juicio pol\u00edtico, el Congreso local dio por cumplida, a pesar de que no acudi\u00f3, contest\u00f3 por escrito.<\/strong><\/span><\/p>\n<p>&nbsp;<\/p>\n<p><img data-recalc-dims=\"1\" loading=\"lazy\" decoding=\"async\" class=\"aligncenter wp-image-16118 size-large\" src=\"https:\/\/i0.wp.com\/politicosaldesnudo.com.mx\/wp-content\/uploads\/2023\/02\/P-MC-SAMUEL-GARCIA-2-1024x573.png?resize=800%2C448&#038;ssl=1\" alt=\"\" width=\"800\" height=\"448\" srcset=\"https:\/\/i0.wp.com\/politicosaldesnudo.com.mx\/wp-content\/uploads\/2023\/02\/P-MC-SAMUEL-GARCIA-2.png?resize=1024%2C573&amp;ssl=1 1024w, https:\/\/i0.wp.com\/politicosaldesnudo.com.mx\/wp-content\/uploads\/2023\/02\/P-MC-SAMUEL-GARCIA-2.png?resize=300%2C168&amp;ssl=1 300w, https:\/\/i0.wp.com\/politicosaldesnudo.com.mx\/wp-content\/uploads\/2023\/02\/P-MC-SAMUEL-GARCIA-2.png?resize=768%2C430&amp;ssl=1 768w, https:\/\/i0.wp.com\/politicosaldesnudo.com.mx\/wp-content\/uploads\/2023\/02\/P-MC-SAMUEL-GARCIA-2.png?resize=1536%2C859&amp;ssl=1 1536w, https:\/\/i0.wp.com\/politicosaldesnudo.com.mx\/wp-content\/uploads\/2023\/02\/P-MC-SAMUEL-GARCIA-2.png?w=1816&amp;ssl=1 1816w, https:\/\/i0.wp.com\/politicosaldesnudo.com.mx\/wp-content\/uploads\/2023\/02\/P-MC-SAMUEL-GARCIA-2.png?w=1600&amp;ssl=1 1600w\" sizes=\"auto, (max-width: 800px) 100vw, 800px\" \/><\/p>\n<p>&nbsp;<\/p>\n<p class=\"p1\"><span style=\"font-size: 14pt;\">Jes\u00fas G\u00f3mez Reyes, Diputado local panista y presidente de la comisi\u00f3n, inform\u00f3 que el escrito fue recibido y que se daba como comparecido por escrito dentro del juicio.<\/span><\/p>\n<p class=\"p1\"><span style=\"font-size: 18pt;\"><strong>As\u00ed se daba por concluida la intentona de golpista de PAN y PRI como parte de las presiones para que Movimiento Ciudadano se sume a la alianza, partido que advirti\u00f3 que se trata de un \u201cRevanchismo Pol\u00edtico\u201d al se\u00f1alar una serie de irregularidades contenidas en la denuncia de juicio. El presidente Andr\u00e9s Manuel L\u00f3pez Obrador coincidi\u00f3 con ese partido. En el Congreso local de la entidad MC cuenta con 11 diputados, mientras que el PAN, que tiene 14, y el PRI, 13.<\/strong><\/span><\/p>\n<p class=\"p1\"><span style=\"font-size: 14pt;\">El problema no es en ning\u00fan momento el hecho de que no presentara puntualmente su presupuesto de egresos 2023, que es un problema menor sino la intenci\u00f3n de arrinconar a Dante para que MC se una a la alianza ansiosa de fuerzas num\u00e9ricas en su conformaci\u00f3n.<\/span><\/p>\n<p class=\"p1\"><span style=\"font-size: 18pt;\"><strong>A pesar de que el presidente municipal de Monterrey, podr\u00eda reunir las condiciones suficientes para que se le destituya o se le interponga un juicio pol\u00edtico, el PAN y el PRI ni lo mencionan, lo quien impoluto para 2024, una vez que, seg\u00fan ellos, Movimiento Ciudadano se les una.<\/strong><\/span><\/p>\n<p class=\"p1\"><span style=\"font-size: 14pt;\">Los candidatos del PAN y del PRI carecen de fuerza, tanto que deben recurrir pr\u00e1cticamente al secuestro de un candidato de otro partido para sentirse fuerte y, seg\u00fan ellos, ganar las elecciones. Lo cierto es que Ricardo Anaya y Enrique de la Madrid s\u00f3lo arriesgan el registro de ambos partidos. Colosio cobra forma en las encuestas y su bajo perfil contrarresta los desprop\u00f3sitos, por decir lo menos, de Ricardo y Enrique.<\/span><\/p>\n<p class=\"p1\"><span style=\"font-size: 18pt; color: #139eca;\"><strong>Colosio Riojas tiene una franquicia que algunos mexicanos, dentro y fuera de la alianza opositora, de edad madura \u2013que a\u00fan recuerdan el asesinato que en 2024 cumplir\u00e1 30 a\u00f1os de haberse perpetrado-, quieren preservar nost\u00e1lgicamente como una posibilidad de recuperar el pasado en el m\u00e1s amplio sentido de la palabra.<\/strong><\/span><\/p>\n<p class=\"p1\"><span style=\"font-size: 14pt;\">PAN y PRI se mueven mas pr\u00f3ximos al golpismo que a la democracia, la desesperaci\u00f3n por verse aplastados en las urnas les obliga a realizar acciones que los pinta como agresores de las reglas esenciales de la vida electoral de cualquier pa\u00eds.<\/span><\/p>\n<p>&nbsp;<\/p>\n<hr \/>\n<p>&nbsp;<\/p>\n<p><span style=\"font-size: 18pt;\"><strong>Twitter:\u00a0<a href=\"https:\/\/twitter.com\/Josangasa3\">@Josangasa3<\/a><\/strong><\/span><\/p>\n<p>&nbsp;<\/p>\n<p><img data-recalc-dims=\"1\" loading=\"lazy\" decoding=\"async\" class=\"aligncenter wp-image-14351\" src=\"https:\/\/i0.wp.com\/politicosaldesnudo.com.mx\/wp-content\/uploads\/2023\/01\/FIRMA-EDITORIAL-PD-300x37.png?resize=800%2C98&#038;ssl=1\" alt=\"\" width=\"800\" height=\"98\" srcset=\"https:\/\/i0.wp.com\/politicosaldesnudo.com.mx\/wp-content\/uploads\/2023\/01\/FIRMA-EDITORIAL-PD.png?resize=300%2C37&amp;ssl=1 300w, https:\/\/i0.wp.com\/politicosaldesnudo.com.mx\/wp-content\/uploads\/2023\/01\/FIRMA-EDITORIAL-PD.png?resize=1024%2C125&amp;ssl=1 1024w, https:\/\/i0.wp.com\/politicosaldesnudo.com.mx\/wp-content\/uploads\/2023\/01\/FIRMA-EDITORIAL-PD.png?resize=768%2C94&amp;ssl=1 768w, https:\/\/i0.wp.com\/politicosaldesnudo.com.mx\/wp-content\/uploads\/2023\/01\/FIRMA-EDITORIAL-PD.png?resize=1536%2C188&amp;ssl=1 1536w, https:\/\/i0.wp.com\/politicosaldesnudo.com.mx\/wp-content\/uploads\/2023\/01\/FIRMA-EDITORIAL-PD.png?resize=2048%2C250&amp;ssl=1 2048w, https:\/\/i0.wp.com\/politicosaldesnudo.com.mx\/wp-content\/uploads\/2023\/01\/FIRMA-EDITORIAL-PD.png?w=1600&amp;ssl=1 1600w, https:\/\/i0.wp.com\/politicosaldesnudo.com.mx\/wp-content\/uploads\/2023\/01\/FIRMA-EDITORIAL-PD.png?w=2400&amp;ssl=1 2400w\" sizes=\"auto, (max-width: 800px) 100vw, 800px\" \/><\/p>\n<p>&nbsp;<\/p>\n<p>&nbsp;<\/p>\n<p>&nbsp;<\/p>\n<p>&nbsp;<\/p>\n<p>&nbsp;<\/p>\n<p>&nbsp;<\/p>\n<p>&nbsp;<\/p>\n","protected":false},"excerpt":{"rendered":"<p>Por Jos\u00e9 Garc\u00eda S\u00e1nchez La alianza opositora ya tiene candidato, pero no est\u00e1 en sus filas. Sabe que el mejor<\/p>\n","protected":false},"author":4,"featured_media":3934,"comment_status":"closed","ping_status":"closed","sticky":false,"template":"","format":"standard","meta":{"colormag_page_container_layout":"default_layout","colormag_page_sidebar_layout":"default_layout","_jetpack_memberships_contains_paid_content":false,"footnotes":"","jetpack_publicize_message":"","jetpack_publicize_feature_enabled":true,"jetpack_social_post_already_shared":false,"jetpack_social_options":{"image_generator_settings":{"template":"highway","default_image_id":0,"font":"","enabled":false},"version":2}},"categories":[26],"tags":[988,701,1103,2192,314,103,226,557],"class_list":["post-16237","post","type-post","status-publish","format-standard","has-post-thumbnail","hentry","category-columnistas","tag-alianza","tag-dante-delgado","tag-luis-donaldo-colosio","tag-mexicolectivo","tag-movimiento-ciudadano","tag-pan","tag-pri","tag-samuel-garcia"],"jetpack_publicize_connections":[],"jetpack_featured_media_url":"https:\/\/i0.wp.com\/politicosaldesnudo.com.mx\/wp-content\/uploads\/2022\/04\/JOSE%CC%81-GARCI%CC%81A.png?fit=1816%2C1016&ssl=1","jetpack-related-posts":[],"jetpack_sharing_enabled":true,"_links":{"self":[{"href":"https:\/\/politicosaldesnudo.com.mx\/index.php\/wp-json\/wp\/v2\/posts\/16237","targetHints":{"allow":["GET"]}}],"collection":[{"href":"https:\/\/politicosaldesnudo.com.mx\/index.php\/wp-json\/wp\/v2\/posts"}],"about":[{"href":"https:\/\/politicosaldesnudo.com.mx\/index.php\/wp-json\/wp\/v2\/types\/post"}],"author":[{"embeddable":true,"href":"https:\/\/politicosaldesnudo.com.mx\/index.php\/wp-json\/wp\/v2\/users\/4"}],"replies":[{"embeddable":true,"href":"https:\/\/politicosaldesnudo.com.mx\/index.php\/wp-json\/wp\/v2\/comments?post=16237"}],"version-history":[{"count":0,"href":"https:\/\/politicosaldesnudo.com.mx\/index.php\/wp-json\/wp\/v2\/posts\/16237\/revisions"}],"wp:featuredmedia":[{"embeddable":true,"href":"https:\/\/politicosaldesnudo.com.mx\/index.php\/wp-json\/wp\/v2\/media\/3934"}],"wp:attachment":[{"href":"https:\/\/politicosaldesnudo.com.mx\/index.php\/wp-json\/wp\/v2\/media?parent=16237"}],"wp:term":[{"taxonomy":"category","embeddable":true,"href":"https:\/\/politicosaldesnudo.com.mx\/index.php\/wp-json\/wp\/v2\/categories?post=16237"},{"taxonomy":"post_tag","embeddable":true,"href":"https:\/\/politicosaldesnudo.com.mx\/index.php\/wp-json\/wp\/v2\/tags?post=16237"}],"curies":[{"name":"wp","href":"https:\/\/api.w.org\/{rel}","templated":true}]}}