{"id":16253,"date":"2023-02-18T07:09:23","date_gmt":"2023-02-18T13:09:23","guid":{"rendered":"https:\/\/politicosaldesnudo.com.mx\/?p=16253"},"modified":"2023-02-18T07:11:46","modified_gmt":"2023-02-18T13:11:46","slug":"16253","status":"publish","type":"post","link":"https:\/\/politicosaldesnudo.com.mx\/index.php\/2023\/02\/18\/16253\/","title":{"rendered":"Condecoraci\u00f3n del \u00c1guila Azteca"},"content":{"rendered":"<p>&nbsp;<\/p>\n<p><span style=\"font-size: 18pt;\"><strong>Por Ricardo Homs<\/strong><\/span><\/p>\n<p class=\"p1\"><span style=\"font-size: 14pt;\">La entrega de la m\u00e1xima presea que el Estado Mexicano otorga a extranjeros, -por servicios a M\u00e9xico, El \u00c1guila Azteca-, hoy est\u00e1 en el centro de la discusi\u00f3n a partir del enojo de muchos sectores de la sociedad mexicana por el otorgamiento de esta medalla al presidente de Cuba, -Miguel D\u00edaz-Canel-, heredero de la dictadura m\u00e1s longeva de Am\u00e9rica Latina.<\/span><\/p>\n<p class=\"p1\"><span style=\"font-size: 14pt;\">Es vergonzosa la forma en que se ha entregado esta m\u00e1xima condecoraci\u00f3n, cuando se revisa la lista de quienes la han recibido.<\/span><\/p>\n<p class=\"p1\"><span style=\"font-size: 14pt;\">No podemos negar que el valor de una presea depende de la imagen p\u00fablica de quienes la recibieron antes. De este modo se construye la reputaci\u00f3n de un galard\u00f3n.<\/span><\/p>\n<p class=\"p1\"><span style=\"font-size: 14pt;\">Cuando han sido acreedores a ella personas que gozan del aprecio y reconocimiento p\u00fablico, la medalla consolida su valor. Sin embargo, con unos cuantos personajes que la reciban inmerecidamente, -o tengan mala fama-, el valor de esta distinci\u00f3n decae y pierde inter\u00e9s.<\/span><\/p>\n<p class=\"p1\"><span style=\"font-size: 14pt;\">Como bien dijo\u00a0Denise Maerker\u00a0en el programa de TV \u201cTercer Grado\u201d: muchos receptores no parecen haber recibido esta presea por servicios a M\u00e9xico, -sino a nuestro gobierno- que no es lo mismo.<\/span><\/p>\n<p class=\"p1\"><span style=\"font-size: 14pt;\">D\u00edaz-Canel y Fidel Castro, -cubanos-, y Rafael Le\u00f3nidas Trujillo, dominicano, fueron tres dictadores condecorados con ella.<\/span><\/p>\n<p class=\"p1\"><span style=\"font-size: 14pt;\">De los recientes tambi\u00e9n aparece Jared Kuchner, -yerno de Donald Trump-, as\u00ed como Alberto Fujimori, presidente peruano, -hoy en prisi\u00f3n-, y\u00a0Cristina Fern\u00e1ndez de Kirchner, ex presidenta de Argentina y muy cuestionada en su pa\u00eds, igual que lo fue su difunto marido N\u00e9stor Kirchner, tambi\u00e9n expresidente de Argentina.<\/span><\/p>\n<p class=\"p1\"><span style=\"font-size: 14pt;\">Desgraciadamente siempre pesa m\u00e1s lo negativo que lo positivo y unos cuantos galardonados, ensucian a nuestra m\u00e1s preciada condecoraci\u00f3n.<\/span><\/p>\n<p class=\"p1\"><span style=\"font-size: 14pt;\">Esta presea, -instituida en 1933-, seg\u00fan su ordenamiento, es operada por la Secretar\u00eda de Relaciones Exteriores y tiene como cabeza al presidente de la rep\u00fablica en turno, de quien depende la \u00faltima decisi\u00f3n.<\/span><\/p>\n<p class=\"p1\"><span style=\"font-size: 14pt;\">Por tanto, -en el \u00e1mbito subjetivo de muchas decisiones pol\u00edticas-, es donde recae la asignaci\u00f3n de estas significativas preseas. Seguramente los amigos del presidente, -o aquellas personas que gozan de su estima-, sean las galardonadas.<\/span><\/p>\n<p class=\"p1\"><span style=\"font-size: 14pt;\">La lista en 90 a\u00f1os de vida de este reconocimiento es larga, y va desde la periodista norteamericana Alma Reed, -corresponsal en esa \u00e9poca del New York Times-, quien dio origen a la hermosa canci\u00f3n titulada \u201cPeregrina\u201d, creada en 1922 por el compositor Ricardo Palmer\u00edn y el poeta Luis Rosado, a petici\u00f3n del gobernador de Yucat\u00e1n Felipe Carrillo Puerto, tr\u00e1gicamente fusilado en 1924, hasta otros.<\/span><\/p>\n<p class=\"p1\"><span style=\"font-size: 14pt;\">Alma Reed dedic\u00f3 su vida a divulgar y promover la cultura mexicana hasta su muerte en 1966, en la Ciudad de M\u00e9xico.<\/span><\/p>\n<p class=\"p1\"><span style=\"font-size: 14pt;\">Otros galardonados han sido Rigoberta Mench\u00fa, Premio Nobel de la Paz, por su labor indigenista; as\u00ed como los escritores Mario Vargas Llosa y Gabriel Garc\u00eda M\u00e1rquez; el shade Ir\u00e1n, Mohammad Reza Pahlevi; Bill Gates, fundador de Microsoft; Jos\u00e9 Mujica, presidente de Uruguay; los presidentes de Chile Michel Bachelet y Sebasti\u00e1n Pi\u00f1era; los presidentes de Brasil Dilma Rousseff y Luiz Inacio \u201cLula\u201d Da Silva; el presidente argentino Mauricio Macri; el rey de Etiop\u00eda Haile Selassie; el presidente norteamericano Dwight D. Eisenhower, hasta el vocalista del grupo U2, -Paul David Hewson-, conocido con el sobrenombre de Bono, por su labor como activista social, adem\u00e1s de otras grandes figuras internacionales m\u00e1s.<\/span><\/p>\n<p class=\"p1\"><span style=\"font-size: 14pt;\">Sin embargo, por la importancia de esta medalla, -que representa a M\u00e9xico-, su operaci\u00f3n debiese ser evaluada.<\/span><br \/>\n<span style=\"font-size: 14pt;\">No deben otorgarse estas condecoraciones siguiendo el criterio subjetivo, emocional y a gusto del presidente en turno, sino a partir de un procedimiento iniciado por un comit\u00e9 que sopese los m\u00e9ritos del candidato y el impacto que su presencia tendr\u00e1 en la imagen internacional de nuestro pa\u00eds.<\/span><\/p>\n<p class=\"p1\"><span style=\"font-size: 14pt;\">Es necesario crear una estructura como la del Premio Nobel y la del \u201cPrincesa de Asturias\u201d, para garantizar que los pr\u00f3ximos galardonados respondan a una visi\u00f3n institucional y no a los gustos y compromisos del presidente en turno. <\/span><span style=\"font-size: 14pt;\">Es necesario darle a esta presea la importancia y significado que reviste.<\/span><\/p>\n<p>&nbsp;<\/p>\n<p class=\"p1\"><span style=\"font-size: 18pt; color: #139eca;\"><strong>LOS PRIVILEGIOS DEL CARGO<\/strong><\/span><\/p>\n<p class=\"p1\"><span style=\"font-size: 14pt;\">\u00bfPor qu\u00e9 raz\u00f3n la ministra de la SCJN, Yasm\u00edn Esquivel recurri\u00f3 a un amparo otorgado por una jueza para impedir que la UNAM diese a conocer cualquier resoluci\u00f3n respecto al posible plagio de su tesis de licenciatura? <\/span><span style=\"font-size: 14pt;\">\u00bfPor qu\u00e9 no enfrenta a las autoridades universitarias como lo har\u00eda cualquier ciudadano, sin el blindaje que le da el cargo?<\/span><\/p>\n<p class=\"p1\"><span style=\"font-size: 14pt;\">\u00bfNo conf\u00eda en las autoridades? Muy preocupante que una ministra constitucionalista no conf\u00ede en nuestro estado de derecho. \u00bfPor qu\u00e9 tendr\u00eda que creer en la justicia el ciudadano com\u00fan si una ministra tiene que ampararse contra las decisiones de las autoridades universitarias?<\/span><\/p>\n<p class=\"p1\"><span style=\"font-size: 14pt;\">Definitivamente, el uso de los privilegios del cargo, -con total impunidad-, sigue prevaleciendo en estos tiempos de la 4T.<\/span><\/p>\n<p>&nbsp;<\/p>\n<p class=\"p1\"><span style=\"font-size: 18pt;\"><strong><span style=\"color: #139eca;\">LEY CONTRA LAS INJURIAS A FUNCIONARIOS P\u00daBLICOS<\/span><\/strong><\/span><\/p>\n<p class=\"p1\"><span style=\"font-size: 14pt;\">La semana pasada el grupo parlamentario de Morena en la C\u00e1mara de Diputados intent\u00f3 modificar el monto de las multas por los llamados \u201cdelitos de imprenta\u201d, donde se castiga las injurias contra el presidente de la rep\u00fablica y muchas categor\u00edas de funcionarios p\u00fablicos.<\/span><\/p>\n<p class=\"p1\"><span style=\"font-size: 14pt;\">Es cierto que esto no procedi\u00f3. Sin embargo debemos preguntarnos \u00bfQui\u00e9n castiga las injurias que los actores pol\u00edticos etiquetan contra ciudadanos y organizaciones a quienes consideran adversarios?<\/span><\/p>\n<p class=\"p1\"><span style=\"font-size: 14pt;\">Quiz\u00e1 los ciudadanos no hemos sabido exigir a nuestros pol\u00edticos que se asuman como servidores p\u00fablicos y respeten a los que formamos parte de la sociedad civil. El respeto debe ser rec\u00edproco. <\/span><span style=\"font-size: 14pt;\">Desde las ma\u00f1aneras se emiten injurias e insultos que quedan impunes y no dejan de ser interpretadas como parte del folclor de esa conferencia de prensa presidida por el presidente.<\/span><\/p>\n<p class=\"p1\"><span style=\"font-size: 14pt;\">Por el significado de la investidura presidencial, una expresi\u00f3n que vulnere la honorabilidad o reputaci\u00f3n de persona, instituci\u00f3n e incluso gobierno extranjero, no representa una opini\u00f3n personal, -como la de cualquier periodista, l\u00edder de opini\u00f3n o ciudadano-, sino que es la del representante del Estado Mexicano y conlleva impl\u00edcito un ejercicio de poder que puede desencadenar en terceros, -sus seguidores-, acciones que pueden poner en riesgo la integridad f\u00edsica del injuriado.<\/span><\/p>\n<p class=\"p1\"><span style=\"font-size: 14pt;\">Por tanto, es necesario llevar este tema a la agenda p\u00fablica y darle la importancia que merece.<\/span><br \/>\n<span style=\"font-size: 14pt;\">Y por cierto, esta ley no se derog\u00f3 despu\u00e9s del esc\u00e1ndalo desatado; simplemente no se elevaron las multas, pero la censura y represi\u00f3n de la opini\u00f3n p\u00fablica, sigue vigente en nuestro marco jur\u00eddico, con los montos de las multas que hasta hoy est\u00e1n considerados. <\/span><span style=\"font-size: 14pt;\">Por agredir a la \u201clibertad de expresi\u00f3n\u201d, esta ley debe ser derogada.<\/span><\/p>\n<p>&nbsp;<\/p>\n<p class=\"p1\"><span style=\"font-size: 18pt;\"><strong>\u00bfA usted qu\u00e9 le parece?<\/strong><\/span><\/p>\n<p>&nbsp;<\/p>\n<hr \/>\n<p>&nbsp;<\/p>\n<p class=\"p1\"><span style=\"font-size: 18pt;\"><strong>Facebook:<a href=\"https:\/\/www.facebook.com\/Ricardo.Homs1\">@Ricardo.Homs1<\/a><\/strong><\/span><\/p>\n<p class=\"p1\"><span style=\"font-size: 18pt;\"><strong>Twitter:\u00a0<\/strong><a href=\"https:\/\/twitter.com\/homsricardo\"><strong>@homsricardo<\/strong><\/a><\/span><\/p>\n<p class=\"p1\"><span style=\"font-size: 18pt;\"><strong>Linkedin:\u00a0<a href=\"https:\/\/www.linkedin.com\/in\/ricardo-homs-3920449\/?originalSubdomain=mx\">RicardoHoms<\/a><\/strong><\/span><\/p>\n<p class=\"p1\"><span style=\"font-size: 18pt;\"><a href=\"https:\/\/ricardohoms.com\/\"><strong>www.ricardohoms.com<\/strong><\/a><\/span><\/p>\n<p>&nbsp;<\/p>\n<p><img data-recalc-dims=\"1\" loading=\"lazy\" decoding=\"async\" class=\"aligncenter wp-image-14351\" src=\"https:\/\/i0.wp.com\/politicosaldesnudo.com.mx\/wp-content\/uploads\/2023\/01\/FIRMA-EDITORIAL-PD-1024x125.png?resize=800%2C98&#038;ssl=1\" alt=\"\" width=\"800\" height=\"98\" srcset=\"https:\/\/i0.wp.com\/politicosaldesnudo.com.mx\/wp-content\/uploads\/2023\/01\/FIRMA-EDITORIAL-PD.png?resize=1024%2C125&amp;ssl=1 1024w, https:\/\/i0.wp.com\/politicosaldesnudo.com.mx\/wp-content\/uploads\/2023\/01\/FIRMA-EDITORIAL-PD.png?resize=300%2C37&amp;ssl=1 300w, https:\/\/i0.wp.com\/politicosaldesnudo.com.mx\/wp-content\/uploads\/2023\/01\/FIRMA-EDITORIAL-PD.png?resize=768%2C94&amp;ssl=1 768w, https:\/\/i0.wp.com\/politicosaldesnudo.com.mx\/wp-content\/uploads\/2023\/01\/FIRMA-EDITORIAL-PD.png?resize=1536%2C188&amp;ssl=1 1536w, https:\/\/i0.wp.com\/politicosaldesnudo.com.mx\/wp-content\/uploads\/2023\/01\/FIRMA-EDITORIAL-PD.png?resize=2048%2C250&amp;ssl=1 2048w, https:\/\/i0.wp.com\/politicosaldesnudo.com.mx\/wp-content\/uploads\/2023\/01\/FIRMA-EDITORIAL-PD.png?w=1600&amp;ssl=1 1600w, https:\/\/i0.wp.com\/politicosaldesnudo.com.mx\/wp-content\/uploads\/2023\/01\/FIRMA-EDITORIAL-PD.png?w=2400&amp;ssl=1 2400w\" sizes=\"auto, (max-width: 800px) 100vw, 800px\" \/><\/p>\n<p>&nbsp;<\/p>\n<p>&nbsp;<\/p>\n<p>&nbsp;<\/p>\n<p>&nbsp;<\/p>\n<p>&nbsp;<\/p>\n<p>&nbsp;<\/p>\n<p>&nbsp;<\/p>\n","protected":false},"excerpt":{"rendered":"<p>&nbsp; Por Ricardo Homs La entrega de la m\u00e1xima presea que el Estado Mexicano otorga a extranjeros, -por servicios a<\/p>\n","protected":false},"author":4,"featured_media":3778,"comment_status":"closed","ping_status":"closed","sticky":false,"template":"","format":"standard","meta":{"colormag_page_container_layout":"default_layout","colormag_page_sidebar_layout":"default_layout","_jetpack_memberships_contains_paid_content":false,"footnotes":"","jetpack_publicize_message":"","jetpack_publicize_feature_enabled":true,"jetpack_social_post_already_shared":false,"jetpack_social_options":{"image_generator_settings":{"template":"highway","default_image_id":0,"font":"","enabled":false},"version":2}},"categories":[1],"tags":[],"class_list":["post-16253","post","type-post","status-publish","format-standard","has-post-thumbnail","hentry","category-sin-categoria"],"jetpack_publicize_connections":[],"jetpack_featured_media_url":"https:\/\/i0.wp.com\/politicosaldesnudo.com.mx\/wp-content\/uploads\/2022\/04\/RICARDO-HOMS.png?fit=1816%2C1016&ssl=1","jetpack-related-posts":[],"jetpack_sharing_enabled":true,"_links":{"self":[{"href":"https:\/\/politicosaldesnudo.com.mx\/index.php\/wp-json\/wp\/v2\/posts\/16253","targetHints":{"allow":["GET"]}}],"collection":[{"href":"https:\/\/politicosaldesnudo.com.mx\/index.php\/wp-json\/wp\/v2\/posts"}],"about":[{"href":"https:\/\/politicosaldesnudo.com.mx\/index.php\/wp-json\/wp\/v2\/types\/post"}],"author":[{"embeddable":true,"href":"https:\/\/politicosaldesnudo.com.mx\/index.php\/wp-json\/wp\/v2\/users\/4"}],"replies":[{"embeddable":true,"href":"https:\/\/politicosaldesnudo.com.mx\/index.php\/wp-json\/wp\/v2\/comments?post=16253"}],"version-history":[{"count":0,"href":"https:\/\/politicosaldesnudo.com.mx\/index.php\/wp-json\/wp\/v2\/posts\/16253\/revisions"}],"wp:featuredmedia":[{"embeddable":true,"href":"https:\/\/politicosaldesnudo.com.mx\/index.php\/wp-json\/wp\/v2\/media\/3778"}],"wp:attachment":[{"href":"https:\/\/politicosaldesnudo.com.mx\/index.php\/wp-json\/wp\/v2\/media?parent=16253"}],"wp:term":[{"taxonomy":"category","embeddable":true,"href":"https:\/\/politicosaldesnudo.com.mx\/index.php\/wp-json\/wp\/v2\/categories?post=16253"},{"taxonomy":"post_tag","embeddable":true,"href":"https:\/\/politicosaldesnudo.com.mx\/index.php\/wp-json\/wp\/v2\/tags?post=16253"}],"curies":[{"name":"wp","href":"https:\/\/api.w.org\/{rel}","templated":true}]}}