{"id":16273,"date":"2023-02-20T01:46:09","date_gmt":"2023-02-20T07:46:09","guid":{"rendered":"https:\/\/politicosaldesnudo.com.mx\/?p=16273"},"modified":"2023-02-20T01:46:09","modified_gmt":"2023-02-20T07:46:09","slug":"con-que-autoridad-moral","status":"publish","type":"post","link":"https:\/\/politicosaldesnudo.com.mx\/index.php\/2023\/02\/20\/con-que-autoridad-moral\/","title":{"rendered":"\u00bfCon qu\u00e9 autoridad moral?"},"content":{"rendered":"<p class=\"p1\">\n<p>&nbsp;<\/p>\n<p class=\"p1\"><span style=\"font-size: 18pt;\"><b>Por Ricardo Homs<\/b><\/span><\/p>\n<p class=\"p1\"><span style=\"font-size: 14pt;\">\u00bfCon qu\u00e9 autoridad moral se puede calificar, -a nombre del Estado Mexicano-, de <span class=\"s1\">\u201c<\/span>gobierno espurio\u201d al actual gobierno de Per\u00fa, mientras se protege al dictador Daniel Ortega, que realiza en Nicaragua la represi\u00f3n m\u00e1s burda de toda Am\u00e9rica Latina?<\/span><\/p>\n<p class=\"p1\"><span style=\"font-size: 14pt;\">El cuestionamiento respecto a los 130 contratos entregados por este gobierno de la 4T al c\u00f3nsul de Nicaragua en Coahuila y Nuevo Le\u00f3n, mientras Ortega exilia a 222 opositores que estuvieron encarcelados durante un buen tiempo para evitar que participaran en las anteriores elecciones presidenciales de Nicaragua, nos debe llevar a la reflexi\u00f3n.<\/span><\/p>\n<p class=\"p1\"><span style=\"font-size: 14pt;\">Ortega retir\u00f3 la nacionalidad nicarag\u00fcense y expropi\u00f3 sus bienes a los 222 expatriados, incluidos los del expresidente sandinista y ex compa\u00f1ero de armas de Ortega, el escritor nicarag\u00fcense y espa\u00f1ol Sergio Ram\u00edrez, as\u00ed como a la escritora Gioconda Belli.<span class=\"Apple-converted-space\">\u00a0<\/span><\/span><\/p>\n<p class=\"p1\"><span style=\"font-size: 14pt;\">Ya se empieza a percibir una fractura en la visi\u00f3n de la izquierda en los gobiernos de Am\u00e9rica Latina con respecto a esta dictadura. No s\u00f3lo el presidente de Chile, Gabriel Boric, -de importante trayectoria en la izquierda de su pa\u00eds-, reproch\u00f3 a sus hom\u00f3logos y miembros del Foro de Sao Paulo, su complicidad frente a la represi\u00f3n realizada por Daniel Ortega.<\/span><\/p>\n<p class=\"p1\"><span style=\"font-size: 14pt;\">El mismo Lula, -con gran experiencia como gobernante de gran liderazgo, que encabeza al gobierno del pa\u00eds m\u00e1s grande de Am\u00e9rica Latina-, ha manifestado su desacuerdo con el sistema represivo de Ortega y su actitud antidemocr\u00e1tica, que exhibe su talante dictatorial.<\/span><\/p>\n<p class=\"p1\"><span style=\"font-size: 14pt;\">Quienes vienen de la lucha ideol\u00f3gica como Lula y Boric, empiezan a percibir los riesgos de solapar las actitudes antidemocr\u00e1ticas de sus hom\u00f3logos.<\/span><\/p>\n<p class=\"p1\"><span style=\"font-size: 14pt;\">Se empieza a hacer visible c\u00f3mo los ideales que originaron los movimientos de izquierda latinoamericana, -originalmente vestidos de humanismo-, terminan siendo traicionados bajo el influjo de la contaminaci\u00f3n y la seducci\u00f3n del poder. La fractura de lo que hasta ahora ha sido un solo bloque, parece inminente. Fern\u00e1ndez, -de Argentina- y Petro, -de Colombia-, que hoy se han mantenido al margen, -en la indefinici\u00f3n-, quiz\u00e1 en poco tiempo asuman la misma actitud de Boric y Lula.<\/span><\/p>\n<p class=\"p1\"><span style=\"font-size: 14pt;\">Hoy el presidente L\u00f3pez Obrador, -quien preside la Alianza del Pac\u00edfico-, y ha concluido su gesti\u00f3n al frente de este organismo, -debe hacer la entrega de su liderazgo a Per\u00fa, pa\u00eds a quien le corresponde presidirla desde enero-, pero se niega ante la solicitud de su hom\u00f3loga peruana Dina Boluarte, qui\u00e9n le solicita la titularidad de la Alianza del Pac\u00edfico. <span class=\"Apple-converted-space\">\u00a0<\/span><\/span><\/p>\n<p class=\"p1\"><span style=\"font-size: 14pt;\"><span class=\"s1\">\u201c<\/span>Yo no quiero entregar la presidencia a un gobierno que considero espurio, que decidan los miembros del grupo de R\u00edo\u2026Yo no quiero legitimar un golpe de Estado\u201d dijo nuestro presidente en una ma\u00f1anera.<span class=\"Apple-converted-space\">\u00a0<\/span><\/span><\/p>\n<p class=\"p1\"><span style=\"font-size: 14pt;\">Es notorio que las ideolog\u00edas hoy son simples etiquetas que esconden la ambici\u00f3n y la lucha por el poder, de los pol\u00edticos tradicionales.<\/span><\/p>\n<p class=\"p1\"><span style=\"font-size: 14pt;\">As\u00ed vemos que la legitimidad del modelo pol\u00edtico tradicional s\u00f3lo se sustenta en la normatividad jur\u00eddica y constitucional de cada pa\u00eds, pero ya no corresponde a las expectativas ciudadanas.<\/span><\/p>\n<p class=\"p1\"><span style=\"font-size: 14pt;\">Esta nueva sociedad que ha surgido a partir de la globalizaci\u00f3n y el influjo de las redes sociales, -que han empoderado a la ciudadan\u00eda-, exige cambios dr\u00e1sticos, o mas bien, un nuevo modelo m\u00e1s participativo y con responsabilidad social.<\/span><\/p>\n<p class=\"p1\"><span style=\"font-size: 14pt;\">Las nuevas dictaduras est\u00e1n llegando vestidas <span class=\"s1\">\u201c<\/span>de ovejas\u201d, argumentando una visi\u00f3n humanista que no es sincera, a trav\u00e9s de elecciones democr\u00e1ticas y luego traicionan al modelo electoral que les abri\u00f3 la puerta del poder.<\/span><\/p>\n<p class=\"p1\"><span style=\"font-size: 14pt;\">\u00bfC\u00f3mo se ha consolidado en el poder las tres dictaduras longevas de Am\u00e9rica Latina: Cuba, Venezuela y Nicaragua?&#8230; pues a trav\u00e9s de elecciones ama\u00f1adas.<\/span><\/p>\n<p class=\"p1\"><span style=\"font-size: 14pt;\">Es cierto que Cuba y Nicaragua nacieron de una revoluci\u00f3n que sustituy\u00f3 a una dictadura; la de Batista en Cuba y Somoza en Nicaragua, pero luego se consolidaron a trav\u00e9s de elecciones que legitimaron su gobierno y despu\u00e9s, controlaron los \u00f3rganos electorales para ganar de forma espuria las sucesivas elecciones y reelegirse. Igual que hicieron en Venezuela Ch\u00e1vez y Maduro.<\/span><\/p>\n<p class=\"p1\"><span style=\"font-size: 14pt;\">Despu\u00e9s sus gobernantes, -anteriormente dem\u00f3cratas-, muestran sus verdaderas intenciones cuando se apropian del control de las instituciones democr\u00e1ticas a trav\u00e9s de reformas a la Constituci\u00f3n de su pa\u00eds.<\/span><\/p>\n<p class=\"p1\"><span style=\"font-size: 14pt;\">Porfirio D\u00edaz, -el dictador mexicano-, se mantuvo en el poder despu\u00e9s de sucesivas elecciones que siempre gan\u00f3, porque control\u00f3 al \u00f3rgano electoral.<\/span><\/p>\n<p class=\"p1\"><span style=\"font-size: 14pt;\">Debemos aprender de la historia para que no nos suceda lo mismo.<\/span><\/p>\n<p>&nbsp;<\/p>\n<p class=\"p1\"><span style=\"font-size: 18pt;\"><strong>\u00bfA usted qu\u00e9 le parece?<\/strong><\/span><\/p>\n<p>&nbsp;<\/p>\n<hr \/>\n<p>&nbsp;<\/p>\n<p class=\"p1\"><span style=\"font-size: 18pt;\"><strong>Facebook:<a href=\"https:\/\/www.facebook.com\/Ricardo.Homs1\">@Ricardo.Homs1<\/a><\/strong><\/span><\/p>\n<p class=\"p1\"><span style=\"font-size: 18pt;\"><strong>Twitter:\u00a0<\/strong><a href=\"https:\/\/twitter.com\/homsricardo\"><strong>@homsricardo<\/strong><\/a><\/span><\/p>\n<p class=\"p1\"><span style=\"font-size: 18pt;\"><strong>Linkedin:\u00a0<a href=\"https:\/\/www.linkedin.com\/in\/ricardo-homs-3920449\/?originalSubdomain=mx\">RicardoHoms<\/a><\/strong><\/span><\/p>\n<p class=\"p1\"><span style=\"font-size: 18pt;\"><a href=\"https:\/\/ricardohoms.com\/\"><strong>www.ricardohoms.com<\/strong><\/a><\/span><\/p>\n<p>&nbsp;<\/p>\n<p><img data-recalc-dims=\"1\" loading=\"lazy\" decoding=\"async\" class=\"aligncenter wp-image-14351\" src=\"https:\/\/i0.wp.com\/politicosaldesnudo.com.mx\/wp-content\/uploads\/2023\/01\/FIRMA-EDITORIAL-PD-1024x125.png?resize=800%2C98&#038;ssl=1\" alt=\"\" width=\"800\" height=\"98\" srcset=\"https:\/\/i0.wp.com\/politicosaldesnudo.com.mx\/wp-content\/uploads\/2023\/01\/FIRMA-EDITORIAL-PD.png?resize=1024%2C125&amp;ssl=1 1024w, https:\/\/i0.wp.com\/politicosaldesnudo.com.mx\/wp-content\/uploads\/2023\/01\/FIRMA-EDITORIAL-PD.png?resize=300%2C37&amp;ssl=1 300w, https:\/\/i0.wp.com\/politicosaldesnudo.com.mx\/wp-content\/uploads\/2023\/01\/FIRMA-EDITORIAL-PD.png?resize=768%2C94&amp;ssl=1 768w, https:\/\/i0.wp.com\/politicosaldesnudo.com.mx\/wp-content\/uploads\/2023\/01\/FIRMA-EDITORIAL-PD.png?resize=1536%2C188&amp;ssl=1 1536w, https:\/\/i0.wp.com\/politicosaldesnudo.com.mx\/wp-content\/uploads\/2023\/01\/FIRMA-EDITORIAL-PD.png?resize=2048%2C250&amp;ssl=1 2048w, https:\/\/i0.wp.com\/politicosaldesnudo.com.mx\/wp-content\/uploads\/2023\/01\/FIRMA-EDITORIAL-PD.png?w=1600&amp;ssl=1 1600w, https:\/\/i0.wp.com\/politicosaldesnudo.com.mx\/wp-content\/uploads\/2023\/01\/FIRMA-EDITORIAL-PD.png?w=2400&amp;ssl=1 2400w\" sizes=\"auto, (max-width: 800px) 100vw, 800px\" \/><\/p>\n<p>&nbsp;<\/p>\n<p>&nbsp;<\/p>\n<p>&nbsp;<\/p>\n<p>&nbsp;<\/p>\n<p>&nbsp;<\/p>\n<p>&nbsp;<\/p>\n<p>&nbsp;<\/p>\n","protected":false},"excerpt":{"rendered":"<p>&nbsp; Por Ricardo Homs \u00bfCon qu\u00e9 autoridad moral se puede calificar, -a nombre del Estado Mexicano-, de \u201cgobierno espurio\u201d al<\/p>\n","protected":false},"author":4,"featured_media":3778,"comment_status":"closed","ping_status":"closed","sticky":false,"template":"","format":"standard","meta":{"colormag_page_container_layout":"default_layout","colormag_page_sidebar_layout":"default_layout","_jetpack_memberships_contains_paid_content":false,"footnotes":"","jetpack_publicize_message":"","jetpack_publicize_feature_enabled":true,"jetpack_social_post_already_shared":false,"jetpack_social_options":{"image_generator_settings":{"template":"highway","default_image_id":0,"font":"","enabled":false},"version":2}},"categories":[26],"tags":[],"class_list":["post-16273","post","type-post","status-publish","format-standard","has-post-thumbnail","hentry","category-columnistas"],"jetpack_publicize_connections":[],"jetpack_featured_media_url":"https:\/\/i0.wp.com\/politicosaldesnudo.com.mx\/wp-content\/uploads\/2022\/04\/RICARDO-HOMS.png?fit=1816%2C1016&ssl=1","jetpack-related-posts":[],"jetpack_sharing_enabled":true,"_links":{"self":[{"href":"https:\/\/politicosaldesnudo.com.mx\/index.php\/wp-json\/wp\/v2\/posts\/16273","targetHints":{"allow":["GET"]}}],"collection":[{"href":"https:\/\/politicosaldesnudo.com.mx\/index.php\/wp-json\/wp\/v2\/posts"}],"about":[{"href":"https:\/\/politicosaldesnudo.com.mx\/index.php\/wp-json\/wp\/v2\/types\/post"}],"author":[{"embeddable":true,"href":"https:\/\/politicosaldesnudo.com.mx\/index.php\/wp-json\/wp\/v2\/users\/4"}],"replies":[{"embeddable":true,"href":"https:\/\/politicosaldesnudo.com.mx\/index.php\/wp-json\/wp\/v2\/comments?post=16273"}],"version-history":[{"count":0,"href":"https:\/\/politicosaldesnudo.com.mx\/index.php\/wp-json\/wp\/v2\/posts\/16273\/revisions"}],"wp:featuredmedia":[{"embeddable":true,"href":"https:\/\/politicosaldesnudo.com.mx\/index.php\/wp-json\/wp\/v2\/media\/3778"}],"wp:attachment":[{"href":"https:\/\/politicosaldesnudo.com.mx\/index.php\/wp-json\/wp\/v2\/media?parent=16273"}],"wp:term":[{"taxonomy":"category","embeddable":true,"href":"https:\/\/politicosaldesnudo.com.mx\/index.php\/wp-json\/wp\/v2\/categories?post=16273"},{"taxonomy":"post_tag","embeddable":true,"href":"https:\/\/politicosaldesnudo.com.mx\/index.php\/wp-json\/wp\/v2\/tags?post=16273"}],"curies":[{"name":"wp","href":"https:\/\/api.w.org\/{rel}","templated":true}]}}