{"id":16277,"date":"2023-02-20T01:54:12","date_gmt":"2023-02-20T07:54:12","guid":{"rendered":"https:\/\/politicosaldesnudo.com.mx\/?p=16277"},"modified":"2023-02-20T01:54:12","modified_gmt":"2023-02-20T07:54:12","slug":"expectacion-por-veredicto-del-juicio-del-siglo-a-garcia-luna","status":"publish","type":"post","link":"https:\/\/politicosaldesnudo.com.mx\/index.php\/2023\/02\/20\/expectacion-por-veredicto-del-juicio-del-siglo-a-garcia-luna\/","title":{"rendered":"Expectaci\u00f3n por veredicto del juicio del siglo a Garc\u00eda Luna"},"content":{"rendered":"<p class=\"p1\">\n<p>&nbsp;<\/p>\n<p class=\"p1\"><span style=\"font-size: 18pt;\"><b>Por Ra\u00fal L\u00f3pez G\u00f3mez<\/b><\/span><\/p>\n<p class=\"p1\"><span style=\"font-size: 14pt;\">En el juicio del siglo que enfrenta Genaro Garc\u00eda Luna, quedan los aprendizajes de toda una \u00e9poca de excesos y los abusos de poder en contra de la gente.<\/span><\/p>\n<p class=\"p1\"><span style=\"font-size: 14pt;\">Excesos constituidos desde la permisividad oficial a todo lo que en aquella \u00e9poca se daba con el entonces presidente Felipe Calder\u00f3n.<\/span><\/p>\n<p class=\"p1\"><span style=\"font-size: 14pt;\">Y que fue documentado, pero nunca se hizo caso a las quejas y llamadas de atenci\u00f3n que incluso contaron con el benepl\u00e1cito del gobierno en turno en el vecino pa\u00eds del norte.<\/span><\/p>\n<p class=\"p1\"><span style=\"font-size: 14pt;\">Se trata de una deliberaci\u00f3n incierta, a la que nadie se atreve a adelantar juicios al resultado del veredicto, que se puede dar este lunes por parte del jurado de los 12 elementos seleccionados escrupulosamente por la justicia en EU.<\/span><\/p>\n<p class=\"p1\"><span style=\"font-size: 14pt;\">Lo cierto, es que el juicio a Garc\u00eda Luna, quedar\u00e1 para la historia y como un precedente de que la justicia alcanza a un ex funcionario del m\u00e1s alto rango del gobierno mexicano.<\/span><\/p>\n<p class=\"p1\"><span style=\"font-size: 14pt;\">De lo documentado se recuerdan aquellas informaciones ofrecidas a Felipe Calder\u00f3n, por parte de los mandos inconformes con el accionar del entonces poderoso secretario de seguridad p\u00fablica en aquel mandato famoso por los da\u00f1os colaterales.<\/span><\/p>\n<p class=\"p1\"><span style=\"font-size: 14pt;\">El personaje que ocup\u00f3 m\u00e1s de veinte a\u00f1os el servicio p\u00fablico de la informaci\u00f3n y la seguridad en lo que abarc\u00f3 cuatro mandatos desde Salinas, Fox, Calder\u00f3n y Pe\u00f1a Nieto, por lo que acumul\u00f3 cuantiosa fortuna como funcionario, y luego como empresario asesor de servicios de espionaje.<\/span><\/p>\n<p class=\"p1\"><span style=\"font-size: 14pt;\">Los enfrentamientos entre el propio personal de la dependencia en el aeropuerto internacional de la ciudad de M\u00e9xico.<\/span><\/p>\n<p class=\"p1\"><span style=\"font-size: 14pt;\">Y todas las aportaciones que mediante libros y reportajes daban cuenta del alcance del personaje poderoso desde los tiempos salinistas y que culmin\u00f3 como m\u00e1ximo jefe policiaco y con una inmensa fortuna formada al amparo del poder y que supera a la imaginaci\u00f3n en los tiempos de <span class=\"s1\">\u201c<\/span>Felipe el oscuro\u201d, los C\u00f3mplices del Presidente, Los problema nacionales durante el gobierno de Felipe Calder\u00f3n, otros m\u00e1s que registraban los sucesos de esa \u00e9poca.<\/span><\/p>\n<p class=\"p1\"><span style=\"font-size: 14pt;\">Los datos col\u00e9ricos, estridentes de esquizofrenia de Gerardo Fern\u00e1ndez Noro\u00f1a, en contra de Garc\u00eda Luna, nunca fueron escuchados c\u00f3mo el \u00fanico diputado de oposici\u00f3n, que se atrevi\u00f3 a denunciar los abusos de poder del secretario de seguridad p\u00fablica en sus comparecencias<span class=\"Apple-converted-space\">\u00a0<\/span><\/span><\/p>\n<p class=\"p1\"><span style=\"font-size: 14pt;\">GGL, cont\u00f3 siempre con el terso cobijo y benepl\u00e1cito de un sistema al que en poco tiempo se vio fenecer con el tsunami de Andr\u00e9s Manuel L\u00f3pez Obrador aqu\u00e9l 2 de julio de 2018.<\/span><\/p>\n<p class=\"p1\"><span style=\"font-size: 14pt;\">La historia queda para juzgar el pasado, hoy en el presente la soberbia y prepotencia del otrora hombre fuerte de Felipe Calder\u00f3n, se encuentra en la silla como acusado ante la justicia en Estados Unidos esperando seguir con mucha suerte.<\/span><\/p>\n<p class=\"p1\"><span style=\"font-size: 14pt;\">Garc\u00eda Luna, fue el colaborador estrella del gobierno en m\u00e1s de<span class=\"Apple-converted-space\">\u00a0 <\/span>18 a\u00f1os al emular a Edgar Hoover en EU, con el uso de la informaci\u00f3n a su disposici\u00f3n.<\/span><\/p>\n<p class=\"p1\"><span style=\"font-size: 14pt;\">Y fue tanto su poder, en que hasta ten\u00eda un sitio de distinci\u00f3n en el lugar construido ex profeso en la residencia oficial para celebrar triunfos y los sue\u00f1os cumplidos en aquel mandato<span class=\"Apple-converted-space\">\u00a0 <\/span>del hijo desobediente, que desafi\u00f3 a propios y extra\u00f1os, afectando a todo un partido, y a la misma democracia que comienza a resurgir de las cenizas como Ave F\u00e9nix. As\u00ed las cosas.<\/span><\/p>\n<p>&nbsp;<\/p>\n<hr \/>\n<p>&nbsp;<\/p>\n<p><img data-recalc-dims=\"1\" loading=\"lazy\" decoding=\"async\" class=\"aligncenter wp-image-14351\" src=\"https:\/\/i0.wp.com\/politicosaldesnudo.com.mx\/wp-content\/uploads\/2023\/01\/FIRMA-EDITORIAL-PD-1024x125.png?resize=800%2C98&#038;ssl=1\" alt=\"\" width=\"800\" height=\"98\" srcset=\"https:\/\/i0.wp.com\/politicosaldesnudo.com.mx\/wp-content\/uploads\/2023\/01\/FIRMA-EDITORIAL-PD.png?resize=1024%2C125&amp;ssl=1 1024w, https:\/\/i0.wp.com\/politicosaldesnudo.com.mx\/wp-content\/uploads\/2023\/01\/FIRMA-EDITORIAL-PD.png?resize=300%2C37&amp;ssl=1 300w, https:\/\/i0.wp.com\/politicosaldesnudo.com.mx\/wp-content\/uploads\/2023\/01\/FIRMA-EDITORIAL-PD.png?resize=768%2C94&amp;ssl=1 768w, https:\/\/i0.wp.com\/politicosaldesnudo.com.mx\/wp-content\/uploads\/2023\/01\/FIRMA-EDITORIAL-PD.png?resize=1536%2C188&amp;ssl=1 1536w, https:\/\/i0.wp.com\/politicosaldesnudo.com.mx\/wp-content\/uploads\/2023\/01\/FIRMA-EDITORIAL-PD.png?resize=2048%2C250&amp;ssl=1 2048w, https:\/\/i0.wp.com\/politicosaldesnudo.com.mx\/wp-content\/uploads\/2023\/01\/FIRMA-EDITORIAL-PD.png?w=1600&amp;ssl=1 1600w, https:\/\/i0.wp.com\/politicosaldesnudo.com.mx\/wp-content\/uploads\/2023\/01\/FIRMA-EDITORIAL-PD.png?w=2400&amp;ssl=1 2400w\" sizes=\"auto, (max-width: 800px) 100vw, 800px\" \/><\/p>\n<p>&nbsp;<\/p>\n<p>&nbsp;<\/p>\n<p>&nbsp;<\/p>\n<p>&nbsp;<\/p>\n","protected":false},"excerpt":{"rendered":"<p>&nbsp; Por Ra\u00fal L\u00f3pez G\u00f3mez En el juicio del siglo que enfrenta Genaro Garc\u00eda Luna, quedan los aprendizajes de toda<\/p>\n","protected":false},"author":4,"featured_media":4378,"comment_status":"closed","ping_status":"closed","sticky":false,"template":"","format":"standard","meta":{"colormag_page_container_layout":"default_layout","colormag_page_sidebar_layout":"default_layout","_jetpack_memberships_contains_paid_content":false,"footnotes":"","jetpack_publicize_message":"","jetpack_publicize_feature_enabled":true,"jetpack_social_post_already_shared":false,"jetpack_social_options":{"image_generator_settings":{"template":"highway","default_image_id":0,"font":"","enabled":false},"version":2}},"categories":[26],"tags":[],"class_list":["post-16277","post","type-post","status-publish","format-standard","has-post-thumbnail","hentry","category-columnistas"],"jetpack_publicize_connections":[],"jetpack_featured_media_url":"https:\/\/i0.wp.com\/politicosaldesnudo.com.mx\/wp-content\/uploads\/2022\/04\/RAU%CC%81L-LO%CC%81PEZ-GO%CC%81MEZ.png?fit=1816%2C1016&ssl=1","jetpack-related-posts":[],"jetpack_sharing_enabled":true,"_links":{"self":[{"href":"https:\/\/politicosaldesnudo.com.mx\/index.php\/wp-json\/wp\/v2\/posts\/16277","targetHints":{"allow":["GET"]}}],"collection":[{"href":"https:\/\/politicosaldesnudo.com.mx\/index.php\/wp-json\/wp\/v2\/posts"}],"about":[{"href":"https:\/\/politicosaldesnudo.com.mx\/index.php\/wp-json\/wp\/v2\/types\/post"}],"author":[{"embeddable":true,"href":"https:\/\/politicosaldesnudo.com.mx\/index.php\/wp-json\/wp\/v2\/users\/4"}],"replies":[{"embeddable":true,"href":"https:\/\/politicosaldesnudo.com.mx\/index.php\/wp-json\/wp\/v2\/comments?post=16277"}],"version-history":[{"count":0,"href":"https:\/\/politicosaldesnudo.com.mx\/index.php\/wp-json\/wp\/v2\/posts\/16277\/revisions"}],"wp:featuredmedia":[{"embeddable":true,"href":"https:\/\/politicosaldesnudo.com.mx\/index.php\/wp-json\/wp\/v2\/media\/4378"}],"wp:attachment":[{"href":"https:\/\/politicosaldesnudo.com.mx\/index.php\/wp-json\/wp\/v2\/media?parent=16277"}],"wp:term":[{"taxonomy":"category","embeddable":true,"href":"https:\/\/politicosaldesnudo.com.mx\/index.php\/wp-json\/wp\/v2\/categories?post=16277"},{"taxonomy":"post_tag","embeddable":true,"href":"https:\/\/politicosaldesnudo.com.mx\/index.php\/wp-json\/wp\/v2\/tags?post=16277"}],"curies":[{"name":"wp","href":"https:\/\/api.w.org\/{rel}","templated":true}]}}