{"id":16317,"date":"2023-02-20T02:25:32","date_gmt":"2023-02-20T08:25:32","guid":{"rendered":"https:\/\/politicosaldesnudo.com.mx\/?p=16317"},"modified":"2023-02-20T09:42:14","modified_gmt":"2023-02-20T15:42:14","slug":"clero-politico-impune","status":"publish","type":"post","link":"https:\/\/politicosaldesnudo.com.mx\/index.php\/2023\/02\/20\/clero-politico-impune\/","title":{"rendered":"Clero pol\u00edtico impune"},"content":{"rendered":"<p>&nbsp;<\/p>\n<p class=\"p1\"><span style=\"font-size: 18pt;\"><strong>Por Jos\u00e9 P\u00e1ramo Castro<\/strong><\/span><\/p>\n<p class=\"p1\"><span style=\"font-size: 18pt;\"><strong>Sorpresivo inter\u00e9s del clero por el destino de las leyes electorales, porque anteriormente si bien sal\u00edan de la normatividad que los rige realizando proselitismo partidista desde el p\u00falpito, las leyes que regulan los comicios los manten\u00edan callados y al margen de dichas reformas. El silencio ha sido roto por los cl\u00e9rigos cat\u00f3licos y ahora se pronuncian abiertamente contra el Plan B de la reforma electoral, desde la Conferencia del Episcopado Mexicano.<\/strong><\/span><\/p>\n<p class=\"p1\"><span style=\"font-size: 14pt;\">Los obispos de M\u00e9xico expresamos nuestra preocupaci\u00f3n por diversos se\u00f1alamientos que se han hecho sobre\u00a0irregularidades\u00a0en el proceso legislativo y sobre el contenido de\u00a0modificaciones\u00a0a diversas leyes electorales\u201d, expres\u00f3 el secretario general de la CEM, Ram\u00f3n Castro, quien es, a su vez, obispo de Cuernavaca.<\/span><\/p>\n<p class=\"p1\"><span style=\"font-size: 14pt;\">En una posici\u00f3n muy clara establece que los principios que son la base de las tareas del INE no deben ser vulnerados; sin embargo, dan por asentado que, hasta la fecha, se han respetado los\u00a0principios constitucionales\u00a0de certeza, legalidad, independencia, imparcialidad y objetividad del sistema electoral.<\/span><\/p>\n<p class=\"p1\"><span style=\"font-size: 18pt;\"><strong>Nadie, como en esta camada de consejeros electorales, esos principios han sido violentados en el discurso y en los hechos, a grado tal que merecieran una sanci\u00f3n si hubiera en M\u00e9xico un sistema judicial apegado a derecho, pero los ministros, jueces y magistrados pertenecen a la misma burocracia dorada que se amparan con el grupo para evitar ganar menos salario que el Presidente de la Rep\u00fablica.<\/strong><\/span><\/p>\n<p class=\"p1\"><span style=\"font-size: 18pt; color: #139eca;\"><strong>Esta uni\u00f3n perversa crea condiciones desfavorables para el desarrollo de una democracia real; sin embargo, el clero m\u00e1s cargado a la derecha como es el que est\u00e1 afiliado a la Conferencia del Episcopado Mexicano, considera que hasta el momento se han respetado estos derechos que uno por uno han sido agredidos por los actuales consejeros electorales cada vez que tienen oportunidad.<\/strong><\/span><\/p>\n<p class=\"p1\"><span style=\"font-size: 18pt;\"><strong>El Art\u00edculo 14 de la Ley de Asociaciones Religiosas indica que los ministros de cultos no podr\u00e1n asociarse con fines pol\u00edticos, ni realizar proselitismo a favor de un candidato o partido pol\u00edtico, de lo contrario se har\u00e1n acreedores a una sanci\u00f3n. Adem\u00e1s, no pueden oponerse a las leyes, a sus instituciones, ni agraviar los s\u00edmbolos patrios.<\/strong><\/span><\/p>\n<p>&nbsp;<\/p>\n<p><img data-recalc-dims=\"1\" loading=\"lazy\" decoding=\"async\" class=\"aligncenter wp-image-16318 size-large\" src=\"https:\/\/i0.wp.com\/politicosaldesnudo.com.mx\/wp-content\/uploads\/2023\/02\/P-AMLO-CLERO-1024x573.png?resize=800%2C448&#038;ssl=1\" alt=\"\" width=\"800\" height=\"448\" srcset=\"https:\/\/i0.wp.com\/politicosaldesnudo.com.mx\/wp-content\/uploads\/2023\/02\/P-AMLO-CLERO.png?resize=1024%2C573&amp;ssl=1 1024w, https:\/\/i0.wp.com\/politicosaldesnudo.com.mx\/wp-content\/uploads\/2023\/02\/P-AMLO-CLERO.png?resize=300%2C168&amp;ssl=1 300w, https:\/\/i0.wp.com\/politicosaldesnudo.com.mx\/wp-content\/uploads\/2023\/02\/P-AMLO-CLERO.png?resize=768%2C430&amp;ssl=1 768w, https:\/\/i0.wp.com\/politicosaldesnudo.com.mx\/wp-content\/uploads\/2023\/02\/P-AMLO-CLERO.png?resize=1536%2C859&amp;ssl=1 1536w, https:\/\/i0.wp.com\/politicosaldesnudo.com.mx\/wp-content\/uploads\/2023\/02\/P-AMLO-CLERO.png?w=1816&amp;ssl=1 1816w\" sizes=\"auto, (max-width: 800px) 100vw, 800px\" \/><\/p>\n<p>&nbsp;<\/p>\n<p class=\"p1\"><span style=\"font-size: 14pt;\">Saben que en el momento crucial de la actual administraci\u00f3n pueden tener la libertad total de violentar las normas que les rigen. De hecho, se ven en la obligaci\u00f3n de realizar declaraciones y acciones de libertinaje, porque saben que cualquier frase que cuestione su conducta, de inmediato la derecha tratar\u00e1 de asociarla con lo sucedido en Nicaragua con los sacerdotes expulsados de su pa\u00eds o encarcelados, quienes tambi\u00e9n llegaron a extremos que violaron las leyes que deben conducirlos en sociedad y como todo delincuente, merece castigo.<\/span><\/p>\n<p class=\"p1\"><span style=\"font-size: 18pt;\"><strong>Aunque su reino no sea de este mundo los sacerdotes cat\u00f3licos consideran que pueden hacer lo que les venga en gana y esta andanada de aparentes \u201cpreocupaciones\u201d, no es m\u00e1s que parte de un proceso golpista para descarrilar la Cuarta Transformaci\u00f3n.<\/strong><\/span><\/p>\n<p class=\"p1\"><span style=\"font-size: 14pt;\">Resulta imposible entender la mec\u00e1nica mental de la derecha que al ver que los sacerdotes violan las leyes, al entrometerse en asuntos pol\u00edticos, atribuci\u00f3n restringida que es castigada con penal corporal desde hace muchos a\u00f1os, sea considerado como un acto de represi\u00f3n y de extremo autoritarismo.<\/span><\/p>\n<p class=\"p1\"><span style=\"font-size: 14pt;\">Lo cierto es que violan las leyes, y en \u00e9stas se asienta que los sacerdotes que realicen proselitismo pol\u00edtico deber\u00e1n ser castigados de manera ejemplar, porque la represi\u00f3n es simplemente un adjetivo que disfraza medi\u00e1ticamente la aplicaci\u00f3n de la ley.<\/span><\/p>\n<p class=\"p1\"><span style=\"font-size: 18pt; color: #139eca;\"><strong>El hecho de ser sacerdotes no los exime de hacer lo que se les pega la gana, ya han gozado de fuero e impunidad hist\u00f3ricamente a partir de su delito favorito que es la pederastia, que no se castiga ni siquiera al 10 por ciento de los violadores de ni\u00f1as y ni\u00f1os en el mundo cat\u00f3lico.<\/strong><\/span><\/p>\n<p class=\"p1\"><span style=\"font-size: 14pt;\">Los delitos de los sacerdotes cat\u00f3licos no pueden quedar en la impunidad en nombre de una supuesta represi\u00f3n. En una reacci\u00f3n propia de la ultraderecha se disfrazan de v\u00edctimas siendo infractores.<\/span><\/p>\n<p class=\"p1\"><span style=\"font-size: 18pt;\"><strong>Las leyes que no crearon los reg\u00edmenes actuales progresistas, sino las m\u00e1s rancias oligarqu\u00edas burocr\u00e1ticas de M\u00e9xico, est\u00e1n escritas desde hace muchos a\u00f1os. No es posible que ahora esas leyes sean borradas en su pr\u00e1ctica por el simple hecho de no parecer autoritario ante una flagrante violaci\u00f3n a las leyes.<\/strong><\/span><\/p>\n<p>&nbsp;<\/p>\n<hr \/>\n<p>&nbsp;<\/p>\n<p><img data-recalc-dims=\"1\" loading=\"lazy\" decoding=\"async\" class=\"wp-image-14351 aligncenter\" src=\"https:\/\/i0.wp.com\/politicosaldesnudo.com.mx\/wp-content\/uploads\/2023\/01\/FIRMA-EDITORIAL-PD-300x37.png?resize=1000%2C122&#038;ssl=1\" alt=\"\" width=\"1000\" height=\"122\" srcset=\"https:\/\/i0.wp.com\/politicosaldesnudo.com.mx\/wp-content\/uploads\/2023\/01\/FIRMA-EDITORIAL-PD.png?resize=300%2C37&amp;ssl=1 300w, https:\/\/i0.wp.com\/politicosaldesnudo.com.mx\/wp-content\/uploads\/2023\/01\/FIRMA-EDITORIAL-PD.png?resize=1024%2C125&amp;ssl=1 1024w, https:\/\/i0.wp.com\/politicosaldesnudo.com.mx\/wp-content\/uploads\/2023\/01\/FIRMA-EDITORIAL-PD.png?resize=768%2C94&amp;ssl=1 768w, https:\/\/i0.wp.com\/politicosaldesnudo.com.mx\/wp-content\/uploads\/2023\/01\/FIRMA-EDITORIAL-PD.png?resize=1536%2C188&amp;ssl=1 1536w, https:\/\/i0.wp.com\/politicosaldesnudo.com.mx\/wp-content\/uploads\/2023\/01\/FIRMA-EDITORIAL-PD.png?resize=2048%2C250&amp;ssl=1 2048w\" sizes=\"auto, (max-width: 1000px) 100vw, 1000px\" \/><\/p>\n<p>&nbsp;<\/p>\n<p>&nbsp;<\/p>\n<p>&nbsp;<\/p>\n<p>&nbsp;<\/p>\n","protected":false},"excerpt":{"rendered":"<p>&nbsp; Por Jos\u00e9 P\u00e1ramo Castro Sorpresivo inter\u00e9s del clero por el destino de las leyes electorales, porque anteriormente si bien [&hellip;]<\/p>\n","protected":false},"author":4,"featured_media":4387,"comment_status":"closed","ping_status":"closed","sticky":false,"template":"","format":"standard","meta":{"site-sidebar-layout":"default","site-content-layout":"","ast-site-content-layout":"default","site-content-style":"default","site-sidebar-style":"default","ast-global-header-display":"","ast-banner-title-visibility":"","ast-main-header-display":"","ast-hfb-above-header-display":"","ast-hfb-below-header-display":"","ast-hfb-mobile-header-display":"","site-post-title":"","ast-breadcrumbs-content":"","ast-featured-img":"","footer-sml-layout":"","ast-disable-related-posts":"","theme-transparent-header-meta":"","adv-header-id-meta":"","stick-header-meta":"","header-above-stick-meta":"","header-main-stick-meta":"","header-below-stick-meta":"","astra-migrate-meta-layouts":"default","ast-page-background-enabled":"default","ast-page-background-meta":{"desktop":{"background-color":"var(--ast-global-color-5)","background-image":"","background-repeat":"repeat","background-position":"center center","background-size":"auto","background-attachment":"scroll","background-type":"","background-media":"","overlay-type":"","overlay-color":"","overlay-opacity":"","overlay-gradient":""},"tablet":{"background-color":"","background-image":"","background-repeat":"repeat","background-position":"center center","background-size":"auto","background-attachment":"scroll","background-type":"","background-media":"","overlay-type":"","overlay-color":"","overlay-opacity":"","overlay-gradient":""},"mobile":{"background-color":"","background-image":"","background-repeat":"repeat","background-position":"center center","background-size":"auto","background-attachment":"scroll","background-type":"","background-media":"","overlay-type":"","overlay-color":"","overlay-opacity":"","overlay-gradient":""}},"ast-content-background-meta":{"desktop":{"background-color":"var(--ast-global-color-4)","background-image":"","background-repeat":"repeat","background-position":"center center","background-size":"auto","background-attachment":"scroll","background-type":"","background-media":"","overlay-type":"","overlay-color":"","overlay-opacity":"","overlay-gradient":""},"tablet":{"background-color":"var(--ast-global-color-4)","background-image":"","background-repeat":"repeat","background-position":"center center","background-size":"auto","background-attachment":"scroll","background-type":"","background-media":"","overlay-type":"","overlay-color":"","overlay-opacity":"","overlay-gradient":""},"mobile":{"background-color":"var(--ast-global-color-4)","background-image":"","background-repeat":"repeat","background-position":"center center","background-size":"auto","background-attachment":"scroll","background-type":"","background-media":"","overlay-type":"","overlay-color":"","overlay-opacity":"","overlay-gradient":""}},"_jetpack_newsletter_access":"","_jetpack_dont_email_post_to_subs":false,"_jetpack_newsletter_tier_id":0,"_jetpack_memberships_contains_paywalled_content":false,"_jetpack_feature_clip_id":0,"_jetpack_memberships_contains_paid_content":false,"footnotes":"","jetpack_publicize_message":"","jetpack_publicize_feature_enabled":true,"jetpack_social_post_already_shared":false,"jetpack_social_options":{"image_generator_settings":{"template":"highway","default_image_id":0,"font":"","enabled":false},"version":2},"jetpack_post_was_ever_published":false},"categories":[26],"tags":[95,2265,142,2167,2266],"class_list":["post-16317","post","type-post","status-publish","format-standard","has-post-thumbnail","hentry","category-columnistas","tag-andres-manuel-lopez-obrador","tag-conferencia-del-episcopado-mexicano","tag-cuarta-transformacion","tag-plan-b","tag-ramon-castro"],"yoast_head":"<!-- This site is optimized with the Yoast SEO plugin v28.3 - https:\/\/yoast.com\/product\/yoast-seo-wordpress\/ -->\n<title>Clero pol\u00edtico impune - Pol\u00edticos al Desnudo<\/title>\n<meta name=\"robots\" content=\"index, follow, max-snippet:-1, max-image-preview:large, max-video-preview:-1\" \/>\n<link rel=\"canonical\" href=\"https:\/\/politicosaldesnudo.com.mx\/index.php\/2023\/02\/20\/clero-politico-impune\/\" \/>\n<meta property=\"og:locale\" content=\"es_ES\" \/>\n<meta property=\"og:type\" content=\"article\" \/>\n<meta property=\"og:title\" content=\"Clero pol\u00edtico impune - Pol\u00edticos al Desnudo\" \/>\n<meta property=\"og:description\" content=\"&nbsp; Por Jos\u00e9 P\u00e1ramo Castro Sorpresivo inter\u00e9s del clero por el destino de las leyes electorales, porque anteriormente si bien [&hellip;]\" \/>\n<meta property=\"og:url\" content=\"https:\/\/politicosaldesnudo.com.mx\/index.php\/2023\/02\/20\/clero-politico-impune\/\" \/>\n<meta property=\"og:site_name\" content=\"Pol\u00edticos al Desnudo\" \/>\n<meta property=\"article:publisher\" content=\"https:\/\/www.facebook.com\/PoliticosAD\" \/>\n<meta property=\"article:published_time\" content=\"2023-02-20T08:25:32+00:00\" \/>\n<meta property=\"article:modified_time\" content=\"2023-02-20T15:42:14+00:00\" \/>\n<meta property=\"og:image\" content=\"https:\/\/i0.wp.com\/politicosaldesnudo.com.mx\/wp-content\/uploads\/2022\/04\/JOSE%CC%81-PA%CC%81RAMO-CASTRO.png?fit=1816%2C1016&ssl=1\" \/>\n\t<meta property=\"og:image:width\" content=\"1816\" \/>\n\t<meta property=\"og:image:height\" content=\"1016\" \/>\n\t<meta property=\"og:image:type\" content=\"image\/png\" \/>\n<meta name=\"author\" content=\"Redacci\u00f3n Pol\u00edticos\" \/>\n<meta name=\"twitter:card\" content=\"summary_large_image\" \/>\n<meta name=\"twitter:label1\" content=\"Escrito por\" \/>\n\t<meta name=\"twitter:data1\" content=\"Redacci\u00f3n Pol\u00edticos\" \/>\n\t<meta name=\"twitter:label2\" content=\"Tiempo de lectura\" \/>\n\t<meta name=\"twitter:data2\" content=\"4 minutos\" \/>\n<script type=\"application\/ld+json\" class=\"yoast-schema-graph\">{\"@context\":\"https:\\\/\\\/schema.org\",\"@graph\":[{\"@type\":\"Article\",\"@id\":\"https:\\\/\\\/politicosaldesnudo.com.mx\\\/index.php\\\/2023\\\/02\\\/20\\\/clero-politico-impune\\\/#article\",\"isPartOf\":{\"@id\":\"https:\\\/\\\/politicosaldesnudo.com.mx\\\/index.php\\\/2023\\\/02\\\/20\\\/clero-politico-impune\\\/\"},\"author\":{\"name\":\"Redacci\u00f3n Pol\u00edticos\",\"@id\":\"https:\\\/\\\/politicosaldesnudo.com.mx\\\/#\\\/schema\\\/person\\\/ef3a64e561cc3f3f5dc52fab81adde7e\"},\"headline\":\"Clero pol\u00edtico impune\",\"datePublished\":\"2023-02-20T08:25:32+00:00\",\"dateModified\":\"2023-02-20T15:42:14+00:00\",\"mainEntityOfPage\":{\"@id\":\"https:\\\/\\\/politicosaldesnudo.com.mx\\\/index.php\\\/2023\\\/02\\\/20\\\/clero-politico-impune\\\/\"},\"wordCount\":772,\"publisher\":{\"@id\":\"https:\\\/\\\/politicosaldesnudo.com.mx\\\/#organization\"},\"image\":{\"@id\":\"https:\\\/\\\/politicosaldesnudo.com.mx\\\/index.php\\\/2023\\\/02\\\/20\\\/clero-politico-impune\\\/#primaryimage\"},\"thumbnailUrl\":\"https:\\\/\\\/i0.wp.com\\\/politicosaldesnudo.com.mx\\\/wp-content\\\/uploads\\\/2022\\\/04\\\/JOSE%CC%81-PA%CC%81RAMO-CASTRO.png?fit=1816%2C1016&ssl=1\",\"keywords\":[\"ANDR\u00c9S MANUEL L\u00d3PEZ OBRADOR\",\"CONFERENCIA DEL EPISCOPADO MEXICANO\",\"CUARTA TRANSFORMACI\u00d3N\",\"PLAN B\",\"RAMON CASTRO\"],\"articleSection\":[\"OPINI\u00d3N\"],\"inLanguage\":\"es\"},{\"@type\":\"WebPage\",\"@id\":\"https:\\\/\\\/politicosaldesnudo.com.mx\\\/index.php\\\/2023\\\/02\\\/20\\\/clero-politico-impune\\\/\",\"url\":\"https:\\\/\\\/politicosaldesnudo.com.mx\\\/index.php\\\/2023\\\/02\\\/20\\\/clero-politico-impune\\\/\",\"name\":\"Clero pol\u00edtico impune - Pol\u00edticos al Desnudo\",\"isPartOf\":{\"@id\":\"https:\\\/\\\/politicosaldesnudo.com.mx\\\/#website\"},\"primaryImageOfPage\":{\"@id\":\"https:\\\/\\\/politicosaldesnudo.com.mx\\\/index.php\\\/2023\\\/02\\\/20\\\/clero-politico-impune\\\/#primaryimage\"},\"image\":{\"@id\":\"https:\\\/\\\/politicosaldesnudo.com.mx\\\/index.php\\\/2023\\\/02\\\/20\\\/clero-politico-impune\\\/#primaryimage\"},\"thumbnailUrl\":\"https:\\\/\\\/i0.wp.com\\\/politicosaldesnudo.com.mx\\\/wp-content\\\/uploads\\\/2022\\\/04\\\/JOSE%CC%81-PA%CC%81RAMO-CASTRO.png?fit=1816%2C1016&ssl=1\",\"datePublished\":\"2023-02-20T08:25:32+00:00\",\"dateModified\":\"2023-02-20T15:42:14+00:00\",\"breadcrumb\":{\"@id\":\"https:\\\/\\\/politicosaldesnudo.com.mx\\\/index.php\\\/2023\\\/02\\\/20\\\/clero-politico-impune\\\/#breadcrumb\"},\"inLanguage\":\"es\",\"potentialAction\":[{\"@type\":\"ReadAction\",\"target\":[\"https:\\\/\\\/politicosaldesnudo.com.mx\\\/index.php\\\/2023\\\/02\\\/20\\\/clero-politico-impune\\\/\"]}]},{\"@type\":\"ImageObject\",\"inLanguage\":\"es\",\"@id\":\"https:\\\/\\\/politicosaldesnudo.com.mx\\\/index.php\\\/2023\\\/02\\\/20\\\/clero-politico-impune\\\/#primaryimage\",\"url\":\"https:\\\/\\\/i0.wp.com\\\/politicosaldesnudo.com.mx\\\/wp-content\\\/uploads\\\/2022\\\/04\\\/JOSE%CC%81-PA%CC%81RAMO-CASTRO.png?fit=1816%2C1016&ssl=1\",\"contentUrl\":\"https:\\\/\\\/i0.wp.com\\\/politicosaldesnudo.com.mx\\\/wp-content\\\/uploads\\\/2022\\\/04\\\/JOSE%CC%81-PA%CC%81RAMO-CASTRO.png?fit=1816%2C1016&ssl=1\",\"width\":1816,\"height\":1016},{\"@type\":\"BreadcrumbList\",\"@id\":\"https:\\\/\\\/politicosaldesnudo.com.mx\\\/index.php\\\/2023\\\/02\\\/20\\\/clero-politico-impune\\\/#breadcrumb\",\"itemListElement\":[{\"@type\":\"ListItem\",\"position\":1,\"name\":\"Portada\",\"item\":\"https:\\\/\\\/politicosaldesnudo.com.mx\\\/\"},{\"@type\":\"ListItem\",\"position\":2,\"name\":\"Clero pol\u00edtico impune\"}]},{\"@type\":\"WebSite\",\"@id\":\"https:\\\/\\\/politicosaldesnudo.com.mx\\\/#website\",\"url\":\"https:\\\/\\\/politicosaldesnudo.com.mx\\\/\",\"name\":\"Pol\u00edticos al Desnudo\",\"description\":\"\",\"publisher\":{\"@id\":\"https:\\\/\\\/politicosaldesnudo.com.mx\\\/#organization\"},\"potentialAction\":[{\"@type\":\"SearchAction\",\"target\":{\"@type\":\"EntryPoint\",\"urlTemplate\":\"https:\\\/\\\/politicosaldesnudo.com.mx\\\/?s={search_term_string}\"},\"query-input\":{\"@type\":\"PropertyValueSpecification\",\"valueRequired\":true,\"valueName\":\"search_term_string\"}}],\"inLanguage\":\"es\"},{\"@type\":\"Organization\",\"@id\":\"https:\\\/\\\/politicosaldesnudo.com.mx\\\/#organization\",\"name\":\"Pol\u00edticos al Desnudo\",\"url\":\"https:\\\/\\\/politicosaldesnudo.com.mx\\\/\",\"logo\":{\"@type\":\"ImageObject\",\"inLanguage\":\"es\",\"@id\":\"https:\\\/\\\/politicosaldesnudo.com.mx\\\/#\\\/schema\\\/logo\\\/image\\\/\",\"url\":\"https:\\\/\\\/i0.wp.com\\\/politicosaldesnudo.com.mx\\\/wp-content\\\/uploads\\\/2026\\\/08\\\/cropped-logo.webp?fit=400%2C126&ssl=1\",\"contentUrl\":\"https:\\\/\\\/i0.wp.com\\\/politicosaldesnudo.com.mx\\\/wp-content\\\/uploads\\\/2026\\\/08\\\/cropped-logo.webp?fit=400%2C126&ssl=1\",\"width\":400,\"height\":126,\"caption\":\"Pol\u00edticos al Desnudo\"},\"image\":{\"@id\":\"https:\\\/\\\/politicosaldesnudo.com.mx\\\/#\\\/schema\\\/logo\\\/image\\\/\"},\"sameAs\":[\"https:\\\/\\\/www.facebook.com\\\/PoliticosAD\"]},{\"@type\":\"Person\",\"@id\":\"https:\\\/\\\/politicosaldesnudo.com.mx\\\/#\\\/schema\\\/person\\\/ef3a64e561cc3f3f5dc52fab81adde7e\",\"name\":\"Redacci\u00f3n Pol\u00edticos\",\"url\":\"https:\\\/\\\/politicosaldesnudo.com.mx\\\/index.php\\\/author\\\/redaccion-politicos\\\/\"}]}<\/script>\n<!-- \/ Yoast SEO plugin. -->","yoast_head_json":{"title":"Clero pol\u00edtico impune - Pol\u00edticos al Desnudo","robots":{"index":"index","follow":"follow","max-snippet":"max-snippet:-1","max-image-preview":"max-image-preview:large","max-video-preview":"max-video-preview:-1"},"canonical":"https:\/\/politicosaldesnudo.com.mx\/index.php\/2023\/02\/20\/clero-politico-impune\/","og_locale":"es_ES","og_type":"article","og_title":"Clero pol\u00edtico impune - Pol\u00edticos al Desnudo","og_description":"&nbsp; Por Jos\u00e9 P\u00e1ramo Castro Sorpresivo inter\u00e9s del clero por el destino de las leyes electorales, porque anteriormente si bien [&hellip;]","og_url":"https:\/\/politicosaldesnudo.com.mx\/index.php\/2023\/02\/20\/clero-politico-impune\/","og_site_name":"Pol\u00edticos al Desnudo","article_publisher":"https:\/\/www.facebook.com\/PoliticosAD","article_published_time":"2023-02-20T08:25:32+00:00","article_modified_time":"2023-02-20T15:42:14+00:00","og_image":[{"width":1816,"height":1016,"url":"https:\/\/i0.wp.com\/politicosaldesnudo.com.mx\/wp-content\/uploads\/2022\/04\/JOSE%CC%81-PA%CC%81RAMO-CASTRO.png?fit=1816%2C1016&ssl=1","type":"image\/png"}],"author":"Redacci\u00f3n Pol\u00edticos","twitter_card":"summary_large_image","twitter_misc":{"Escrito por":"Redacci\u00f3n Pol\u00edticos","Tiempo de lectura":"4 minutos"},"schema":{"@context":"https:\/\/schema.org","@graph":[{"@type":"Article","@id":"https:\/\/politicosaldesnudo.com.mx\/index.php\/2023\/02\/20\/clero-politico-impune\/#article","isPartOf":{"@id":"https:\/\/politicosaldesnudo.com.mx\/index.php\/2023\/02\/20\/clero-politico-impune\/"},"author":{"name":"Redacci\u00f3n Pol\u00edticos","@id":"https:\/\/politicosaldesnudo.com.mx\/#\/schema\/person\/ef3a64e561cc3f3f5dc52fab81adde7e"},"headline":"Clero pol\u00edtico impune","datePublished":"2023-02-20T08:25:32+00:00","dateModified":"2023-02-20T15:42:14+00:00","mainEntityOfPage":{"@id":"https:\/\/politicosaldesnudo.com.mx\/index.php\/2023\/02\/20\/clero-politico-impune\/"},"wordCount":772,"publisher":{"@id":"https:\/\/politicosaldesnudo.com.mx\/#organization"},"image":{"@id":"https:\/\/politicosaldesnudo.com.mx\/index.php\/2023\/02\/20\/clero-politico-impune\/#primaryimage"},"thumbnailUrl":"https:\/\/i0.wp.com\/politicosaldesnudo.com.mx\/wp-content\/uploads\/2022\/04\/JOSE%CC%81-PA%CC%81RAMO-CASTRO.png?fit=1816%2C1016&ssl=1","keywords":["ANDR\u00c9S MANUEL L\u00d3PEZ OBRADOR","CONFERENCIA DEL EPISCOPADO MEXICANO","CUARTA TRANSFORMACI\u00d3N","PLAN B","RAMON CASTRO"],"articleSection":["OPINI\u00d3N"],"inLanguage":"es"},{"@type":"WebPage","@id":"https:\/\/politicosaldesnudo.com.mx\/index.php\/2023\/02\/20\/clero-politico-impune\/","url":"https:\/\/politicosaldesnudo.com.mx\/index.php\/2023\/02\/20\/clero-politico-impune\/","name":"Clero pol\u00edtico impune - Pol\u00edticos al Desnudo","isPartOf":{"@id":"https:\/\/politicosaldesnudo.com.mx\/#website"},"primaryImageOfPage":{"@id":"https:\/\/politicosaldesnudo.com.mx\/index.php\/2023\/02\/20\/clero-politico-impune\/#primaryimage"},"image":{"@id":"https:\/\/politicosaldesnudo.com.mx\/index.php\/2023\/02\/20\/clero-politico-impune\/#primaryimage"},"thumbnailUrl":"https:\/\/i0.wp.com\/politicosaldesnudo.com.mx\/wp-content\/uploads\/2022\/04\/JOSE%CC%81-PA%CC%81RAMO-CASTRO.png?fit=1816%2C1016&ssl=1","datePublished":"2023-02-20T08:25:32+00:00","dateModified":"2023-02-20T15:42:14+00:00","breadcrumb":{"@id":"https:\/\/politicosaldesnudo.com.mx\/index.php\/2023\/02\/20\/clero-politico-impune\/#breadcrumb"},"inLanguage":"es","potentialAction":[{"@type":"ReadAction","target":["https:\/\/politicosaldesnudo.com.mx\/index.php\/2023\/02\/20\/clero-politico-impune\/"]}]},{"@type":"ImageObject","inLanguage":"es","@id":"https:\/\/politicosaldesnudo.com.mx\/index.php\/2023\/02\/20\/clero-politico-impune\/#primaryimage","url":"https:\/\/i0.wp.com\/politicosaldesnudo.com.mx\/wp-content\/uploads\/2022\/04\/JOSE%CC%81-PA%CC%81RAMO-CASTRO.png?fit=1816%2C1016&ssl=1","contentUrl":"https:\/\/i0.wp.com\/politicosaldesnudo.com.mx\/wp-content\/uploads\/2022\/04\/JOSE%CC%81-PA%CC%81RAMO-CASTRO.png?fit=1816%2C1016&ssl=1","width":1816,"height":1016},{"@type":"BreadcrumbList","@id":"https:\/\/politicosaldesnudo.com.mx\/index.php\/2023\/02\/20\/clero-politico-impune\/#breadcrumb","itemListElement":[{"@type":"ListItem","position":1,"name":"Portada","item":"https:\/\/politicosaldesnudo.com.mx\/"},{"@type":"ListItem","position":2,"name":"Clero pol\u00edtico impune"}]},{"@type":"WebSite","@id":"https:\/\/politicosaldesnudo.com.mx\/#website","url":"https:\/\/politicosaldesnudo.com.mx\/","name":"Pol\u00edticos al Desnudo","description":"","publisher":{"@id":"https:\/\/politicosaldesnudo.com.mx\/#organization"},"potentialAction":[{"@type":"SearchAction","target":{"@type":"EntryPoint","urlTemplate":"https:\/\/politicosaldesnudo.com.mx\/?s={search_term_string}"},"query-input":{"@type":"PropertyValueSpecification","valueRequired":true,"valueName":"search_term_string"}}],"inLanguage":"es"},{"@type":"Organization","@id":"https:\/\/politicosaldesnudo.com.mx\/#organization","name":"Pol\u00edticos al Desnudo","url":"https:\/\/politicosaldesnudo.com.mx\/","logo":{"@type":"ImageObject","inLanguage":"es","@id":"https:\/\/politicosaldesnudo.com.mx\/#\/schema\/logo\/image\/","url":"https:\/\/i0.wp.com\/politicosaldesnudo.com.mx\/wp-content\/uploads\/2026\/08\/cropped-logo.webp?fit=400%2C126&ssl=1","contentUrl":"https:\/\/i0.wp.com\/politicosaldesnudo.com.mx\/wp-content\/uploads\/2026\/08\/cropped-logo.webp?fit=400%2C126&ssl=1","width":400,"height":126,"caption":"Pol\u00edticos al Desnudo"},"image":{"@id":"https:\/\/politicosaldesnudo.com.mx\/#\/schema\/logo\/image\/"},"sameAs":["https:\/\/www.facebook.com\/PoliticosAD"]},{"@type":"Person","@id":"https:\/\/politicosaldesnudo.com.mx\/#\/schema\/person\/ef3a64e561cc3f3f5dc52fab81adde7e","name":"Redacci\u00f3n Pol\u00edticos","url":"https:\/\/politicosaldesnudo.com.mx\/index.php\/author\/redaccion-politicos\/"}]}},"jetpack_publicize_connections":[],"jetpack-related-posts":[{"id":87902,"url":"https:\/\/politicosaldesnudo.com.mx\/index.php\/2026\/08\/19\/comision-permanente-avala-salida-de-monica-soto-tepjf-quedara-con-solo-cinco-magistraturas\/","url_meta":{"origin":16317,"position":0},"title":"Comisi\u00f3n Permanente avala salida de M\u00f3nica Soto; TEPJF quedar\u00e1 con s\u00f3lo cinco magistraturas","author":"Redacci\u00f3n Pol\u00edticos","date":"19 de agosto de 2026","format":false,"excerpt":"La Comisi\u00f3n Permanente del Congreso de la Uni\u00f3n aprob\u00f3 la renuncia de M\u00f3nica Aral\u00ed Soto Fregoso como magistrada de la Sala Superior del Tribunal Electoral del Poder Judicial de la Federaci\u00f3n (TEPJF). La separaci\u00f3n del cargo fue autorizada este mi\u00e9rcoles con 26 votos a favor, cinco en contra y cinco\u2026","rel":"","context":"En \u00abNACIONAL\u00bb","block_context":{"text":"NACIONAL","link":"https:\/\/politicosaldesnudo.com.mx\/index.php\/category\/nacional\/"},"img":{"alt_text":"","src":"https:\/\/i0.wp.com\/politicosaldesnudo.com.mx\/wp-content\/uploads\/2026\/08\/sup_12032024_1409.jpeg?fit=1200%2C857&ssl=1&resize=350%2C200","width":350,"height":200,"srcset":"https:\/\/i0.wp.com\/politicosaldesnudo.com.mx\/wp-content\/uploads\/2026\/08\/sup_12032024_1409.jpeg?fit=1200%2C857&ssl=1&resize=350%2C200 1x, https:\/\/i0.wp.com\/politicosaldesnudo.com.mx\/wp-content\/uploads\/2026\/08\/sup_12032024_1409.jpeg?fit=1200%2C857&ssl=1&resize=525%2C300 1.5x, https:\/\/i0.wp.com\/politicosaldesnudo.com.mx\/wp-content\/uploads\/2026\/08\/sup_12032024_1409.jpeg?fit=1200%2C857&ssl=1&resize=700%2C400 2x, https:\/\/i0.wp.com\/politicosaldesnudo.com.mx\/wp-content\/uploads\/2026\/08\/sup_12032024_1409.jpeg?fit=1200%2C857&ssl=1&resize=1050%2C600 3x"},"classes":[]},{"id":87930,"url":"https:\/\/politicosaldesnudo.com.mx\/index.php\/2026\/08\/21\/pan-busca-dejar-atras-la-influencia-de-los-yunes\/","url_meta":{"origin":16317,"position":1},"title":"PAN busca dejar atr\u00e1s la influencia de los Yunes","author":"Redacci\u00f3n Pol\u00edticos","date":"21 de agosto de 2026","format":false,"excerpt":"ALMA GRANDE POR \u00c1NGEL \u00c1LVARO PE\u00d1A La declaraci\u00f3n de Jorge Romero Herrera sobre Miguel \u00c1ngel Yunes Linares y Miguel \u00c1ngel Yunes M\u00e1rquez coloca nuevamente al PAN frente a una de las rupturas pol\u00edticas que m\u00e1s repercusi\u00f3n han tenido en Veracruz. El dirigente nacional asegur\u00f3 que los Yunes ya no tendr\u00e1n\u2026","rel":"","context":"En \u00abOPINI\u00d3N\u00bb","block_context":{"text":"OPINI\u00d3N","link":"https:\/\/politicosaldesnudo.com.mx\/index.php\/category\/columnistas\/"},"img":{"alt_text":"","src":"https:\/\/i0.wp.com\/politicosaldesnudo.com.mx\/wp-content\/uploads\/2026\/08\/ag-210826.png?fit=1200%2C659&ssl=1&resize=350%2C200","width":350,"height":200,"srcset":"https:\/\/i0.wp.com\/politicosaldesnudo.com.mx\/wp-content\/uploads\/2026\/08\/ag-210826.png?fit=1200%2C659&ssl=1&resize=350%2C200 1x, https:\/\/i0.wp.com\/politicosaldesnudo.com.mx\/wp-content\/uploads\/2026\/08\/ag-210826.png?fit=1200%2C659&ssl=1&resize=525%2C300 1.5x, https:\/\/i0.wp.com\/politicosaldesnudo.com.mx\/wp-content\/uploads\/2026\/08\/ag-210826.png?fit=1200%2C659&ssl=1&resize=700%2C400 2x, https:\/\/i0.wp.com\/politicosaldesnudo.com.mx\/wp-content\/uploads\/2026\/08\/ag-210826.png?fit=1200%2C659&ssl=1&resize=1050%2C600 3x"},"classes":[]},{"id":13905,"url":"https:\/\/politicosaldesnudo.com.mx\/index.php\/2022\/12\/19\/cae-el-cartel-del-ine-y-el-futbolero-cuando\/","url_meta":{"origin":16317,"position":2},"title":"Cae el c\u00e1rtel del INE y el futbolero \u00bfcu\u00e1ndo?","author":"Redacci\u00f3n Pol\u00edticos","date":"19 de diciembre de 2022","format":false,"excerpt":"\u00a0 Por Jos\u00e9 Lima Cobos\u00a0 Segunda Parte \u00a0 En el pa\u00eds se ha formado y fortalecidos con los varios c\u00e1rteles que, lo mismo sirven para la defraudaci\u00f3n fiscal o tr\u00e1fico de personas\u00a0 o drogas, o bien cualquiera de las otras linduras que se forman\u00a0 o constituyen en la legalidad gubernamental\u2026","rel":"","context":"En \u00abOPINI\u00d3N\u00bb","block_context":{"text":"OPINI\u00d3N","link":"https:\/\/politicosaldesnudo.com.mx\/index.php\/category\/columnistas\/"},"img":{"alt_text":"","src":"https:\/\/i0.wp.com\/politicosaldesnudo.com.mx\/wp-content\/uploads\/2022\/04\/JOSE%CC%81-LIMA-COBOS.png?fit=1200%2C671&ssl=1&resize=350%2C200","width":350,"height":200,"srcset":"https:\/\/i0.wp.com\/politicosaldesnudo.com.mx\/wp-content\/uploads\/2022\/04\/JOSE%CC%81-LIMA-COBOS.png?fit=1200%2C671&ssl=1&resize=350%2C200 1x, https:\/\/i0.wp.com\/politicosaldesnudo.com.mx\/wp-content\/uploads\/2022\/04\/JOSE%CC%81-LIMA-COBOS.png?fit=1200%2C671&ssl=1&resize=525%2C300 1.5x, https:\/\/i0.wp.com\/politicosaldesnudo.com.mx\/wp-content\/uploads\/2022\/04\/JOSE%CC%81-LIMA-COBOS.png?fit=1200%2C671&ssl=1&resize=700%2C400 2x, https:\/\/i0.wp.com\/politicosaldesnudo.com.mx\/wp-content\/uploads\/2022\/04\/JOSE%CC%81-LIMA-COBOS.png?fit=1200%2C671&ssl=1&resize=1050%2C600 3x"},"classes":[]},{"id":87915,"url":"https:\/\/politicosaldesnudo.com.mx\/index.php\/2026\/08\/20\/sheinbaum-abre-la-puerta-a-incorporar-a-monica-soto-al-gobierno-federal\/","url_meta":{"origin":16317,"position":3},"title":"Sheinbaum abre la puerta a incorporar a M\u00f3nica Soto al Gobierno federal","author":"Redacci\u00f3n Pol\u00edticos","date":"20 de agosto de 2026","format":false,"excerpt":"La presidenta Claudia Sheinbaum Pardo dej\u00f3 abierta la posibilidad de que M\u00f3nica Soto Fregoso se integre en el futuro a la administraci\u00f3n p\u00fablica federal, luego de presentar su renuncia como magistrada de la Sala Superior del Tribunal Electoral del Poder Judicial de la Federaci\u00f3n (TEPJF). Durante su conferencia matutina, la\u2026","rel":"","context":"En \u00abNACIONAL\u00bb","block_context":{"text":"NACIONAL","link":"https:\/\/politicosaldesnudo.com.mx\/index.php\/category\/nacional\/"},"img":{"alt_text":"","src":"https:\/\/i0.wp.com\/politicosaldesnudo.com.mx\/wp-content\/uploads\/2026\/08\/monica-soto.jpeg?fit=1200%2C812&ssl=1&resize=350%2C200","width":350,"height":200,"srcset":"https:\/\/i0.wp.com\/politicosaldesnudo.com.mx\/wp-content\/uploads\/2026\/08\/monica-soto.jpeg?fit=1200%2C812&ssl=1&resize=350%2C200 1x, https:\/\/i0.wp.com\/politicosaldesnudo.com.mx\/wp-content\/uploads\/2026\/08\/monica-soto.jpeg?fit=1200%2C812&ssl=1&resize=525%2C300 1.5x, https:\/\/i0.wp.com\/politicosaldesnudo.com.mx\/wp-content\/uploads\/2026\/08\/monica-soto.jpeg?fit=1200%2C812&ssl=1&resize=700%2C400 2x, https:\/\/i0.wp.com\/politicosaldesnudo.com.mx\/wp-content\/uploads\/2026\/08\/monica-soto.jpeg?fit=1200%2C812&ssl=1&resize=1050%2C600 3x"},"classes":[]},{"id":88205,"url":"https:\/\/politicosaldesnudo.com.mx\/index.php\/2026\/08\/31\/se-acabo-la-derecha-presentan-iniciativa-que-prohibe-doble-nacionalidad\/","url_meta":{"origin":16317,"position":4},"title":"Se acab\u00f3 la derecha, presentan iniciativa que proh\u00edbe doble nacionalidad","author":"Redacci\u00f3n Pol\u00edticos","date":"31 de agosto de 2026","format":false,"excerpt":"LEAD POLITICO\u2026 Por Ren\u00e9 Mart\u00ednez Torres Durante la conferencia ma\u00f1anera de este jueves 27 de agosto, la\u00a0 presidenta Claudia Sheinbaum, present\u00f3 una important\u00edsima iniciativa que busca modificar la Constituci\u00f3n Pol\u00edtica de los Estados Mexicanos en sus art\u00edculos 86, 116 y 122. La propuesta de reforma ya fue enviada para su\u2026","rel":"","context":"En \u00abOPINI\u00d3N\u00bb","block_context":{"text":"OPINI\u00d3N","link":"https:\/\/politicosaldesnudo.com.mx\/index.php\/category\/columnistas\/"},"img":{"alt_text":"","src":"https:\/\/i0.wp.com\/politicosaldesnudo.com.mx\/wp-content\/uploads\/2026\/08\/lead-31008.png?fit=1200%2C658&ssl=1&resize=350%2C200","width":350,"height":200,"srcset":"https:\/\/i0.wp.com\/politicosaldesnudo.com.mx\/wp-content\/uploads\/2026\/08\/lead-31008.png?fit=1200%2C658&ssl=1&resize=350%2C200 1x, https:\/\/i0.wp.com\/politicosaldesnudo.com.mx\/wp-content\/uploads\/2026\/08\/lead-31008.png?fit=1200%2C658&ssl=1&resize=525%2C300 1.5x, https:\/\/i0.wp.com\/politicosaldesnudo.com.mx\/wp-content\/uploads\/2026\/08\/lead-31008.png?fit=1200%2C658&ssl=1&resize=700%2C400 2x, https:\/\/i0.wp.com\/politicosaldesnudo.com.mx\/wp-content\/uploads\/2026\/08\/lead-31008.png?fit=1200%2C658&ssl=1&resize=1050%2C600 3x"},"classes":[]},{"id":87316,"url":"https:\/\/politicosaldesnudo.com.mx\/index.php\/2026\/07\/29\/sheinbaum-anuncia-decreto-para-evitar-que-dependencias-reserven-informacion-de-manera-discrecional\/","url_meta":{"origin":16317,"position":5},"title":"Sheinbaum anuncia decreto para evitar que dependencias reserven informaci\u00f3n de manera discrecional","author":"Redacci\u00f3n Pol\u00edticos","date":"29 de julio de 2026","format":false,"excerpt":"La presidenta Claudia Sheinbaum Pardo adelant\u00f3 este martes que emitir\u00e1 un \u201cdecreto para la transparencia\u201d en la administraci\u00f3n p\u00fablica federal, con el objetivo de evitar que las dependencias reserven informaci\u00f3n de manera discrecional y, con ello, combatir la opacidad y la impunidad. Durante su conferencia matutina en Palacio Nacional, explic\u00f3\u2026","rel":"","context":"En \u00abNACIONAL\u00bb","block_context":{"text":"NACIONAL","link":"https:\/\/politicosaldesnudo.com.mx\/index.php\/category\/nacional\/"},"img":{"alt_text":"","src":"https:\/\/i0.wp.com\/politicosaldesnudo.com.mx\/wp-content\/uploads\/2026\/07\/Sin-titulo-1.jpg?fit=1200%2C741&ssl=1&resize=350%2C200","width":350,"height":200,"srcset":"https:\/\/i0.wp.com\/politicosaldesnudo.com.mx\/wp-content\/uploads\/2026\/07\/Sin-titulo-1.jpg?fit=1200%2C741&ssl=1&resize=350%2C200 1x, https:\/\/i0.wp.com\/politicosaldesnudo.com.mx\/wp-content\/uploads\/2026\/07\/Sin-titulo-1.jpg?fit=1200%2C741&ssl=1&resize=525%2C300 1.5x, https:\/\/i0.wp.com\/politicosaldesnudo.com.mx\/wp-content\/uploads\/2026\/07\/Sin-titulo-1.jpg?fit=1200%2C741&ssl=1&resize=700%2C400 2x, https:\/\/i0.wp.com\/politicosaldesnudo.com.mx\/wp-content\/uploads\/2026\/07\/Sin-titulo-1.jpg?fit=1200%2C741&ssl=1&resize=1050%2C600 3x"},"classes":[]}],"jetpack_sharing_enabled":true,"jetpack_featured_media_url":"https:\/\/i0.wp.com\/politicosaldesnudo.com.mx\/wp-content\/uploads\/2022\/04\/JOSE%CC%81-PA%CC%81RAMO-CASTRO.png?fit=1816%2C1016&ssl=1","_links":{"self":[{"href":"https:\/\/politicosaldesnudo.com.mx\/index.php\/wp-json\/wp\/v2\/posts\/16317","targetHints":{"allow":["GET"]}}],"collection":[{"href":"https:\/\/politicosaldesnudo.com.mx\/index.php\/wp-json\/wp\/v2\/posts"}],"about":[{"href":"https:\/\/politicosaldesnudo.com.mx\/index.php\/wp-json\/wp\/v2\/types\/post"}],"author":[{"embeddable":true,"href":"https:\/\/politicosaldesnudo.com.mx\/index.php\/wp-json\/wp\/v2\/users\/4"}],"replies":[{"embeddable":true,"href":"https:\/\/politicosaldesnudo.com.mx\/index.php\/wp-json\/wp\/v2\/comments?post=16317"}],"version-history":[{"count":0,"href":"https:\/\/politicosaldesnudo.com.mx\/index.php\/wp-json\/wp\/v2\/posts\/16317\/revisions"}],"wp:featuredmedia":[{"embeddable":true,"href":"https:\/\/politicosaldesnudo.com.mx\/index.php\/wp-json\/wp\/v2\/media\/4387"}],"wp:attachment":[{"href":"https:\/\/politicosaldesnudo.com.mx\/index.php\/wp-json\/wp\/v2\/media?parent=16317"}],"wp:term":[{"taxonomy":"category","embeddable":true,"href":"https:\/\/politicosaldesnudo.com.mx\/index.php\/wp-json\/wp\/v2\/categories?post=16317"},{"taxonomy":"post_tag","embeddable":true,"href":"https:\/\/politicosaldesnudo.com.mx\/index.php\/wp-json\/wp\/v2\/tags?post=16317"}],"curies":[{"name":"wp","href":"https:\/\/api.w.org\/{rel}","templated":true}]}}