{"id":16420,"date":"2023-02-22T12:54:19","date_gmt":"2023-02-22T18:54:19","guid":{"rendered":"https:\/\/politicosaldesnudo.com.mx\/?p=16420"},"modified":"2023-02-22T12:54:19","modified_gmt":"2023-02-22T18:54:19","slug":"exhorta-tesoreria-de-tuxpan-pagar-predial-antes-del-28-de-febrero","status":"publish","type":"post","link":"https:\/\/politicosaldesnudo.com.mx\/index.php\/2023\/02\/22\/exhorta-tesoreria-de-tuxpan-pagar-predial-antes-del-28-de-febrero\/","title":{"rendered":"Exhorta Tesorer\u00eda de Tuxpan pagar Predial antes del 28 de febrero"},"content":{"rendered":"<p class=\"p2\">\n<p class=\"p2\"><span style=\"font-size: 14pt;\"><em><strong>TUXPAN, VERACRUZ.<\/strong><\/em> El <strong>Ayuntamiento de Tuxpan<\/strong> a trav\u00e9s de la Tesorer\u00eda Municipal, informa a los ciudadanos que el <strong>pr\u00f3ximo martes 28 de febrero es el \u00faltimo d\u00eda<\/strong> para obtener importantes <strong>descuentos en el pago del Impuesto Predial.<\/strong><\/span><\/p>\n<p class=\"p2\"><span style=\"font-size: 18pt;\"><strong>Por ese motivo, les exhorta a aprovechar estos beneficios que consisten en un 20% para la poblaci\u00f3n en general y 50% para las personas pensionadas, jubiladas o adultos mayores, siempre y cuando cumplan con los requisitos establecidos en el art\u00edculo 121 del C\u00f3digo Hacendario Municipal para el Estado de Veracruz.<\/strong><\/span><\/p>\n<p class=\"p2\"><span style=\"font-size: 18pt;\"><strong>Cabe destacar que durante este periodo de pago se ha tenido una respuesta favorable por parte de la poblaci\u00f3n, demostrando que en Tuxpan se tiene una gran cultura en lo que respecta al cumplimiento de las contribuciones, mismas que se ver\u00e1n reflejadas en m\u00e1s obras en el municipio.<\/strong><\/span><\/p>\n<p class=\"p2\"><span style=\"font-size: 14pt;\">El cobro se realiza en las ventanillas de pago ubicadas en la planta baja de la presidencia municipal de 07:00 a 17:00 horas para los contribuyentes que est\u00e1n al corriente en sus pagos.<\/span><\/p>\n<p class=\"p2\"><span style=\"font-size: 14pt;\">Por otra parte, para quienes presentan rezago en sus pagos el horario de atenci\u00f3n es de 09:00 a 14:00 horas y de 15:00 a 17:00 horas, de lunes a viernes.<\/span><\/p>\n<p>&nbsp;<\/p>\n<p>&nbsp;<\/p>\n<p>&nbsp;<\/p>\n<p>&nbsp;<\/p>\n<p>&nbsp;<\/p>\n<p>&nbsp;<\/p>\n","protected":false},"excerpt":{"rendered":"<p>TUXPAN, VERACRUZ. El Ayuntamiento de Tuxpan a trav\u00e9s de la Tesorer\u00eda Municipal, informa a los ciudadanos que el pr\u00f3ximo martes<\/p>\n","protected":false},"author":4,"featured_media":16421,"comment_status":"closed","ping_status":"closed","sticky":false,"template":"","format":"standard","meta":{"colormag_page_container_layout":"default_layout","colormag_page_sidebar_layout":"default_layout","_jetpack_memberships_contains_paid_content":false,"footnotes":"","jetpack_publicize_message":"","jetpack_publicize_feature_enabled":true,"jetpack_social_post_already_shared":false,"jetpack_social_options":{"image_generator_settings":{"template":"highway","default_image_id":0,"font":"","enabled":false},"version":2}},"categories":[1082],"tags":[1914,70,100],"class_list":["post-16420","post","type-post","status-publish","format-standard","has-post-thumbnail","hentry","category-tuxpan","tag-predial","tag-tuxpan","tag-veracruz"],"jetpack_publicize_connections":[],"jetpack_featured_media_url":"https:\/\/i0.wp.com\/politicosaldesnudo.com.mx\/wp-content\/uploads\/2023\/02\/P-TUXPAN-PREDIAL.png?fit=1816%2C1016&ssl=1","jetpack-related-posts":[],"jetpack_sharing_enabled":true,"_links":{"self":[{"href":"https:\/\/politicosaldesnudo.com.mx\/index.php\/wp-json\/wp\/v2\/posts\/16420","targetHints":{"allow":["GET"]}}],"collection":[{"href":"https:\/\/politicosaldesnudo.com.mx\/index.php\/wp-json\/wp\/v2\/posts"}],"about":[{"href":"https:\/\/politicosaldesnudo.com.mx\/index.php\/wp-json\/wp\/v2\/types\/post"}],"author":[{"embeddable":true,"href":"https:\/\/politicosaldesnudo.com.mx\/index.php\/wp-json\/wp\/v2\/users\/4"}],"replies":[{"embeddable":true,"href":"https:\/\/politicosaldesnudo.com.mx\/index.php\/wp-json\/wp\/v2\/comments?post=16420"}],"version-history":[{"count":0,"href":"https:\/\/politicosaldesnudo.com.mx\/index.php\/wp-json\/wp\/v2\/posts\/16420\/revisions"}],"wp:featuredmedia":[{"embeddable":true,"href":"https:\/\/politicosaldesnudo.com.mx\/index.php\/wp-json\/wp\/v2\/media\/16421"}],"wp:attachment":[{"href":"https:\/\/politicosaldesnudo.com.mx\/index.php\/wp-json\/wp\/v2\/media?parent=16420"}],"wp:term":[{"taxonomy":"category","embeddable":true,"href":"https:\/\/politicosaldesnudo.com.mx\/index.php\/wp-json\/wp\/v2\/categories?post=16420"},{"taxonomy":"post_tag","embeddable":true,"href":"https:\/\/politicosaldesnudo.com.mx\/index.php\/wp-json\/wp\/v2\/tags?post=16420"}],"curies":[{"name":"wp","href":"https:\/\/api.w.org\/{rel}","templated":true}]}}