{"id":16441,"date":"2023-02-23T05:15:01","date_gmt":"2023-02-23T11:15:01","guid":{"rendered":"https:\/\/politicosaldesnudo.com.mx\/?p=16441"},"modified":"2023-02-23T08:05:30","modified_gmt":"2023-02-23T14:05:30","slug":"con-la-vara-que-mides-seras-medido","status":"publish","type":"post","link":"https:\/\/politicosaldesnudo.com.mx\/index.php\/2023\/02\/23\/con-la-vara-que-mides-seras-medido\/","title":{"rendered":"Con la vara que mides\u2026 ser\u00e1s medido"},"content":{"rendered":"<p class=\"p1\">\n<p>&nbsp;<\/p>\n<p class=\"p1\"><span style=\"font-size: 18pt;\"><strong>Por Luis Ram\u00edrez Baqueiro<\/strong><\/span><\/p>\n<p class=\"p1\">\n<p>&nbsp;<\/p>\n<p>&nbsp;<\/p>\n<p class=\"p1\" style=\"text-align: center;\"><em><span style=\"font-size: 18pt;\"><strong>\u201cUn acto de justicia permite cerrar un cap\u00edtulo; un acto de venganza escribe un cap\u00edtulo nuevo\u201d <\/strong><\/span><\/em><\/p>\n<p class=\"p1\" style=\"text-align: center;\"><span style=\"font-size: 18pt;\">\u2013 Marilyn vos Savant \u2013\u00a0<\/span><\/p>\n<p class=\"p1\">\n<p>&nbsp;<\/p>\n<p class=\"p1\"><span style=\"font-size: 14pt;\">Vaya fest\u00edn que han realizado los integrantes de la 4T del veredicto emitido en el Tribunal de Justicia de Brooklyn en los Estados Unidos en contra de Genaro Garc\u00eda Luna, ex hombre fuerte de Felipe Calder\u00f3n Hinojosa en materia de Seguridad durante su sexenio.<\/span><\/p>\n<p class=\"p1\"><span style=\"font-size: 14pt;\">Desde afirmar que la sentencia es la evidencia de la decadencia del antiguo r\u00e9gimen, hasta advertir que ellos en voz de personajes como el diputado Gerardo Fern\u00e1ndez Noro\u00f1a lo se\u00f1alaron all\u00e1 en 2011, en plena comparecencia frente a los diputados integrantes de la Comisi\u00f3n de Seguridad, son apenas algunas de las joyas pol\u00edticas que se han desatado con respecto al referido juicio.<\/span><\/p>\n<p class=\"p1\"><span style=\"font-size: 14pt;\">Dicha actitud falsaria por parte de la otrora izquierda recalcitrante, hoy erigida en la corriente liberal que ha venido a salvar a M\u00e9xico de la decadencia y la inmundicia provocada por los denominados conservadores, nos obliga a cuestionarnos, si esta verbena no es en realidad un fest\u00edn que tarde o temprano habr\u00e1 de caerles como bomba a los integrantes de la 4T.<\/span><\/p>\n<p class=\"p1\"><span style=\"font-size: 14pt;\">Como es sabido, en pol\u00edtica nada es casualidad, todo tiene una raz\u00f3n y un por qu\u00e9, basado en ello, no ser\u00e1 que estamos ante una maniobra del Gobierno de Estados Unidos para deslizar la teor\u00eda del \u201cnarcoestado\u201d en M\u00e9xico.<\/span><\/p>\n<p class=\"p1\"><span style=\"font-size: 14pt;\">Ah\u00ed le van algunos datos publicados por C\u00f3digo Magenta el pasado 17 de febrero que son de llamar sumamente la atenci\u00f3n.<\/span><\/p>\n<p class=\"p1\"><span style=\"font-size: 14pt;\">Bob Men\u00e9ndez, senador dem\u00f3crata y presidente del Comit\u00e9 de Relaciones Exteriores, carg\u00f3 que est\u00e1 contra la pol\u00edtica de seguridad y de drogas del gobierno de Andr\u00e9s Manuel L\u00f3pez Obrador ha se\u00f1alado que no ve colaboraci\u00f3n de parte del socio de los EUA, afirmando inclusive \u201cTenemos un socio que no quiere colaborar o es solo que es un Estado infiltrado\u00bb.<\/span><\/p>\n<p class=\"p1\"><span style=\"font-size: 14pt;\">Dicho comentario habr\u00eda sido emitido en el marco de una reuni\u00f3n con la directora de la DEA, Anne Milgram, quien reclam\u00f3 p\u00fablicamente que M\u00e9xico no est\u00e1 haciendo lo suficiente para combatir al C\u00e1rtel de Sinaloa y al C\u00e1rtel Jalisco Nueva Generaci\u00f3n.<\/span><\/p>\n<p class=\"p1\"><span style=\"font-size: 14pt;\">Por qu\u00e9 es de llamar la atenci\u00f3n. Muy simple, el senador Men\u00e9ndez es, junto al republicano Marco Rubio, el senador m\u00e1s influyente de Estados Unidos para asuntos de pol\u00edtica exterior para Am\u00e9rica Latina. Es decir, se trata de un legislador cr\u00edtico del presidente Andr\u00e9s Manuel L\u00f3pez Obrador.<\/span><\/p>\n<p class=\"p1\"><span style=\"font-size: 14pt;\">Que adem\u00e1s ha fijado una postura dentro del sector dem\u00f3crata que exhibe el descontento de la clase pol\u00edtica de Washington con la falta de resultados del aparato de seguridad mexicano.<\/span><\/p>\n<p class=\"p1\"><span style=\"font-size: 14pt;\">Sumemos a esto la narrativa dibujada por el juicio contra Genaro Garc\u00eda Luna en la Corte del Distrito Este de Nueva York de que en M\u00e9xico existe complicidad entre las organizaciones criminales y el Estado en todos sus niveles.<\/span><\/p>\n<p class=\"p1\"><span style=\"font-size: 14pt;\">La DEA en voz de su directora Anne Milgram pidi\u00f3 seguir de cerca este caso en su comparecencia ante el Senado.<\/span><\/p>\n<p class=\"p1\"><span style=\"font-size: 14pt;\">Seg\u00fan C\u00f3digo Magenta, la impaciencia de los funcionarios de la administraci\u00f3n dem\u00f3crata de Joe Biden representa un primer nivel de descontento en la clase pol\u00edtica de Estados Unidos respecto a M\u00e9xico.<\/span><\/p>\n<p class=\"p1\"><span style=\"font-size: 14pt;\">A esto habremos de sumar los llamados del Partido Republicano para cerrar la frontera, como lo pidieron en la audiencia de Milgram los senadores de Texas, Ted Cruz, y de Carolina del Sur, Tim Scott, as\u00ed como la petici\u00f3n de 21 fiscales estatales para declarar a los c\u00e1rteles mexicanos como organizaciones terroristas.<\/span><\/p>\n<p class=\"p1\"><span style=\"font-size: 14pt;\">Aterrizando la directora de la DEA hizo tres reclamos puntuales a M\u00e9xico: 1. La falta de informaci\u00f3n compartida sobre decomisos de fentanilo y de sus precursores; 2. La suspensi\u00f3n de las operaciones conjuntas para desmantelar laboratorios clandestinos de esta droga y 3. El lento progreso en la extradici\u00f3n de objetivos criminales de alto perfil.<\/span><\/p>\n<p class=\"p1\"><span style=\"font-size: 14pt;\">Cheque bien se trata de \u201ctres demandas que la directora de la DEA hizo en septiembre de 2021 al fiscal General de M\u00e9xico, Alejandro Gertz Manero, en una reuni\u00f3n que tuvieron en Washington y en la que tambi\u00e9n particip\u00f3 el procurador General de Estados Unidos, Merrick Garland.\u201d<\/span><\/p>\n<p class=\"p1\"><span style=\"font-size: 14pt;\">Cabe destacar que Milgram apareci\u00f3 en esa reuni\u00f3n sin que Gertz Manero estuviera enterado previamente. Al d\u00eda siguiente, la directora de la DEA declar\u00f3 en conferencia de prensa que estaba insatisfecha con la pol\u00edtica de drogas del gobierno de Andr\u00e9s Manuel L\u00f3pez Obrador y exigi\u00f3 resultados inmediatos.<\/span><\/p>\n<p class=\"p1\"><span style=\"font-size: 14pt;\">Hasta el d\u00eda de hoy, los resultados en la materia han sido ef\u00edmeros, generando con ello, serias dudas respecto al comportamiento aparentemente complaciente de la administraci\u00f3n morenista.<\/span><\/p>\n<p class=\"p1\"><span style=\"font-size: 14pt;\">Ser\u00e1 acaso que estamos presenciando la antesala de lo que suceder\u00e1 en la impartici\u00f3n de la justicia.<\/span><\/p>\n<p class=\"p1\"><span style=\"font-size: 14pt;\">Bien dice la Biblia en el Evangelio seg\u00fan Mateo en el cap\u00edtulo 7 vers\u00edculos del 1-2: \u201cNo juzgu\u00e9is, para que no se\u00e1is juzgados. Porque con el juicio con que juzg\u00e1is, ser\u00e9is juzgados, y con la medida con que med\u00eds, os ser\u00e1 medido.\u201d<\/span><\/p>\n<p>&nbsp;<\/p>\n<p class=\"p1\"><span style=\"font-size: 18pt;\"><strong>Al tiempo.<\/strong><\/span><\/p>\n<p>&nbsp;<\/p>\n<hr \/>\n<p>&nbsp;<\/p>\n<p class=\"p1\"><span style=\"font-size: 18pt;\"><strong>Correo: <a href=\"mailto:astrolabiopoliticomx@gmail.com\">astrolabiopoliticomx@gmail.com<\/a><\/strong><\/span><\/p>\n<p class=\"p1\"><span style=\"font-size: 18pt;\"><strong>Twitter: <a href=\"http:\/\/www.twitter.com\/LuisBaqueiro_mx\">@LuisBaqueiro_mx<\/a><\/strong><\/span><\/p>\n<p>&nbsp;<\/p>\n<p><img data-recalc-dims=\"1\" loading=\"lazy\" decoding=\"async\" class=\"aligncenter wp-image-14351\" src=\"https:\/\/i0.wp.com\/politicosaldesnudo.com.mx\/wp-content\/uploads\/2023\/01\/FIRMA-EDITORIAL-PD-300x37.png?resize=800%2C98&#038;ssl=1\" alt=\"\" width=\"800\" height=\"98\" srcset=\"https:\/\/i0.wp.com\/politicosaldesnudo.com.mx\/wp-content\/uploads\/2023\/01\/FIRMA-EDITORIAL-PD.png?resize=300%2C37&amp;ssl=1 300w, https:\/\/i0.wp.com\/politicosaldesnudo.com.mx\/wp-content\/uploads\/2023\/01\/FIRMA-EDITORIAL-PD.png?resize=1024%2C125&amp;ssl=1 1024w, https:\/\/i0.wp.com\/politicosaldesnudo.com.mx\/wp-content\/uploads\/2023\/01\/FIRMA-EDITORIAL-PD.png?resize=768%2C94&amp;ssl=1 768w, https:\/\/i0.wp.com\/politicosaldesnudo.com.mx\/wp-content\/uploads\/2023\/01\/FIRMA-EDITORIAL-PD.png?resize=1536%2C188&amp;ssl=1 1536w, https:\/\/i0.wp.com\/politicosaldesnudo.com.mx\/wp-content\/uploads\/2023\/01\/FIRMA-EDITORIAL-PD.png?resize=2048%2C250&amp;ssl=1 2048w, https:\/\/i0.wp.com\/politicosaldesnudo.com.mx\/wp-content\/uploads\/2023\/01\/FIRMA-EDITORIAL-PD.png?w=1600&amp;ssl=1 1600w, https:\/\/i0.wp.com\/politicosaldesnudo.com.mx\/wp-content\/uploads\/2023\/01\/FIRMA-EDITORIAL-PD.png?w=2400&amp;ssl=1 2400w\" sizes=\"auto, (max-width: 800px) 100vw, 800px\" \/><\/p>\n<p>&nbsp;<\/p>\n<p>&nbsp;<\/p>\n<p>&nbsp;<\/p>\n","protected":false},"excerpt":{"rendered":"<p>&nbsp; Por Luis Ram\u00edrez Baqueiro &nbsp; &nbsp; \u201cUn acto de justicia permite cerrar un cap\u00edtulo; un acto de venganza escribe<\/p>\n","protected":false},"author":4,"featured_media":4390,"comment_status":"closed","ping_status":"closed","sticky":false,"template":"","format":"standard","meta":{"colormag_page_container_layout":"default_layout","colormag_page_sidebar_layout":"default_layout","_jetpack_memberships_contains_paid_content":false,"footnotes":"","jetpack_publicize_message":"","jetpack_publicize_feature_enabled":true,"jetpack_social_post_already_shared":false,"jetpack_social_options":{"image_generator_settings":{"template":"highway","default_image_id":0,"font":"","enabled":false},"version":2}},"categories":[26],"tags":[],"class_list":["post-16441","post","type-post","status-publish","format-standard","has-post-thumbnail","hentry","category-columnistas"],"jetpack_publicize_connections":[],"jetpack_featured_media_url":"https:\/\/i0.wp.com\/politicosaldesnudo.com.mx\/wp-content\/uploads\/2022\/04\/LUIS-RAMI%CC%81REZ-BAQUEIRO.png?fit=1816%2C1016&ssl=1","jetpack-related-posts":[],"jetpack_sharing_enabled":true,"_links":{"self":[{"href":"https:\/\/politicosaldesnudo.com.mx\/index.php\/wp-json\/wp\/v2\/posts\/16441","targetHints":{"allow":["GET"]}}],"collection":[{"href":"https:\/\/politicosaldesnudo.com.mx\/index.php\/wp-json\/wp\/v2\/posts"}],"about":[{"href":"https:\/\/politicosaldesnudo.com.mx\/index.php\/wp-json\/wp\/v2\/types\/post"}],"author":[{"embeddable":true,"href":"https:\/\/politicosaldesnudo.com.mx\/index.php\/wp-json\/wp\/v2\/users\/4"}],"replies":[{"embeddable":true,"href":"https:\/\/politicosaldesnudo.com.mx\/index.php\/wp-json\/wp\/v2\/comments?post=16441"}],"version-history":[{"count":0,"href":"https:\/\/politicosaldesnudo.com.mx\/index.php\/wp-json\/wp\/v2\/posts\/16441\/revisions"}],"wp:featuredmedia":[{"embeddable":true,"href":"https:\/\/politicosaldesnudo.com.mx\/index.php\/wp-json\/wp\/v2\/media\/4390"}],"wp:attachment":[{"href":"https:\/\/politicosaldesnudo.com.mx\/index.php\/wp-json\/wp\/v2\/media?parent=16441"}],"wp:term":[{"taxonomy":"category","embeddable":true,"href":"https:\/\/politicosaldesnudo.com.mx\/index.php\/wp-json\/wp\/v2\/categories?post=16441"},{"taxonomy":"post_tag","embeddable":true,"href":"https:\/\/politicosaldesnudo.com.mx\/index.php\/wp-json\/wp\/v2\/tags?post=16441"}],"curies":[{"name":"wp","href":"https:\/\/api.w.org\/{rel}","templated":true}]}}