{"id":16443,"date":"2023-02-23T08:25:38","date_gmt":"2023-02-23T14:25:38","guid":{"rendered":"https:\/\/politicosaldesnudo.com.mx\/?p=16443"},"modified":"2023-02-23T08:35:55","modified_gmt":"2023-02-23T14:35:55","slug":"las-marchas-de-don-enrique","status":"publish","type":"post","link":"https:\/\/politicosaldesnudo.com.mx\/index.php\/2023\/02\/23\/las-marchas-de-don-enrique\/","title":{"rendered":"Las marchas de Don Enrique"},"content":{"rendered":"<p>&nbsp;<\/p>\n<p class=\"p1\"><span style=\"font-size: 18pt;\"><strong>Por Jos\u00e9 Garc\u00eda S\u00e1nchez<\/strong><\/span><\/p>\n<p class=\"p1\"><span style=\"font-size: 18pt;\"><strong>Despu\u00e9s de escuchar en una conferencia matutina la explicaci\u00f3n que ofrece Enrique de la Madrid sobre los motivos de la fortaleza de una moneda, puede esperarse cualquier cosa de la derecha en materia econ\u00f3mica.<\/strong><\/span><\/p>\n<p class=\"p1\"><span style=\"font-size: 18pt;\"><strong>El candidato, \u00fanico al parecer, de la alianza opositora para la Presidencia de la Rep\u00fablica, dio una explicaci\u00f3n con la que ni un ni\u00f1o de primaria podr\u00eda estar de acuerdo, pero el PRI tiene sus curiosidades y sus propios\u00a0<i>freaks<\/i>. Luego de que su padre devalu\u00f3 el peso en 1,000 por ciento asegura que una econom\u00eda estable se comprueba con un peso devaluado. A partir de ah\u00ed quiere tener votos de gente inteligente, imposible.<\/strong><\/span><\/p>\n<p class=\"p1\"><span style=\"font-size: 18pt;\"><strong>Como la derecha no sabe qu\u00e9 hacer para figurar ya no en las elecciones sino en los medios que se hab\u00edan volcado a darles espacios destacados gratis a todo aquel que dijera algo contra el gobierno, ahora despu\u00e9s de la derrota que les impuso el fallo de la Corte Este de Brooklyn, contra el panista Genaro Garc\u00eda Luna, la oposici\u00f3n volvi\u00f3 a perder la br\u00fajula y espacios. Porque los medios deben simular no ser c\u00f3mplices del superpolic\u00eda dedicado al narcotr\u00e1fico, aunque de su complicidad haya vivido y vivido bien.<\/strong><\/span><\/p>\n<p class=\"p1\"><span style=\"font-size: 14pt;\">En este mismo sentido la derecha en M\u00e9xico y el resto de Am\u00e9rica Latina no sabe c\u00f3mo salir del marasmo en el que se encuentra, sobre todo, luego del golpe de Estado en Per\u00fa que descubri\u00f3 los intereses antipopulares y la violencia que les caracteriza.<\/span><\/p>\n<p class=\"p1\"><span style=\"font-size: 18pt; color: #139eca;\"><strong>En este contexto los conservadores, mexicanos, de ultraderecha o simplemente de la derecha convencional, no saben de d\u00f3nde tomar ideas y ante la ignorancia que les es propia, optan por la m\u00e1s rid\u00edcula. De esta manera en M\u00e9xico, los nost\u00e1lgicos del pasado supieron que en Argentina hab\u00eda una teor\u00eda, que se sac\u00f3 de la manda el ministro de Hacienda de Mauricio Macri, llamado Hern\u00e1n Lacunza, al decir que las marchas contribuyen o son un factor clave para devaluar la moneda del pa\u00eds donde ocurren porque desgastan al gobierno, esto repercute en la fluctuaci\u00f3n de la moneda y se convierte en otra de la gran variedad de causas de la marcha del pr\u00f3ximo 26 de febrero.<\/strong><\/span><\/p>\n<p>&nbsp;<\/p>\n<p><img data-recalc-dims=\"1\" loading=\"lazy\" decoding=\"async\" class=\"aligncenter wp-image-16444 size-large\" src=\"https:\/\/i0.wp.com\/politicosaldesnudo.com.mx\/wp-content\/uploads\/2023\/02\/P-ENRIQUE-DE-LA-MADRID-1024x573.png?resize=800%2C448&#038;ssl=1\" alt=\"\" width=\"800\" height=\"448\" srcset=\"https:\/\/i0.wp.com\/politicosaldesnudo.com.mx\/wp-content\/uploads\/2023\/02\/P-ENRIQUE-DE-LA-MADRID.png?resize=1024%2C573&amp;ssl=1 1024w, https:\/\/i0.wp.com\/politicosaldesnudo.com.mx\/wp-content\/uploads\/2023\/02\/P-ENRIQUE-DE-LA-MADRID.png?resize=300%2C168&amp;ssl=1 300w, https:\/\/i0.wp.com\/politicosaldesnudo.com.mx\/wp-content\/uploads\/2023\/02\/P-ENRIQUE-DE-LA-MADRID.png?resize=768%2C430&amp;ssl=1 768w, https:\/\/i0.wp.com\/politicosaldesnudo.com.mx\/wp-content\/uploads\/2023\/02\/P-ENRIQUE-DE-LA-MADRID.png?resize=1536%2C859&amp;ssl=1 1536w, https:\/\/i0.wp.com\/politicosaldesnudo.com.mx\/wp-content\/uploads\/2023\/02\/P-ENRIQUE-DE-LA-MADRID.png?w=1816&amp;ssl=1 1816w, https:\/\/i0.wp.com\/politicosaldesnudo.com.mx\/wp-content\/uploads\/2023\/02\/P-ENRIQUE-DE-LA-MADRID.png?w=1600&amp;ssl=1 1600w\" sizes=\"auto, (max-width: 800px) 100vw, 800px\" \/><\/p>\n<p>&nbsp;<\/p>\n<p class=\"p1\"><span style=\"font-size: 14pt;\">Es necesario destacar que durante el gobierno derechista de Macri hubo una devaluaci\u00f3n del peso argentino del 539 por ciento. Situaci\u00f3n en la que personajes de caricatura como Enrique de la Madrid, creer\u00edan que hay auge econ\u00f3mico. Pero Macri, as\u00ed como Miguel del Madrid Hurtado, dej\u00f3 una estela de corrupci\u00f3n por m\u00e1s de 11 mil millones de pesos argentinos.<\/span><\/p>\n<p class=\"p1\"><span style=\"font-size: 18pt;\"><strong>Enrique De la Madrid inici\u00f3 el proceso de privatizaci\u00f3n de las empresas p\u00fablicas y se arrodill\u00f3 a Estados Unidos a cambio de cr\u00e9ditos del FMI y el Banco Mundial.<\/strong><\/span><\/p>\n<p class=\"p1\"><span style=\"font-size: 18pt;\"><strong>Al parecer los panistas, que rescataron esta teor\u00eda del cesto de la basura y de los anales del rid\u00edculo, quieren, de ahora en adelante, realizar marchas m\u00e1s continuamente, aunque cada vez con menos gente como podr\u00e1 apreciarse el \u00faltimo domingo de febrero.<\/strong><\/span><\/p>\n<p class=\"p1\"><span style=\"font-size: 18pt; color: #139eca;\"><strong>La batalla de la derecha contra los logros del gobierno, no reparan en que sean beneficios sociales, simplemente se dedican a combatirlos. Ah\u00ed est\u00e1 el propio Enrique de la Madrid, quien asegura que, de llegar a ser Presidente, como lo fue su padre, destruir\u00eda el Aeropuerto Internacional Felipe \u00c1ngeles y continuar\u00eda la construcci\u00f3n del aeropuerto de Texcoco, en medio de una laguna.<\/strong><\/span><\/p>\n<p class=\"p1\"><span style=\"font-size: 14pt;\">As\u00ed, lo que quiere la derecha es que el peso mexicano se deval\u00fae, a fuerza de marchas, y la del 26 de febrero tendr\u00e1 ese objetivo que mostrar\u00e1n en pancartas y parox\u00edsticas declaraciones.<\/span><\/p>\n<p class=\"p1\"><span style=\"font-size: 14pt;\">Por su parte, el presidente Andr\u00e9s Manuel L\u00f3pez Obrador afirm\u00f3 que el consejero presidente del INE; Lorenzo C\u00f3rdova, \u201cy todos los que viv\u00edan del presupuesto\u201d encabezan los grupos conservadores que promueven las manifestaciones en contra de las modificaciones en materia electoral propuestas por su gobierno, porque as\u00ed pueden dar la impresi\u00f3n de que hay una inconformidad mayoritaria, de ah\u00ed que aseguren que marchan millones cuando en realidad s\u00f3lo son cientos.<\/span><\/p>\n<p class=\"p1\"><span style=\"font-size: 18pt;\"><strong>La visi\u00f3n simplista de la derecha sobre la realidad, su desprecio por la historia y el desd\u00e9n sobre el conocimiento los condena, desde ahora, a la derrota electoral, ante la ignorancia de la realidad.<\/strong><\/span><\/p>\n<p>&nbsp;<\/p>\n<hr \/>\n<p>&nbsp;<\/p>\n<p><span style=\"font-size: 18pt;\"><strong>Twitter:\u00a0<a href=\"https:\/\/twitter.com\/Josangasa3\">@Josangasa3<\/a><\/strong><\/span><\/p>\n<p>&nbsp;<\/p>\n<p><img data-recalc-dims=\"1\" loading=\"lazy\" decoding=\"async\" class=\"aligncenter wp-image-14351\" src=\"https:\/\/i0.wp.com\/politicosaldesnudo.com.mx\/wp-content\/uploads\/2023\/01\/FIRMA-EDITORIAL-PD-300x37.png?resize=800%2C98&#038;ssl=1\" alt=\"\" width=\"800\" height=\"98\" srcset=\"https:\/\/i0.wp.com\/politicosaldesnudo.com.mx\/wp-content\/uploads\/2023\/01\/FIRMA-EDITORIAL-PD.png?resize=300%2C37&amp;ssl=1 300w, https:\/\/i0.wp.com\/politicosaldesnudo.com.mx\/wp-content\/uploads\/2023\/01\/FIRMA-EDITORIAL-PD.png?resize=1024%2C125&amp;ssl=1 1024w, https:\/\/i0.wp.com\/politicosaldesnudo.com.mx\/wp-content\/uploads\/2023\/01\/FIRMA-EDITORIAL-PD.png?resize=768%2C94&amp;ssl=1 768w, https:\/\/i0.wp.com\/politicosaldesnudo.com.mx\/wp-content\/uploads\/2023\/01\/FIRMA-EDITORIAL-PD.png?resize=1536%2C188&amp;ssl=1 1536w, https:\/\/i0.wp.com\/politicosaldesnudo.com.mx\/wp-content\/uploads\/2023\/01\/FIRMA-EDITORIAL-PD.png?resize=2048%2C250&amp;ssl=1 2048w, https:\/\/i0.wp.com\/politicosaldesnudo.com.mx\/wp-content\/uploads\/2023\/01\/FIRMA-EDITORIAL-PD.png?w=1600&amp;ssl=1 1600w, https:\/\/i0.wp.com\/politicosaldesnudo.com.mx\/wp-content\/uploads\/2023\/01\/FIRMA-EDITORIAL-PD.png?w=2400&amp;ssl=1 2400w\" sizes=\"auto, (max-width: 800px) 100vw, 800px\" \/><\/p>\n<p>&nbsp;<\/p>\n<p>&nbsp;<\/p>\n<p>&nbsp;<\/p>\n<p>&nbsp;<\/p>\n","protected":false},"excerpt":{"rendered":"<p>&nbsp; Por Jos\u00e9 Garc\u00eda S\u00e1nchez Despu\u00e9s de escuchar en una conferencia matutina la explicaci\u00f3n que ofrece Enrique de la Madrid<\/p>\n","protected":false},"author":4,"featured_media":3934,"comment_status":"closed","ping_status":"closed","sticky":false,"template":"","format":"standard","meta":{"colormag_page_container_layout":"default_layout","colormag_page_sidebar_layout":"default_layout","_jetpack_memberships_contains_paid_content":false,"footnotes":"","jetpack_publicize_message":"","jetpack_publicize_feature_enabled":true,"jetpack_social_post_already_shared":false,"jetpack_social_options":{"image_generator_settings":{"template":"highway","default_image_id":0,"font":"","enabled":false},"version":2}},"categories":[26],"tags":[1155,2278,452,226],"class_list":["post-16443","post","type-post","status-publish","format-standard","has-post-thumbnail","hentry","category-columnistas","tag-derecha","tag-enrique-de-la-madrid","tag-oposicion","tag-pri"],"jetpack_publicize_connections":[],"jetpack_featured_media_url":"https:\/\/i0.wp.com\/politicosaldesnudo.com.mx\/wp-content\/uploads\/2022\/04\/JOSE%CC%81-GARCI%CC%81A.png?fit=1816%2C1016&ssl=1","jetpack-related-posts":[],"jetpack_sharing_enabled":true,"_links":{"self":[{"href":"https:\/\/politicosaldesnudo.com.mx\/index.php\/wp-json\/wp\/v2\/posts\/16443","targetHints":{"allow":["GET"]}}],"collection":[{"href":"https:\/\/politicosaldesnudo.com.mx\/index.php\/wp-json\/wp\/v2\/posts"}],"about":[{"href":"https:\/\/politicosaldesnudo.com.mx\/index.php\/wp-json\/wp\/v2\/types\/post"}],"author":[{"embeddable":true,"href":"https:\/\/politicosaldesnudo.com.mx\/index.php\/wp-json\/wp\/v2\/users\/4"}],"replies":[{"embeddable":true,"href":"https:\/\/politicosaldesnudo.com.mx\/index.php\/wp-json\/wp\/v2\/comments?post=16443"}],"version-history":[{"count":0,"href":"https:\/\/politicosaldesnudo.com.mx\/index.php\/wp-json\/wp\/v2\/posts\/16443\/revisions"}],"wp:featuredmedia":[{"embeddable":true,"href":"https:\/\/politicosaldesnudo.com.mx\/index.php\/wp-json\/wp\/v2\/media\/3934"}],"wp:attachment":[{"href":"https:\/\/politicosaldesnudo.com.mx\/index.php\/wp-json\/wp\/v2\/media?parent=16443"}],"wp:term":[{"taxonomy":"category","embeddable":true,"href":"https:\/\/politicosaldesnudo.com.mx\/index.php\/wp-json\/wp\/v2\/categories?post=16443"},{"taxonomy":"post_tag","embeddable":true,"href":"https:\/\/politicosaldesnudo.com.mx\/index.php\/wp-json\/wp\/v2\/tags?post=16443"}],"curies":[{"name":"wp","href":"https:\/\/api.w.org\/{rel}","templated":true}]}}