{"id":16451,"date":"2023-02-23T08:52:34","date_gmt":"2023-02-23T14:52:34","guid":{"rendered":"https:\/\/politicosaldesnudo.com.mx\/?p=16451"},"modified":"2023-02-23T08:54:33","modified_gmt":"2023-02-23T14:54:33","slug":"educacion-piedra-angular-del-desarrollo-y-la-transformacion-jose-manuel-pozos","status":"publish","type":"post","link":"https:\/\/politicosaldesnudo.com.mx\/index.php\/2023\/02\/23\/educacion-piedra-angular-del-desarrollo-y-la-transformacion-jose-manuel-pozos\/","title":{"rendered":"Educaci\u00f3n, piedra angular del desarrollo y la transformaci\u00f3n: Jos\u00e9 Manuel Pozos"},"content":{"rendered":"<p>&nbsp;<\/p>\n<p class=\"p3\" style=\"text-align: center;\"><span style=\"font-size: 18pt;\"><strong>&lt;&lt;Estudiantes del Telebachillerato de Aire Libre Km. 15 reciben becas de la Asociaci\u00f3n \u201cD\u00eda Solidario\u201d&gt;&gt;<\/strong><\/span><\/p>\n<p>&nbsp;<\/p>\n<p>&nbsp;<\/p>\n<p class=\"p3\"><span style=\"font-size: 14pt;\"><em><strong>TUXPAN, VERACRUZ.<\/strong> <\/em><strong>La asociaci\u00f3n \u201cD\u00eda Solidario\u201d<\/strong>, perteneciente a <strong>la empresa GPG de Grupo Naturgy<\/strong> y<strong> el Ayuntamiento de Tuxpan<\/strong> hicieron entrega de <strong>becas a 87 estudiantes del Telebachillerato<\/strong> de Aire Libre Km. 15, y a 6 estudiantes universitarios.<\/span><\/p>\n<p class=\"p3\"><span style=\"font-size: 18pt;\"><strong>De manera simb\u00f3lica entregaron un cheque al Coordinador del Telebachillerato, Jair Hern\u00e1ndez Salas por la cantidad de 780 mil 639 pesos, monto total de las becas otorgadas.<\/strong><\/span><\/p>\n<p class=\"p3\"><span style=\"font-size: 18pt;\"><strong>El alcalde Jos\u00e9 Manuel Pozos se\u00f1al\u00f3 que la educaci\u00f3n es la piedra angular del desarrollo y de la transformaci\u00f3n de nuestra sociedad: \u201cInvertir en educaci\u00f3n, es construir nuevos caminos hacia un bienestar perdurable\u201d.<\/strong><\/span><\/p>\n<p>&nbsp;<\/p>\n<p><img data-recalc-dims=\"1\" loading=\"lazy\" decoding=\"async\" class=\"aligncenter wp-image-16456 size-large\" src=\"https:\/\/i0.wp.com\/politicosaldesnudo.com.mx\/wp-content\/uploads\/2023\/02\/B-TX-BECAS-5-1024x573.png?resize=800%2C448&#038;ssl=1\" alt=\"\" width=\"800\" height=\"448\" srcset=\"https:\/\/i0.wp.com\/politicosaldesnudo.com.mx\/wp-content\/uploads\/2023\/02\/B-TX-BECAS-5.png?resize=1024%2C573&amp;ssl=1 1024w, https:\/\/i0.wp.com\/politicosaldesnudo.com.mx\/wp-content\/uploads\/2023\/02\/B-TX-BECAS-5.png?resize=300%2C168&amp;ssl=1 300w, https:\/\/i0.wp.com\/politicosaldesnudo.com.mx\/wp-content\/uploads\/2023\/02\/B-TX-BECAS-5.png?resize=768%2C430&amp;ssl=1 768w, https:\/\/i0.wp.com\/politicosaldesnudo.com.mx\/wp-content\/uploads\/2023\/02\/B-TX-BECAS-5.png?resize=1536%2C859&amp;ssl=1 1536w, https:\/\/i0.wp.com\/politicosaldesnudo.com.mx\/wp-content\/uploads\/2023\/02\/B-TX-BECAS-5.png?w=1816&amp;ssl=1 1816w, https:\/\/i0.wp.com\/politicosaldesnudo.com.mx\/wp-content\/uploads\/2023\/02\/B-TX-BECAS-5.png?w=1600&amp;ssl=1 1600w\" sizes=\"auto, (max-width: 800px) 100vw, 800px\" \/><\/p>\n<p>&nbsp;<\/p>\n<p class=\"p3\"><span style=\"font-size: 18pt;\"><strong>Jos\u00e9 Manuel Pozos<span class=\"Apple-converted-space\">\u00a0 <\/span>Indic\u00f3 que cuando en el gobierno y en las empresas est\u00e1n presentes valores \u00e9ticos, se toman decisiones y acciones que tienen un impacto positivo en la vida de las personas.<\/strong><\/span><\/p>\n<p class=\"p3\"><span style=\"font-size: 14pt;\">En ese sentido, reconoci\u00f3 a la empresa GPG de Naturgy, por su compromiso con el desarrollo social, as\u00ed como por apoyar en la educaci\u00f3n de los j\u00f3venes tuxpe\u00f1os; y a los trabajadores que integran la Asociaci\u00f3n D\u00eda Solidario, porque con sus aportaciones contribuyen a la educaci\u00f3n de adolescentes y j\u00f3venes de la Ruta de Los Kil\u00f3metros.<span class=\"Apple-converted-space\">\u00a0<\/span><\/span><\/p>\n<p class=\"p3\"><span style=\"font-size: 18pt; color: #139eca;\"><strong>Jos\u00e9 Manuel Pozos Castro se comprometi\u00f3 a seguir trabajando en beneficio de la juventud de las comunidades: \u201cEn el Gobierno de Tuxpan tenemos perfectamente claro que la educaci\u00f3n es transformaci\u00f3n en todos los aspectos de la vida. Nos propusimos que el 2023 ser\u00e1 el a\u00f1o de las comunidades y estamos trabajando en ello\u201d.<\/strong><\/span><\/p>\n<p>&nbsp;<\/p>\n<p><img data-recalc-dims=\"1\" loading=\"lazy\" decoding=\"async\" class=\"aligncenter wp-image-16454 size-large\" src=\"https:\/\/i0.wp.com\/politicosaldesnudo.com.mx\/wp-content\/uploads\/2023\/02\/B-TX-BECAS-3-1024x573.png?resize=800%2C448&#038;ssl=1\" alt=\"\" width=\"800\" height=\"448\" srcset=\"https:\/\/i0.wp.com\/politicosaldesnudo.com.mx\/wp-content\/uploads\/2023\/02\/B-TX-BECAS-3.png?resize=1024%2C573&amp;ssl=1 1024w, https:\/\/i0.wp.com\/politicosaldesnudo.com.mx\/wp-content\/uploads\/2023\/02\/B-TX-BECAS-3.png?resize=300%2C168&amp;ssl=1 300w, https:\/\/i0.wp.com\/politicosaldesnudo.com.mx\/wp-content\/uploads\/2023\/02\/B-TX-BECAS-3.png?resize=768%2C430&amp;ssl=1 768w, https:\/\/i0.wp.com\/politicosaldesnudo.com.mx\/wp-content\/uploads\/2023\/02\/B-TX-BECAS-3.png?resize=1536%2C859&amp;ssl=1 1536w, https:\/\/i0.wp.com\/politicosaldesnudo.com.mx\/wp-content\/uploads\/2023\/02\/B-TX-BECAS-3.png?w=1816&amp;ssl=1 1816w, https:\/\/i0.wp.com\/politicosaldesnudo.com.mx\/wp-content\/uploads\/2023\/02\/B-TX-BECAS-3.png?w=1600&amp;ssl=1 1600w\" sizes=\"auto, (max-width: 800px) 100vw, 800px\" \/><\/p>\n<p>&nbsp;<\/p>\n<p class=\"p3\"><span style=\"font-size: 18pt;\"><strong>Al hacer uso de la voz, Carlos Villegas Aguirre, representante de la Central de Ciclo Combinado de Tuxpan 3&amp;4 y de la asociaci\u00f3n \u201cD\u00eda Solidario\u201d de GPG Naturgy detall\u00f3 que estas becas corresponden al periodo de febrero a agosto de 2022, y refiri\u00f3 que es un apoyo en beneficio de los estudiantes, de sus familias y de la comunidad: \u201cEsperamos y deseamos que aprovechen esta beca al m\u00e1ximo en sus estudios presentes y futuros\u201d.<\/strong><\/span><\/p>\n<p>&nbsp;<\/p>\n<p><img data-recalc-dims=\"1\" loading=\"lazy\" decoding=\"async\" class=\"aligncenter wp-image-16455 size-large\" src=\"https:\/\/i0.wp.com\/politicosaldesnudo.com.mx\/wp-content\/uploads\/2023\/02\/B-TX-BECAS-4-1024x573.png?resize=800%2C448&#038;ssl=1\" alt=\"\" width=\"800\" height=\"448\" srcset=\"https:\/\/i0.wp.com\/politicosaldesnudo.com.mx\/wp-content\/uploads\/2023\/02\/B-TX-BECAS-4.png?resize=1024%2C573&amp;ssl=1 1024w, https:\/\/i0.wp.com\/politicosaldesnudo.com.mx\/wp-content\/uploads\/2023\/02\/B-TX-BECAS-4.png?resize=300%2C168&amp;ssl=1 300w, https:\/\/i0.wp.com\/politicosaldesnudo.com.mx\/wp-content\/uploads\/2023\/02\/B-TX-BECAS-4.png?resize=768%2C430&amp;ssl=1 768w, https:\/\/i0.wp.com\/politicosaldesnudo.com.mx\/wp-content\/uploads\/2023\/02\/B-TX-BECAS-4.png?resize=1536%2C859&amp;ssl=1 1536w, https:\/\/i0.wp.com\/politicosaldesnudo.com.mx\/wp-content\/uploads\/2023\/02\/B-TX-BECAS-4.png?w=1816&amp;ssl=1 1816w, https:\/\/i0.wp.com\/politicosaldesnudo.com.mx\/wp-content\/uploads\/2023\/02\/B-TX-BECAS-4.png?w=1600&amp;ssl=1 1600w\" sizes=\"auto, (max-width: 800px) 100vw, 800px\" \/><\/p>\n<p>&nbsp;<\/p>\n<p class=\"p3\"><span style=\"font-size: 18pt;\"><strong>La joven Mar\u00eda del Carmen Romero, estudiante egresada del Telebachillerato Aire Libre N\u00famero 15, agradeci\u00f3 la entrega de estos apoyos: \u201cGracias a estas becas muchos de nosotros podemos seguir nuestros estudios y cumplir con las metas que nos proponemos\u201d.<span class=\"Apple-converted-space\">\u00a0<\/span><\/strong><\/span><\/p>\n<p class=\"p3\"><span style=\"font-size: 14pt;\">Por su parte G\u00e9nesis Daniela Reyes, alumna del telebachillerato, mencion\u00f3 que estas becas son reflejo de la solidaridad y el compromiso con los estudiantes y sus familias: \u201cCon estos apoyos muchos alumnos podremos mejorar algunos aspectos, como la compra de \u00fatiles\u201d.<\/span><\/p>\n<p>&nbsp;<\/p>\n<p><img data-recalc-dims=\"1\" loading=\"lazy\" decoding=\"async\" class=\"aligncenter wp-image-16453 size-large\" src=\"https:\/\/i0.wp.com\/politicosaldesnudo.com.mx\/wp-content\/uploads\/2023\/02\/B-TX-BECAS-2-1024x573.png?resize=800%2C448&#038;ssl=1\" alt=\"\" width=\"800\" height=\"448\" srcset=\"https:\/\/i0.wp.com\/politicosaldesnudo.com.mx\/wp-content\/uploads\/2023\/02\/B-TX-BECAS-2.png?resize=1024%2C573&amp;ssl=1 1024w, https:\/\/i0.wp.com\/politicosaldesnudo.com.mx\/wp-content\/uploads\/2023\/02\/B-TX-BECAS-2.png?resize=300%2C168&amp;ssl=1 300w, https:\/\/i0.wp.com\/politicosaldesnudo.com.mx\/wp-content\/uploads\/2023\/02\/B-TX-BECAS-2.png?resize=768%2C430&amp;ssl=1 768w, https:\/\/i0.wp.com\/politicosaldesnudo.com.mx\/wp-content\/uploads\/2023\/02\/B-TX-BECAS-2.png?resize=1536%2C859&amp;ssl=1 1536w, https:\/\/i0.wp.com\/politicosaldesnudo.com.mx\/wp-content\/uploads\/2023\/02\/B-TX-BECAS-2.png?w=1816&amp;ssl=1 1816w, https:\/\/i0.wp.com\/politicosaldesnudo.com.mx\/wp-content\/uploads\/2023\/02\/B-TX-BECAS-2.png?w=1600&amp;ssl=1 1600w\" sizes=\"auto, (max-width: 800px) 100vw, 800px\" \/><\/p>\n<p>&nbsp;<\/p>\n<p class=\"p3\"><span style=\"font-size: 14pt;\">Acompa\u00f1aron al alcalde en la entrega la s\u00edndica Beatriz Pi\u00f1a Vergara, el regidor Luis Demetrio L\u00f3pez Mar\u00edn, comisionado en Educaci\u00f3n; el delegado de la SEV en Tuxpan, On\u00e9simo P\u00e9rez Ramos y Jorge Arturo Garc\u00eda Robles, director de Educaci\u00f3n.<span class=\"Apple-converted-space\">\u00a0<\/span><\/span><\/p>\n<p class=\"p3\"><span style=\"font-size: 14pt;\">Tambi\u00e9n estuvieron presentes las regidoras y regidores Amado Guti\u00e9rrez Lima, Maryanela Monroy Flores, Lucero Res\u00e9ndis Ambrocio y Axel Bernal Herrera.<\/span><\/p>\n<p>&nbsp;<\/p>\n<p>&nbsp;<\/p>\n<p>&nbsp;<\/p>\n<p>&nbsp;<\/p>\n<p class=\"p5\">\n","protected":false},"excerpt":{"rendered":"<p>&nbsp; &lt;&lt;Estudiantes del Telebachillerato de Aire Libre Km. 15 reciben becas de la Asociaci\u00f3n \u201cD\u00eda Solidario\u201d&gt;&gt; &nbsp; &nbsp; TUXPAN, VERACRUZ.<\/p>\n","protected":false},"author":4,"featured_media":16452,"comment_status":"closed","ping_status":"closed","sticky":false,"template":"","format":"standard","meta":{"colormag_page_container_layout":"default_layout","colormag_page_sidebar_layout":"default_layout","_jetpack_memberships_contains_paid_content":false,"footnotes":"","jetpack_publicize_message":"","jetpack_publicize_feature_enabled":true,"jetpack_social_post_already_shared":false,"jetpack_social_options":{"image_generator_settings":{"template":"highway","default_image_id":0,"font":"","enabled":false},"version":2}},"categories":[1082],"tags":[380,1014,1771,2279,576,70,100],"class_list":["post-16451","post","type-post","status-publish","format-standard","has-post-thumbnail","hentry","category-tuxpan","tag-becas","tag-dia-solidario","tag-educacion","tag-gpg-de-naturgy","tag-jose-manuel-pozos","tag-tuxpan","tag-veracruz"],"jetpack_publicize_connections":[],"jetpack_featured_media_url":"https:\/\/i0.wp.com\/politicosaldesnudo.com.mx\/wp-content\/uploads\/2023\/02\/B-TX-BECAS-1.png?fit=1816%2C1016&ssl=1","jetpack-related-posts":[],"jetpack_sharing_enabled":true,"_links":{"self":[{"href":"https:\/\/politicosaldesnudo.com.mx\/index.php\/wp-json\/wp\/v2\/posts\/16451","targetHints":{"allow":["GET"]}}],"collection":[{"href":"https:\/\/politicosaldesnudo.com.mx\/index.php\/wp-json\/wp\/v2\/posts"}],"about":[{"href":"https:\/\/politicosaldesnudo.com.mx\/index.php\/wp-json\/wp\/v2\/types\/post"}],"author":[{"embeddable":true,"href":"https:\/\/politicosaldesnudo.com.mx\/index.php\/wp-json\/wp\/v2\/users\/4"}],"replies":[{"embeddable":true,"href":"https:\/\/politicosaldesnudo.com.mx\/index.php\/wp-json\/wp\/v2\/comments?post=16451"}],"version-history":[{"count":0,"href":"https:\/\/politicosaldesnudo.com.mx\/index.php\/wp-json\/wp\/v2\/posts\/16451\/revisions"}],"wp:featuredmedia":[{"embeddable":true,"href":"https:\/\/politicosaldesnudo.com.mx\/index.php\/wp-json\/wp\/v2\/media\/16452"}],"wp:attachment":[{"href":"https:\/\/politicosaldesnudo.com.mx\/index.php\/wp-json\/wp\/v2\/media?parent=16451"}],"wp:term":[{"taxonomy":"category","embeddable":true,"href":"https:\/\/politicosaldesnudo.com.mx\/index.php\/wp-json\/wp\/v2\/categories?post=16451"},{"taxonomy":"post_tag","embeddable":true,"href":"https:\/\/politicosaldesnudo.com.mx\/index.php\/wp-json\/wp\/v2\/tags?post=16451"}],"curies":[{"name":"wp","href":"https:\/\/api.w.org\/{rel}","templated":true}]}}