{"id":16507,"date":"2023-02-24T03:46:19","date_gmt":"2023-02-24T09:46:19","guid":{"rendered":"https:\/\/politicosaldesnudo.com.mx\/?p=16507"},"modified":"2023-02-24T04:14:53","modified_gmt":"2023-02-24T10:14:53","slug":"creel-un-conservador-misogino","status":"publish","type":"post","link":"https:\/\/politicosaldesnudo.com.mx\/index.php\/2023\/02\/24\/creel-un-conservador-misogino\/","title":{"rendered":"Creel, un conservador mis\u00f3gino"},"content":{"rendered":"<p>&nbsp;<\/p>\n<p class=\"p1\"><span style=\"font-size: 18pt;\"><strong>Por \u00c1ngel \u00c1lvaro Pe\u00f1a<\/strong><\/span><\/p>\n<p class=\"p1\"><span style=\"font-size: 18pt;\"><strong>Como si se tratara de un l\u00edder de opini\u00f3n o de alguien que pudiera ser una autoridad en la equidad de g\u00e9nero, Santiago Creel Miranda, presidente de la Mesa Directiva de la C\u00e1mara de Diputados, extern\u00f3 su disgusto por la decisi\u00f3n del Tribunal Electoral del Poder Judicial de la Federaci\u00f3n que obliga a los diputados a que conformen una quinteta exclusivamente integrada por mujeres para elegir a una presidenta consejera del INE.<\/strong><\/span><\/p>\n<p class=\"p1\"><span style=\"font-size: 14pt;\">\u201cEl tema con la orden del TEPJF de que sea una mujer la nueva presidenta del INE va m\u00e1s all\u00e1 del tema del g\u00e9nero\u201d, dijo Creel Miranda y agreg\u00f3 que esta orden se trata de la \u201cintromisi\u00f3n de un Tribunal en una soberan\u00eda\u201d.<\/span><\/p>\n<p class=\"p1\"><span style=\"font-size: 18pt;\"><strong>Aqu\u00ed es donde no se entiende su concepto de soberan\u00eda del diputado y ex secretario de Gobernaci\u00f3n, porque ha habido otros fallos del tribunal electoral que afectan la autonom\u00eda y se ha quedado callado.<\/strong><\/span><\/p>\n<p class=\"p1\"><span style=\"font-size: 18pt; color: #139eca;\"><strong>En momentos en que la participaci\u00f3n de la mujer en la vida del pa\u00eds, dentro y fuera de la administraci\u00f3n p\u00fablica Santiago Creel se indigna porque deber\u00e1 ser una mujer la consejera presidenta del INE, sin mayor explicaci\u00f3n que la supuesta \u201cintromisi\u00f3n a la soberan\u00eda\u201d.<\/strong><\/span><\/p>\n<p class=\"p1\"><span style=\"font-size: 18pt;\"><strong>Esta es de las pocas veces en las que Santiago Creel cuestiona al Tribunal Electoral, que siempre ha sido ben\u00e9volo con \u00e9l y con sus aspiraciones pol\u00edticas. La relaci\u00f3n con esa instancia parece romperse luego de a\u00f1os de buenas relaciones, lo cual no deja de tener interpretaciones pol\u00edticas muy graves.<\/strong><\/span><\/p>\n<p class=\"p1\"><span style=\"font-size: 14pt;\">La trayectoria de Creel no concuerda con su reacci\u00f3n actual Conservador siempre ha sido, pero llegar a los extremos que muestra ahora no deja de apreciarse como un acto suicida, toda vez que ha expresado p\u00fablicamente su intenci\u00f3n por ser candidato a la Presidencia de la Rep\u00fablica.<\/span><\/p>\n<p class=\"p1\"><span style=\"font-size: 14pt;\">El conservadurismo de quien fuera candidato perdedor por la jefatura de gobierno de la Ciudad de M\u00e9xico, brinca en los peores momentos que puede tener una persona de derecha, ubicada en el conservadurismo.<\/span><\/p>\n<p class=\"p1\"><span style=\"font-size: 18pt;\"><strong>La Sala Superior del Tribunal electoral, por mayor\u00eda de votos, el Acuerdo de la Junta de Coordinaci\u00f3n Pol\u00edtica de la C\u00e1mara de Diputaciones para el proceso para la designaci\u00f3n del Comit\u00e9 T\u00e9cnico de Evaluaci\u00f3n, la Convocatoria para la elecci\u00f3n de consejeras y consejeros electorales del Consejo General del INE y de sus criterios espec\u00edficos de evaluaci\u00f3n, al se\u00f1alar que no se cumpl\u00eda con la paridad de g\u00e9nero en la presidencia del INE.<\/strong><\/span><\/p>\n<p class=\"p1\"><span style=\"font-size: 18pt; color: #139eca;\"><strong>Pero Creel pareciera vivir en el pasado y exaltado afirm\u00f3 que le genera \u201cdudas\u201d que el TEPJF se meta con las decisiones de la C\u00e1mara de Diputados, \u201cah\u00ed es donde est\u00e1 la duda\u201d, coment\u00f3, como si anteriormente no hubiera habido reales intromisiones del tribunal electoral en el pasado, no s\u00f3lo en las decisiones del Legislativo, sino en la vida de candidatos y partidos.<\/strong><\/span><\/p>\n<p>&nbsp;<\/p>\n<p><img data-recalc-dims=\"1\" loading=\"lazy\" decoding=\"async\" class=\"aligncenter wp-image-16508 size-large\" src=\"https:\/\/i0.wp.com\/politicosaldesnudo.com.mx\/wp-content\/uploads\/2023\/02\/P-SANTIGO-CREEL-1024x573.png?resize=800%2C448&#038;ssl=1\" alt=\"\" width=\"800\" height=\"448\" srcset=\"https:\/\/i0.wp.com\/politicosaldesnudo.com.mx\/wp-content\/uploads\/2023\/02\/P-SANTIGO-CREEL.png?resize=1024%2C573&amp;ssl=1 1024w, https:\/\/i0.wp.com\/politicosaldesnudo.com.mx\/wp-content\/uploads\/2023\/02\/P-SANTIGO-CREEL.png?resize=300%2C168&amp;ssl=1 300w, https:\/\/i0.wp.com\/politicosaldesnudo.com.mx\/wp-content\/uploads\/2023\/02\/P-SANTIGO-CREEL.png?resize=768%2C430&amp;ssl=1 768w, https:\/\/i0.wp.com\/politicosaldesnudo.com.mx\/wp-content\/uploads\/2023\/02\/P-SANTIGO-CREEL.png?resize=1536%2C859&amp;ssl=1 1536w, https:\/\/i0.wp.com\/politicosaldesnudo.com.mx\/wp-content\/uploads\/2023\/02\/P-SANTIGO-CREEL.png?w=1816&amp;ssl=1 1816w, https:\/\/i0.wp.com\/politicosaldesnudo.com.mx\/wp-content\/uploads\/2023\/02\/P-SANTIGO-CREEL.png?w=1600&amp;ssl=1 1600w\" sizes=\"auto, (max-width: 800px) 100vw, 800px\" \/><\/p>\n<p>&nbsp;<\/p>\n<p class=\"p1\"><span style=\"font-size: 18pt;\"><strong>Es tiempo de pagar la deuda de marginaci\u00f3n al darse a conocer la decisi\u00f3n del tribunal vio frustrada su estrategia, porque ahora habla de una invasi\u00f3n de facultades que nadie advierte m\u00e1s que Creel Miranda.<\/strong><\/span><\/p>\n<p class=\"p1\"><span style=\"font-size: 18pt; color: #139eca;\"><strong>El Presidente\u00a0opin\u00f3 que \u201cest\u00e1 muy bien\u201d, porque \u201clas mujeres suelen ser m\u00e1s honestas\u201d, e hizo una defensa de la labor de las mujeres en la administraci\u00f3n p\u00fablica.<\/strong><\/span><\/p>\n<p class=\"p1\"><span style=\"font-size: 14pt;\">Existen precandidaturas que en algunos estados del pa\u00eds se rechaza la participaci\u00f3n de la mujer por el simple hecho de ser mujeres. Es momento de reconocer que las mujeres estuvieron, en el pasado, al margen de las actividades que desde el poder machista se les neg\u00f3. Anteriormente no se reconoc\u00eda que la mujer puede realizar todas las actividades que el ser humano desarrolla en su vida cotidiana y la pol\u00edtica no es la excepci\u00f3n.<\/span><\/p>\n<p class=\"p1\"><span style=\"font-size: 14pt;\">Las mujeres en M\u00e9xico empezaron a votar tard\u00edamente en comparaci\u00f3n a los hombres, su primera voluntad en las urnas la mostraron un 3 de julio de 1955, mientras que en Estados Unidos las mujeres pod\u00edan votar desde 1920. Como estas tareas otras muchas que demuestran que se ha discriminado a la mujer y todav\u00eda hay rezagos que deben resolverse como el hecho de que tengan el mismo salario que los hombres desarrollando una misma funci\u00f3n laboral.<\/span><\/p>\n<p class=\"p1\"><span style=\"font-size: 18pt; color: #139eca;\"><strong>Nada que pueda otorgar derechos a la mujer puede ser cuestionado en M\u00e9xico, hacerlo es desconocer nuestra historia y se hace necesario recordar que, por muchos a\u00f1os, la mujer fue la servidumbre del hombre tanto en el hogar como en las actividades laborales, y esto nadie en este pa\u00eds debe olvidarlo y menos a\u00fan regatear los derechos de igualdad, porque hacerlo implica estar contra la democracia.<\/strong><\/span><\/p>\n<p class=\"p1\"><span style=\"font-size: 14pt;\">Las mujeres demostraron su participaci\u00f3n en la historia desde la Reforma, cuando se establece claramente las trincheras hist\u00f3ricas del pa\u00eds entre liberales y conservadores.<\/span><\/p>\n<p class=\"p1\"><span style=\"font-size: 18pt;\"><strong>Nadie concibe la Independencia de M\u00e9xico sin la participaci\u00f3n de do\u00f1a Josefa Ortiz de Dom\u00ednguez, o Leona Vicario; ni la revoluci\u00f3n sin Carmen V\u00e9lez, La Generala, o Carmen Serd\u00e1n. Las mujeres tienen un lugar en la historia que ellas adoptaron con valent\u00eda y convicci\u00f3n, exactamente igual que los hombres, s\u00f3lo quienes desde\u00f1an la historia o la desconocen pueden considerar espacios prohibidos para ellas.<\/strong><\/span><\/p>\n<p class=\"p1\"><span style=\"font-size: 18pt;\"><strong>Ser\u00eda un contrasentido que, en el \u00f3rgano regulador de las elecciones, que debe ser garante de la democracia se les cuestione, aunque sea de manera individual, el nombramiento para encabezarlo. Alguien que elabora, discute, aprueba leyes no puede ser un obst\u00e1culo para la igualdad; sin embargo, hay personajes que muestran una posici\u00f3n del pasado, en pleno siglo XXI, donde expresan molestia por la equidad.<\/strong><\/span><\/p>\n<p class=\"p1\"><span style=\"font-size: 14pt;\">No hay democracia sin igualdad, y esto que lo diga un legislador resulta muy grave porque muestra no s\u00f3lo desconocimiento de las leyes y el derecho sino una cerraz\u00f3n que contraviene con los tiempos que vive M\u00e9xico y el mundo.<\/span><\/p>\n<p class=\"p1\"><span style=\"font-size: 14pt;\">Actualmente hay siete gobernadoras en el pa\u00eds, despu\u00e9s de este a\u00f1o habr\u00e1 una m\u00e1s en el Estado de M\u00e9xico. Probablemente haya una Presidenta de la Rep\u00fablica.<\/span><\/p>\n<p class=\"p1\"><span style=\"font-size: 14pt;\">Griselda \u00c1lvarez Ponce de Le\u00f3n\u00a0fue la primera gobernadora de la historia en Colima en el sexenio de 1979 a 1985, luego le sigui\u00f3\u00a0Beatriz Paredes Rangel\u00a0de Tlaxcala de 1987 a1992, y le siguieron\u00a0Dulce Mar\u00eda Sauri Riancho, Rosario Robles Berlanga, Amalia Garc\u00eda Medina, Ivonne Ortega Pacheco,\u00a0Claudia Pavlovich Arellano, Martha Erika Alonso, Claudia Sheinbaum, entre otras mexicanas como Sor Juana In\u00e9s de la Cruz, la G\u00fcera Rodr\u00edguez, \u00c1ngel Peralta, \u201cEl Ruise\u00f1or Mexicano\u201d, Olga S\u00e1nchez Cordero, Alondra de la Parra, y muchas m\u00e1s.<\/span><\/p>\n<p class=\"p1\"><span style=\"font-size: 18pt;\"><strong>Hay avances que deben reconocerse como cuando el actual Presidente cuando fue jefe de Gobierno, la mayor\u00eda de los integrantes del gabinete eran mujeres.<\/strong><\/span><\/p>\n<p class=\"p1\"><span style=\"font-size: 14pt;\">En el mundo entero podemos ver a la mujer a veces superando al hombre realizando tareas que estaban hist\u00f3ricamente destinadas a varones.<\/span><\/p>\n<p class=\"p1\"><span style=\"font-size: 18pt; color: #139eca;\"><strong>A veces el pez por su boca muere y podemos ver c\u00f3mo las aspiraciones de Santiago Creel por concursar por la Presidencia de la Rep\u00fablica, disminuyen r\u00e1pidamente, a causa de sus propias declaraciones. Es como si no necesitara contrincantes.<\/strong><\/span><\/p>\n<p>&nbsp;<\/p>\n<p class=\"p1\"><span style=\"font-size: 18pt; color: #139eca;\"><strong>PEGA Y CORRE<\/strong><\/span><\/p>\n<p class=\"p1\"><span style=\"font-size: 14pt;\">El INE invalida la ampliaci\u00f3n de mandato al l\u00edder nacional del PRI, Alejandro C\u00e1rdenas Moreno, quien quer\u00eda permanecer al frente del partido hasta 2024, debiendo dejar su cargo este a\u00f1o.<\/span><\/p>\n<p>&nbsp;<\/p>\n<p><em><span style=\"font-size: 18pt;\"><strong>Esta columna se publica los lunes, mi\u00e9rcoles y viernes<\/strong><\/span><\/em><\/p>\n<p>&nbsp;<\/p>\n<hr \/>\n<p>&nbsp;<\/p>\n<p><img data-recalc-dims=\"1\" loading=\"lazy\" decoding=\"async\" class=\"aligncenter wp-image-14351\" src=\"https:\/\/i0.wp.com\/politicosaldesnudo.com.mx\/wp-content\/uploads\/2023\/01\/FIRMA-EDITORIAL-PD-300x37.png?resize=800%2C98&#038;ssl=1\" alt=\"\" width=\"800\" height=\"98\" srcset=\"https:\/\/i0.wp.com\/politicosaldesnudo.com.mx\/wp-content\/uploads\/2023\/01\/FIRMA-EDITORIAL-PD.png?resize=300%2C37&amp;ssl=1 300w, https:\/\/i0.wp.com\/politicosaldesnudo.com.mx\/wp-content\/uploads\/2023\/01\/FIRMA-EDITORIAL-PD.png?resize=1024%2C125&amp;ssl=1 1024w, https:\/\/i0.wp.com\/politicosaldesnudo.com.mx\/wp-content\/uploads\/2023\/01\/FIRMA-EDITORIAL-PD.png?resize=768%2C94&amp;ssl=1 768w, https:\/\/i0.wp.com\/politicosaldesnudo.com.mx\/wp-content\/uploads\/2023\/01\/FIRMA-EDITORIAL-PD.png?resize=1536%2C188&amp;ssl=1 1536w, https:\/\/i0.wp.com\/politicosaldesnudo.com.mx\/wp-content\/uploads\/2023\/01\/FIRMA-EDITORIAL-PD.png?resize=2048%2C250&amp;ssl=1 2048w, https:\/\/i0.wp.com\/politicosaldesnudo.com.mx\/wp-content\/uploads\/2023\/01\/FIRMA-EDITORIAL-PD.png?w=1600&amp;ssl=1 1600w, https:\/\/i0.wp.com\/politicosaldesnudo.com.mx\/wp-content\/uploads\/2023\/01\/FIRMA-EDITORIAL-PD.png?w=2400&amp;ssl=1 2400w\" sizes=\"auto, (max-width: 800px) 100vw, 800px\" \/><\/p>\n<p>&nbsp;<\/p>\n<p>&nbsp;<\/p>\n<p class=\"p3\">\n","protected":false},"excerpt":{"rendered":"<p>&nbsp; Por \u00c1ngel \u00c1lvaro Pe\u00f1a Como si se tratara de un l\u00edder de opini\u00f3n o de alguien que pudiera ser<\/p>\n","protected":false},"author":4,"featured_media":3775,"comment_status":"closed","ping_status":"closed","sticky":false,"template":"","format":"standard","meta":{"colormag_page_container_layout":"default_layout","colormag_page_sidebar_layout":"default_layout","_jetpack_memberships_contains_paid_content":false,"footnotes":"","jetpack_publicize_message":"","jetpack_publicize_feature_enabled":true,"jetpack_social_post_already_shared":false,"jetpack_social_options":{"image_generator_settings":{"template":"highway","default_image_id":0,"font":"","enabled":false},"version":2}},"categories":[26],"tags":[43,42,169,1548,137,1274],"class_list":["post-16507","post","type-post","status-publish","format-standard","has-post-thumbnail","hentry","category-columnistas","tag-ine","tag-mexico","tag-mujeres","tag-santiago-creel","tag-tepjf","tag-tribunal-electoral"],"jetpack_publicize_connections":[],"jetpack_featured_media_url":"https:\/\/i0.wp.com\/politicosaldesnudo.com.mx\/wp-content\/uploads\/2022\/04\/A%CC%81NGEL-A%CC%81LVARO-PEN%CC%83A1.png?fit=1816%2C1016&ssl=1","jetpack-related-posts":[],"jetpack_sharing_enabled":true,"_links":{"self":[{"href":"https:\/\/politicosaldesnudo.com.mx\/index.php\/wp-json\/wp\/v2\/posts\/16507","targetHints":{"allow":["GET"]}}],"collection":[{"href":"https:\/\/politicosaldesnudo.com.mx\/index.php\/wp-json\/wp\/v2\/posts"}],"about":[{"href":"https:\/\/politicosaldesnudo.com.mx\/index.php\/wp-json\/wp\/v2\/types\/post"}],"author":[{"embeddable":true,"href":"https:\/\/politicosaldesnudo.com.mx\/index.php\/wp-json\/wp\/v2\/users\/4"}],"replies":[{"embeddable":true,"href":"https:\/\/politicosaldesnudo.com.mx\/index.php\/wp-json\/wp\/v2\/comments?post=16507"}],"version-history":[{"count":0,"href":"https:\/\/politicosaldesnudo.com.mx\/index.php\/wp-json\/wp\/v2\/posts\/16507\/revisions"}],"wp:featuredmedia":[{"embeddable":true,"href":"https:\/\/politicosaldesnudo.com.mx\/index.php\/wp-json\/wp\/v2\/media\/3775"}],"wp:attachment":[{"href":"https:\/\/politicosaldesnudo.com.mx\/index.php\/wp-json\/wp\/v2\/media?parent=16507"}],"wp:term":[{"taxonomy":"category","embeddable":true,"href":"https:\/\/politicosaldesnudo.com.mx\/index.php\/wp-json\/wp\/v2\/categories?post=16507"},{"taxonomy":"post_tag","embeddable":true,"href":"https:\/\/politicosaldesnudo.com.mx\/index.php\/wp-json\/wp\/v2\/tags?post=16507"}],"curies":[{"name":"wp","href":"https:\/\/api.w.org\/{rel}","templated":true}]}}