{"id":16513,"date":"2023-02-24T03:10:05","date_gmt":"2023-02-24T09:10:05","guid":{"rendered":"https:\/\/politicosaldesnudo.com.mx\/?p=16513"},"modified":"2023-02-24T03:58:31","modified_gmt":"2023-02-24T09:58:31","slug":"rio-blanco-victima-de-un-pleito-intestino","status":"publish","type":"post","link":"https:\/\/politicosaldesnudo.com.mx\/index.php\/2023\/02\/24\/rio-blanco-victima-de-un-pleito-intestino\/","title":{"rendered":"R\u00edo Blanco: v\u00edctima de un pleito intestino"},"content":{"rendered":"<p>&nbsp;<\/p>\n<p class=\"p1\"><span style=\"font-size: 18pt;\"><strong>Por Luis Ram\u00edrez Baqueiro<\/strong><\/span><\/p>\n<p>&nbsp;<\/p>\n<p class=\"p1\" style=\"text-align: center;\"><strong><span style=\"font-size: 18pt;\"><em>\u201cLa ambici\u00f3n nunca queda satisfecha\u201d<\/em> <\/span><\/strong><\/p>\n<p class=\"p1\" style=\"text-align: center;\"><span style=\"font-size: 18pt;\">\u2013 Jean de Lebrune \u2013 <\/span><\/p>\n<p>&nbsp;<\/p>\n<p class=\"p1\"><span style=\"font-size: 14pt;\">El s\u00e1bado 18 de febrero transcurr\u00eda en completa paz en la ciudad de C\u00f3rdoba, hasta que un operativo de la Secretar\u00eda de Seguridad P\u00fablica (SSP) del Gobierno del Estado de Veracruz, alter\u00f3 la tranquilidad de los habitantes de dicha regi\u00f3n.<\/span><\/p>\n<p class=\"p1\"><span style=\"font-size: 14pt;\">Fue en la calle 22 entre Avenida 15 y calle 15-B donde un grupo de elementos de la Polic\u00eda Estatal deten\u00edan la camioneta Mazda gris con placas YTK490A del Estado de Veracruz en donde se trasladaba el alcalde de R\u00edo Blanco, Ricardo P\u00e9rez Garc\u00eda.<\/span><\/p>\n<p class=\"p1\"><span style=\"font-size: 14pt;\">La SSP inform\u00f3 a trav\u00e9s de un comunicado que al momento de la detenci\u00f3n el mun\u00edcipe de extracci\u00f3n morenista llevaba consigo un arma larga, un arma corta, cargadores, cartuchos, cuatro chalecos t\u00e1cticos y un equipo de radiocomunicaci\u00f3n y drogas.<\/span><\/p>\n<p class=\"p1\"><span style=\"font-size: 14pt;\">En dicha comunicaci\u00f3n oficial la dependencia a cargo de Cuauht\u00e9moc Z\u00fa\u00f1iga Bonilla afirmaba que el personaje \u201cse trata de un generador de violencia en la zona centro.\u201d<\/span><\/p>\n<p class=\"p1\"><span style=\"font-size: 14pt;\">Hasta ah\u00ed pareciera que las cosas eran parte m\u00e1s del actuar de las autoridades por mantener el orden, la paz y la seguridad de la entidad, sol\u00f3 que lamentablemente no dec\u00edan, que dicha acci\u00f3n hab\u00eda sido construida por indicaciones directas del propio Secretario de Gobierno, Eric Patrocinio Cisneros Burgos.<\/span><\/p>\n<p class=\"p1\"><span style=\"font-size: 14pt;\">Familiares y amistades cercanas al mun\u00edcipe confirmaron a este reportero, que el alcalde de R\u00edo Blanco, Ricardo P\u00e9rez Garc\u00eda acudi\u00f3 como todos los s\u00e1bados a clases a la Universidad UGMex campus C\u00f3rdoba en donde cursa la Licenciatura en Derecho.<\/span><\/p>\n<p class=\"p1\"><span style=\"font-size: 14pt;\">Fue durante un receso que aprovech\u00f3 para salir a comer cuando se dio la detenci\u00f3n, misma que se present\u00f3 a escasa media cuadra del lugar al que asiste a clases.<\/span><\/p>\n<p class=\"p1\"><span style=\"font-size: 14pt;\">Lo grave de la situaci\u00f3n, que tampoco ha sido referida por los medios, fue que la detenci\u00f3n se desarroll\u00f3 el s\u00e1bado 18 de febrero y la SSP dio a conocer la noticia hasta el lunes 20 de febrero, manteni\u00e9ndolo incomunicado y sin saber de su paradero, afirman familiares.\u00a0<\/span><\/p>\n<p class=\"p1\"><span style=\"font-size: 14pt;\">Tampoco se ha dicho que las supuestas armas y la droga que le habr\u00edan decomisado fueron literalmente sembradas para tener elementos para fundamentar su detenci\u00f3n, lo que hace sospechar del perverso plan y las razones que originaron el hecho.<\/span><\/p>\n<p class=\"p1\"><span style=\"font-size: 14pt;\">A pesar de que en redes sociales diversos corifeos han tundido al mun\u00edcipe se\u00f1al\u00e1ndole de pertenecer al grupo pol\u00edtico del secretario de Educaci\u00f3n, Zenyazen Escobar Garc\u00eda, iniciando una campa\u00f1a para ensuciar su imagen atribuy\u00e9ndole infinidad de negocios al amparo del poder, la verdadera raz\u00f3n de su detenci\u00f3n no ha sido expuesta.<\/span><\/p>\n<p class=\"p1\"><span style=\"font-size: 14pt;\">Lo verdaderamente relevante en este hecho de abuso de poder y de grave complicidad es develar las razones por las que P\u00e9rez Garc\u00eda contin\u00faa en prisi\u00f3n.<\/span><\/p>\n<p class=\"p1\"><span style=\"font-size: 14pt;\">\u00bfCu\u00e1l fue la motivaci\u00f3n que orillo al responsable de la Pol\u00edtica Interior del Estado a ordenar su detenci\u00f3n, empleando como siempre a la SSP y a la Fiscal\u00eda General del Estado en dicha misi\u00f3n?<\/span><\/p>\n<p class=\"p1\"><span style=\"font-size: 14pt;\">Se ha logrado saber que P\u00e9rez Garc\u00eda habr\u00eda sido intentado extorsionar por mismo Cisneros Burgos, durante el mes de diciembre de 2022, al solicitarle al mun\u00edcipe la cantidad de tres millones de pesos en efectivo, -los cuales evidentemente se neg\u00f3 a pagar- bajo la consigna de cubrir gastos para el tema de la Villa Iluminada de Nogales \u2013los cuales se saben eran parte de su negocio como promotor tur\u00edstico-.<\/span><\/p>\n<p class=\"p1\"><span style=\"font-size: 14pt;\">Ante la negativa, la amenaza velada lleg\u00f3, y al parecer la venganza fue ejecutada por sus compinches, los cuales han hecho mutis al respecto, pero se niegan a la liberaci\u00f3n inmediata del mun\u00edcipe a pesar de las protestas y las expresiones del propio gobernador Cuitl\u00e1huac Garc\u00eda Jim\u00e9nez.\u00a0<\/span><\/p>\n<p class=\"p1\"><span style=\"font-size: 14pt;\">Empleados municipales de R\u00edo Blanco se manifestaron la tarde de este 22 de febrero en demanda de que se libere al alcalde de R\u00edo Blanco, Ricardo \u201cN\u201d, ya que se\u00f1alaron que se encuentra \u201cprivado de su libertad\u201d, porque es v\u00edctima de persecuci\u00f3n pol\u00edtica.<\/span><\/p>\n<p class=\"p1\"><span style=\"font-size: 14pt;\">Apenas el pasado mi\u00e9rcoles la s\u00edndica y ediles anunciaron que viajar\u00edan a Xalapa para pedir al Congreso del Estado que intervenga y defina qu\u00e9 suceder\u00e1 en R\u00edo Blanco pues el municipio no se puede quedar al garete.\u00a0<\/span><\/p>\n<p class=\"p1\"><span style=\"font-size: 14pt;\">Cabe recordar que dicha actitud por parte del Secretario de Gobierno Estatal, han quedado de manifiesto por alcaldes del PRD en la voz de la finada, Florisel R\u00edos Delf\u00edn y m\u00e1s recientemente por alcaldes del PVEM como la de Alvarado, Lizette \u00c1lvarez Vera quien ya se habr\u00eda quejado airadamente ante el propio Secretario de Gobernaci\u00f3n, Ad\u00e1n Augusto L\u00f3pez Hern\u00e1ndez de las presiones e intentos de extorsi\u00f3n del personaje.<\/span><\/p>\n<p class=\"p1\"><span style=\"font-size: 14pt;\">Es evidente que al interior del gabinete estatal existen serias diferencias, la m\u00e1s clara ser\u00eda precisamente la que sostiene Cisneros Burgos con todos los que se identifican directamente con el propio gobernador Cuitl\u00e1huac Garc\u00eda, entre ellos, Zenyazen Escobar, a quien va dirigido el dardo envenenado.<\/span><\/p>\n<p class=\"p1\"><span style=\"font-size: 14pt;\">Pero el pleito no es solo con el secretario de Educaci\u00f3n, se sabe que las diferencias intestinas por poder han llevado las cosas a crear un frente conformado por el Secretario de Finanzas y Planeaci\u00f3n, Jos\u00e9 Luis Lima Franco, el secretario de Turismo, Iv\u00e1n Mart\u00ednez Olvera, el presidente de la Junta de Coordinaci\u00f3n Pol\u00edtica del Congreso, Juan Javier G\u00f3mez Cazar\u00edn, entre otros, en donde en bloque den pelea a las arbitrariedades y malos tratos del oriundo de Otatitl\u00e1n, al que ya no soportan, ni en pintura y al que ya tienen boletinado en el mismo Palacio Nacional por su proceder y actuar.<\/span><\/p>\n<p class=\"p1\"><span style=\"font-size: 14pt;\">Vale hacer notar que el oscuro Cisneros Burgos no tiene Agusto a L\u00f3pez y el horizonte pol\u00edtico de este personaje no es nada promisorio.<\/span><\/p>\n<p>&nbsp;<\/p>\n<p class=\"p1\"><span style=\"font-size: 18pt;\"><strong>Al tiempo.<\/strong><\/span><\/p>\n<p>&nbsp;<\/p>\n<hr \/>\n<p>&nbsp;<\/p>\n<p class=\"p1\"><span style=\"font-size: 18pt;\"><strong>Correo: <a href=\"mailto:astrolabiopoliticomx@gmail.com\">astrolabiopoliticomx@gmail.com<\/a><\/strong><\/span><\/p>\n<p class=\"p1\"><span style=\"font-size: 18pt;\"><strong>Twitter: <a href=\"http:\/\/www.twitter.com\/LuisBaqueiro_mx\">@LuisBaqueiro_mx<\/a><\/strong><\/span><\/p>\n<p>&nbsp;<\/p>\n<p><img data-recalc-dims=\"1\" loading=\"lazy\" decoding=\"async\" class=\"aligncenter wp-image-14351\" src=\"https:\/\/i0.wp.com\/politicosaldesnudo.com.mx\/wp-content\/uploads\/2023\/01\/FIRMA-EDITORIAL-PD-300x37.png?resize=800%2C98&#038;ssl=1\" alt=\"\" width=\"800\" height=\"98\" srcset=\"https:\/\/i0.wp.com\/politicosaldesnudo.com.mx\/wp-content\/uploads\/2023\/01\/FIRMA-EDITORIAL-PD.png?resize=300%2C37&amp;ssl=1 300w, https:\/\/i0.wp.com\/politicosaldesnudo.com.mx\/wp-content\/uploads\/2023\/01\/FIRMA-EDITORIAL-PD.png?resize=1024%2C125&amp;ssl=1 1024w, https:\/\/i0.wp.com\/politicosaldesnudo.com.mx\/wp-content\/uploads\/2023\/01\/FIRMA-EDITORIAL-PD.png?resize=768%2C94&amp;ssl=1 768w, https:\/\/i0.wp.com\/politicosaldesnudo.com.mx\/wp-content\/uploads\/2023\/01\/FIRMA-EDITORIAL-PD.png?resize=1536%2C188&amp;ssl=1 1536w, https:\/\/i0.wp.com\/politicosaldesnudo.com.mx\/wp-content\/uploads\/2023\/01\/FIRMA-EDITORIAL-PD.png?resize=2048%2C250&amp;ssl=1 2048w, https:\/\/i0.wp.com\/politicosaldesnudo.com.mx\/wp-content\/uploads\/2023\/01\/FIRMA-EDITORIAL-PD.png?w=1600&amp;ssl=1 1600w, https:\/\/i0.wp.com\/politicosaldesnudo.com.mx\/wp-content\/uploads\/2023\/01\/FIRMA-EDITORIAL-PD.png?w=2400&amp;ssl=1 2400w\" sizes=\"auto, (max-width: 800px) 100vw, 800px\" \/><\/p>\n<p>&nbsp;<\/p>\n<p>&nbsp;<\/p>\n<p>&nbsp;<\/p>\n","protected":false},"excerpt":{"rendered":"<p>&nbsp; Por Luis Ram\u00edrez Baqueiro &nbsp; \u201cLa ambici\u00f3n nunca queda satisfecha\u201d \u2013 Jean de Lebrune \u2013 &nbsp; El s\u00e1bado 18<\/p>\n","protected":false},"author":4,"featured_media":4390,"comment_status":"closed","ping_status":"closed","sticky":false,"template":"","format":"standard","meta":{"colormag_page_container_layout":"default_layout","colormag_page_sidebar_layout":"default_layout","_jetpack_memberships_contains_paid_content":false,"footnotes":"","jetpack_publicize_message":"","jetpack_publicize_feature_enabled":true,"jetpack_social_post_already_shared":false,"jetpack_social_options":{"image_generator_settings":{"template":"highway","default_image_id":0,"font":"","enabled":false},"version":2}},"categories":[26],"tags":[],"class_list":["post-16513","post","type-post","status-publish","format-standard","has-post-thumbnail","hentry","category-columnistas"],"jetpack_publicize_connections":[],"jetpack_featured_media_url":"https:\/\/i0.wp.com\/politicosaldesnudo.com.mx\/wp-content\/uploads\/2022\/04\/LUIS-RAMI%CC%81REZ-BAQUEIRO.png?fit=1816%2C1016&ssl=1","jetpack-related-posts":[],"jetpack_sharing_enabled":true,"_links":{"self":[{"href":"https:\/\/politicosaldesnudo.com.mx\/index.php\/wp-json\/wp\/v2\/posts\/16513","targetHints":{"allow":["GET"]}}],"collection":[{"href":"https:\/\/politicosaldesnudo.com.mx\/index.php\/wp-json\/wp\/v2\/posts"}],"about":[{"href":"https:\/\/politicosaldesnudo.com.mx\/index.php\/wp-json\/wp\/v2\/types\/post"}],"author":[{"embeddable":true,"href":"https:\/\/politicosaldesnudo.com.mx\/index.php\/wp-json\/wp\/v2\/users\/4"}],"replies":[{"embeddable":true,"href":"https:\/\/politicosaldesnudo.com.mx\/index.php\/wp-json\/wp\/v2\/comments?post=16513"}],"version-history":[{"count":0,"href":"https:\/\/politicosaldesnudo.com.mx\/index.php\/wp-json\/wp\/v2\/posts\/16513\/revisions"}],"wp:featuredmedia":[{"embeddable":true,"href":"https:\/\/politicosaldesnudo.com.mx\/index.php\/wp-json\/wp\/v2\/media\/4390"}],"wp:attachment":[{"href":"https:\/\/politicosaldesnudo.com.mx\/index.php\/wp-json\/wp\/v2\/media?parent=16513"}],"wp:term":[{"taxonomy":"category","embeddable":true,"href":"https:\/\/politicosaldesnudo.com.mx\/index.php\/wp-json\/wp\/v2\/categories?post=16513"},{"taxonomy":"post_tag","embeddable":true,"href":"https:\/\/politicosaldesnudo.com.mx\/index.php\/wp-json\/wp\/v2\/tags?post=16513"}],"curies":[{"name":"wp","href":"https:\/\/api.w.org\/{rel}","templated":true}]}}