{"id":16531,"date":"2023-02-24T18:01:37","date_gmt":"2023-02-25T00:01:37","guid":{"rendered":"https:\/\/politicosaldesnudo.com.mx\/?p=16531"},"modified":"2023-02-24T18:04:47","modified_gmt":"2023-02-25T00:04:47","slug":"primero-con-enfoque-social-santander-mexico-lanza-fondo-sam-prosperity","status":"publish","type":"post","link":"https:\/\/politicosaldesnudo.com.mx\/index.php\/2023\/02\/24\/primero-con-enfoque-social-santander-mexico-lanza-fondo-sam-prosperity\/","title":{"rendered":"Primero con enfoque social, Santander M\u00e9xico lanza Fondo SAM Prosperity"},"content":{"rendered":"<p>&nbsp;<\/p>\n<p class=\"p1\"><span style=\"font-size: 14pt;\"><em><strong>CIUDAD DE M\u00c9XICO.<\/strong> <\/em><strong>Banco Santander M\u00e9xico lanz\u00f3 en la Bolsa Mexicana de Valores<\/strong> (BMV) el <strong>Fondo SAM Prosperity<\/strong>, el primero de renta variable global que tiene un <strong>enfoque de bienestar social<\/strong>, pues <strong>donar\u00e1 el 15 por ciento de sus comisiones<\/strong> a la organizaci\u00f3n no gubernamental Red, para luchar contra las pandemias y enfermedades en Am\u00e9rica Latina.<\/span><\/p>\n<p class=\"p1\"><span style=\"font-size: 18pt;\"><strong>Durante el timbrazo inicial, Samantha Ricciardi, directora general de Santander Asset Management, se\u00f1al\u00f3 que este instrumento de inversi\u00f3n ya fue lanzado en Espa\u00f1a, Portugal y Reino Unido.<\/strong><\/span><\/p>\n<p class=\"p1\"><span style=\"font-size: 14pt;\">Indic\u00f3 que M\u00e9xico es el cuarto pa\u00eds donde se lanza, pero se adapt\u00f3 para que haga sentido en el pa\u00eds. \u201cLo estamos combinando con las compa\u00f1\u00edas que hay, para que encaje tambi\u00e9n con las necesidades de nuestros clientes\u201d, dijo.<\/span><\/p>\n<p>&nbsp;<\/p>\n<blockquote>\n<p class=\"p1\"><span style=\"font-size: 14pt;\">El objetivo principal es darle esa rentabilidad a los clientes, pero buscando tambi\u00e9n aportar a la sociedad y tener un impacto positivo en la sociedad y en nuestras comunidades\u201d, destac\u00f3.<\/span><\/p>\n<\/blockquote>\n<p>&nbsp;<\/p>\n<p class=\"p1\"><span style=\"font-size: 18pt;\"><strong>Anot\u00f3 que el instrumento se enfoca en tres ejes principales que son educaci\u00f3n financiera, salud y bienestar, mientras que el tercero es alimentaci\u00f3n y nutrici\u00f3n.<\/strong><\/span><\/p>\n<p>&nbsp;<\/p>\n<p><img data-recalc-dims=\"1\" loading=\"lazy\" decoding=\"async\" class=\"aligncenter wp-image-16533 size-large\" src=\"https:\/\/i0.wp.com\/politicosaldesnudo.com.mx\/wp-content\/uploads\/2023\/02\/P-SANTANDER-FONDO-2-1024x573.png?resize=800%2C448&#038;ssl=1\" alt=\"\" width=\"800\" height=\"448\" srcset=\"https:\/\/i0.wp.com\/politicosaldesnudo.com.mx\/wp-content\/uploads\/2023\/02\/P-SANTANDER-FONDO-2.png?resize=1024%2C573&amp;ssl=1 1024w, https:\/\/i0.wp.com\/politicosaldesnudo.com.mx\/wp-content\/uploads\/2023\/02\/P-SANTANDER-FONDO-2.png?resize=300%2C168&amp;ssl=1 300w, https:\/\/i0.wp.com\/politicosaldesnudo.com.mx\/wp-content\/uploads\/2023\/02\/P-SANTANDER-FONDO-2.png?resize=768%2C430&amp;ssl=1 768w, https:\/\/i0.wp.com\/politicosaldesnudo.com.mx\/wp-content\/uploads\/2023\/02\/P-SANTANDER-FONDO-2.png?resize=1536%2C859&amp;ssl=1 1536w, https:\/\/i0.wp.com\/politicosaldesnudo.com.mx\/wp-content\/uploads\/2023\/02\/P-SANTANDER-FONDO-2.png?w=1816&amp;ssl=1 1816w, https:\/\/i0.wp.com\/politicosaldesnudo.com.mx\/wp-content\/uploads\/2023\/02\/P-SANTANDER-FONDO-2.png?w=1600&amp;ssl=1 1600w\" sizes=\"auto, (max-width: 800px) 100vw, 800px\" \/><\/p>\n<p>&nbsp;<\/p>\n<p>&nbsp;<\/p>\n<p class=\"p1\"><span style=\"font-size: 18pt;\"><strong>Abund\u00f3 que donar\u00e1 15 por ciento de la cuota de las comisiones a Red, organizaci\u00f3n que antes s\u00f3lo atend\u00eda a poblaci\u00f3n con VIH-Sida, pero ahora tambi\u00e9n a otras pandemias como el Covid 19.<\/strong><\/span><\/p>\n<p class=\"p1\"><span style=\"font-size: 14pt;\">Felipe Garc\u00eda, director general de Grupo Financiero Santander en M\u00e9xico, anot\u00f3 durante su intervenci\u00f3n que los recursos donados ser\u00e1n para ayudar a combatir pandemias y financiar programas que salven vidas en Am\u00e9rica Latina.<\/span><\/p>\n<p class=\"p1\"><span style=\"font-size: 18pt;\"><strong>El directivo destac\u00f3 que Santander cuenta, con este nuevo instrumento, con tres fondos enfocados en directivas Ambientales, Sociales y de Gobernanza (ASG). \u201cDesde que lanzamos el primer fondo y en el pa\u00eds hoy hay m\u00e1s de 18 mil millones de pesos bajo gesti\u00f3n en diferentes fondos con esta visi\u00f3n\u201d, dijo.<\/strong><\/span><\/p>\n<p class=\"p1\"><span style=\"font-size: 14pt;\">Anot\u00f3 que la nueva herramienta cuenta con el respaldo y experiencia de la gestora, la tercera m\u00e1s grande del pa\u00eds, con activos bajo gesti\u00f3n que excede los 285 mil millones de pesos en fondos de inversi\u00f3n.<\/span><\/p>\n<p>&nbsp;<\/p>\n<p><img data-recalc-dims=\"1\" loading=\"lazy\" decoding=\"async\" class=\"aligncenter wp-image-16534 size-large\" src=\"https:\/\/i0.wp.com\/politicosaldesnudo.com.mx\/wp-content\/uploads\/2023\/02\/P-SANTANDER-FONDO-3-1024x573.png?resize=800%2C448&#038;ssl=1\" alt=\"\" width=\"800\" height=\"448\" srcset=\"https:\/\/i0.wp.com\/politicosaldesnudo.com.mx\/wp-content\/uploads\/2023\/02\/P-SANTANDER-FONDO-3.png?resize=1024%2C573&amp;ssl=1 1024w, https:\/\/i0.wp.com\/politicosaldesnudo.com.mx\/wp-content\/uploads\/2023\/02\/P-SANTANDER-FONDO-3.png?resize=300%2C168&amp;ssl=1 300w, https:\/\/i0.wp.com\/politicosaldesnudo.com.mx\/wp-content\/uploads\/2023\/02\/P-SANTANDER-FONDO-3.png?resize=768%2C430&amp;ssl=1 768w, https:\/\/i0.wp.com\/politicosaldesnudo.com.mx\/wp-content\/uploads\/2023\/02\/P-SANTANDER-FONDO-3.png?resize=1536%2C859&amp;ssl=1 1536w, https:\/\/i0.wp.com\/politicosaldesnudo.com.mx\/wp-content\/uploads\/2023\/02\/P-SANTANDER-FONDO-3.png?w=1816&amp;ssl=1 1816w, https:\/\/i0.wp.com\/politicosaldesnudo.com.mx\/wp-content\/uploads\/2023\/02\/P-SANTANDER-FONDO-3.png?w=1600&amp;ssl=1 1600w\" sizes=\"auto, (max-width: 800px) 100vw, 800px\" \/><\/p>\n<p>&nbsp;<\/p>\n<p class=\"p1\"><span style=\"font-size: 18pt;\"><strong>Jos\u00e9 Oriol Bosch, director general de la BMV, destac\u00f3 que es un fondo innovador, pues busca invertir en empresas en donde 30 por ciento de sus ingresos est\u00e1n relacionados con actividades de los objetivos de desarrollo sostenible de la ONU, conocidos como ODS.<\/strong><\/span><\/p>\n<p>&nbsp;<\/p>\n<blockquote>\n<p class=\"p1\"><span style=\"font-size: 14pt;\">Estamos viendo que los inversionistas, hoy en d\u00eda m\u00e1s all\u00e1 del rendimiento, est\u00e1n tambi\u00e9n buscando que sus inversiones, que los recursos que est\u00e1n invirtiendo se vayan a temas que contribuyen al bienestar de la sociedad y de las comunidades\u201d<\/span><\/p>\n<\/blockquote>\n<p>&nbsp;<\/p>\n<p>&nbsp;<\/p>\n<p class=\"p1\"><span style=\"font-size: 18pt;\">Con Informaci\u00f3n de La Jornada<\/span><\/p>\n","protected":false},"excerpt":{"rendered":"<p>&nbsp; CIUDAD DE M\u00c9XICO. Banco Santander M\u00e9xico lanz\u00f3 en la Bolsa Mexicana de Valores (BMV) el Fondo SAM Prosperity, el<\/p>\n","protected":false},"author":4,"featured_media":16532,"comment_status":"closed","ping_status":"closed","sticky":false,"template":"","format":"standard","meta":{"colormag_page_container_layout":"default_layout","colormag_page_sidebar_layout":"default_layout","_jetpack_memberships_contains_paid_content":false,"footnotes":"","jetpack_publicize_message":"","jetpack_publicize_feature_enabled":true,"jetpack_social_post_already_shared":false,"jetpack_social_options":{"image_generator_settings":{"template":"highway","default_image_id":0,"font":"","enabled":false},"version":2}},"categories":[2050],"tags":[1349,2289,42,2288,2290],"class_list":["post-16531","post","type-post","status-publish","format-standard","has-post-thumbnail","hentry","category-economia","tag-bmv","tag-fondo-sam-prosperity","tag-mexico","tag-santander","tag-social"],"jetpack_publicize_connections":[],"jetpack_featured_media_url":"https:\/\/i0.wp.com\/politicosaldesnudo.com.mx\/wp-content\/uploads\/2023\/02\/P-SANTANDER-FONDO-1.png?fit=1816%2C1016&ssl=1","jetpack-related-posts":[],"jetpack_sharing_enabled":true,"_links":{"self":[{"href":"https:\/\/politicosaldesnudo.com.mx\/index.php\/wp-json\/wp\/v2\/posts\/16531","targetHints":{"allow":["GET"]}}],"collection":[{"href":"https:\/\/politicosaldesnudo.com.mx\/index.php\/wp-json\/wp\/v2\/posts"}],"about":[{"href":"https:\/\/politicosaldesnudo.com.mx\/index.php\/wp-json\/wp\/v2\/types\/post"}],"author":[{"embeddable":true,"href":"https:\/\/politicosaldesnudo.com.mx\/index.php\/wp-json\/wp\/v2\/users\/4"}],"replies":[{"embeddable":true,"href":"https:\/\/politicosaldesnudo.com.mx\/index.php\/wp-json\/wp\/v2\/comments?post=16531"}],"version-history":[{"count":0,"href":"https:\/\/politicosaldesnudo.com.mx\/index.php\/wp-json\/wp\/v2\/posts\/16531\/revisions"}],"wp:featuredmedia":[{"embeddable":true,"href":"https:\/\/politicosaldesnudo.com.mx\/index.php\/wp-json\/wp\/v2\/media\/16532"}],"wp:attachment":[{"href":"https:\/\/politicosaldesnudo.com.mx\/index.php\/wp-json\/wp\/v2\/media?parent=16531"}],"wp:term":[{"taxonomy":"category","embeddable":true,"href":"https:\/\/politicosaldesnudo.com.mx\/index.php\/wp-json\/wp\/v2\/categories?post=16531"},{"taxonomy":"post_tag","embeddable":true,"href":"https:\/\/politicosaldesnudo.com.mx\/index.php\/wp-json\/wp\/v2\/tags?post=16531"}],"curies":[{"name":"wp","href":"https:\/\/api.w.org\/{rel}","templated":true}]}}