{"id":16540,"date":"2023-02-25T05:00:36","date_gmt":"2023-02-25T11:00:36","guid":{"rendered":"https:\/\/politicosaldesnudo.com.mx\/?p=16540"},"modified":"2023-02-25T07:08:38","modified_gmt":"2023-02-25T13:08:38","slug":"democracia-imperfecta","status":"publish","type":"post","link":"https:\/\/politicosaldesnudo.com.mx\/index.php\/2023\/02\/25\/democracia-imperfecta\/","title":{"rendered":"Democracia imperfecta"},"content":{"rendered":"<p>&nbsp;<\/p>\n<p><span style=\"font-size: 18pt;\"><strong>Por Ricardo Homs<\/strong><\/span><\/p>\n<p class=\"p1\"><span style=\"font-size: 14pt;\">Es cierto que la democracia hoy se ha quedado corta frente a las expectativas ciudadanas y la complejidad del mundo contempor\u00e1neo. Sin embargo, es lo m\u00e1s civilizado que tenemos disponible y por ello, debemos defenderla.<\/span><\/p>\n<p class=\"p1\"><span style=\"font-size: 14pt;\">El problema de hoy, -en Latinoam\u00e9rica-, no es el de las ideolog\u00edas, sino del plan deliberado de los supuestos gobiernos de izquierda, -como el de la\u00a04T-, que habiendo llegado al poder ganando elecciones, o sea, utilizando los recursos que ofrece el\u00a0modelo democr\u00e1tico, pretenden apropiarse del pa\u00eds y ya no dejarlo. Supuestamente, para consolidar una transformaci\u00f3n social y pol\u00edtica que no existe.<\/span><\/p>\n<p class=\"p1\"><span style=\"font-size: 14pt;\">Esto lo han hecho muchas dictaduras contempor\u00e1neas.<\/span><\/p>\n<p class=\"p1\"><span style=\"font-size: 14pt;\">Estamos acostumbrados a suponer que las dictaduras s\u00f3lo pueden llegar a trav\u00e9s de un golpe de estado perpetrado por los militares. No hay nada m\u00e1s alejado de la realidad, pues hoy es sumamente riesgoso.<\/span><\/p>\n<p class=\"p1\"><span style=\"font-size: 14pt;\">Hoy las dictaduras pueden iniciar ganando elecciones y con el aplauso p\u00fablico, simplemente capitalizando resentimientos y viejos rencores. Sin embargo, -ya instalados en el poder y contando con la\u00a0lealtad institucional de las fuerzas armadas-, el gobierno en turno puede manipular las elecciones sucesivas para evitar tener que entregar el poder a sus adversarios pol\u00edticos.<\/span><\/p>\n<p class=\"p1\"><span style=\"font-size: 14pt;\">As\u00ed sucedi\u00f3 con Porfirio D\u00edaz, -que despu\u00e9s de dos cortos periodos como presidente interino-, primero del 28 de noviembre de 1876 y hasta el 6 de diciembre, -o sea, s\u00f3lo ocho d\u00edas-, y despu\u00e9s del 17 de febrero de 1877 al cinco de mayo del mismo a\u00f1o, o sea, menos de un mes, lleg\u00f3 a instalar una larga dictadura.<\/span><\/p>\n<p class=\"p1\"><span style=\"font-size: 14pt;\">Sin embargo, primero ejerci\u00f3 el cargo del cinco de mayo de 1877, al 30 de noviembre de 1880. Despu\u00e9s de forma ininterrumpida volvi\u00f3 a gobernar 26 a\u00f1os, habiendo ganado la primera elecci\u00f3n y despu\u00e9s utilizando subterfugios para reelegirse, pues ten\u00eda forma de influir en el \u00f3rgano electoral. S\u00f3lo sali\u00f3 del poder despu\u00e9s del estallido de la revoluci\u00f3n mexicana, iniciada por Francisco I. Madero.<\/span><\/p>\n<p class=\"p1\"><span style=\"font-size: 14pt;\">Adem\u00e1s, D\u00edaz no perteneci\u00f3 al \u201cpartido conservador\u201d, sino al \u201cpartido liberal\u201d.<\/span><\/p>\n<p class=\"p1\"><span style=\"font-size: 14pt;\">De igual forma Hugo Ch\u00e1vez lleg\u00f3 al poder en Venezuela ganando elecciones en 1998, a trav\u00e9s del partido pol\u00edtico \u201cQuinta Rep\u00fablica\u201d, que \u00e9l mismo fund\u00f3. Sin embargo, manipulando al \u00f3rgano electoral sigui\u00f3 gobernando hasta su muerte en 2013 y logr\u00f3 imponer a Nicol\u00e1s Maduro, que gobierna hasta hoy, ganando de forma espuria todas las elecciones desde entonces.<\/span><br \/>\n<span style=\"font-size: 14pt;\">Lo mismo sucedi\u00f3 en Nicaragua, gobernada por Daniel Ortega de forma ininterrumpida desde 2007 hasta la actualidad y en Bolivia, con Evo Morales, quien gobern\u00f3 Bolivia desde el 22 de enero del 2006 hasta el 10 de noviembre del 2019, cuando las fuerzas armadas, -en un contexto de desorden y violencia provocadas por acusaciones de fraude electoral-, le presionaron para que renunciara.<\/span><\/p>\n<p class=\"p1\"><span style=\"font-size: 14pt;\">Todos estos gobiernos autocr\u00e1ticos y dictatoriales tienen en com\u00fan un proceso de debilitamiento del \u00f3rgano electoral y la toma de control provocado desde el poder ejecutivo, -que sometido-, se prest\u00f3 a legalizar elecciones fraudulentas.<\/span><\/p>\n<p class=\"p1\"><span style=\"font-size: 14pt;\">Por ello, es fundamental que desde la sociedad civil defendamos al INE de los intentos de la bancada de\u00a0Morena en el Congreso, as\u00ed como de los deseos del residente de Palacio Nacional, de controlar a nuestro instituto electoral.<\/span><\/p>\n<p>&nbsp;<\/p>\n<p class=\"p1\"><span style=\"font-size: 18pt;\"><strong>LA AMISTAD Y SUS RIESGOS<\/strong><\/span><\/p>\n<p class=\"p1\"><span style=\"font-size: 14pt;\">El pecado m\u00e1s grave de los funcionarios p\u00fablicos mexicanos, en todos los niveles, -incluida la presidencia de la rep\u00fablica-, es precisamente la soberbia que les impide escuchar e investigar cuando hay indicios de que un cercano colaborador, -y quiz\u00e1 amigo-, est\u00e1 cometiendo abusos al amparo de su protecci\u00f3n personal.<\/span><br \/>\n<span style=\"font-size: 14pt;\">Los temas m\u00e1s cuestionables de cualquier gesti\u00f3n presidencial siempre son las acusaciones en contra de sus colaboradores.<\/span><br \/>\n<span style=\"font-size: 14pt;\">El veredicto \u201cculpable\u201d en contra de Genaro Garc\u00eda Luna definitivamente ensucia la reputaci\u00f3n del presidente Felipe Calder\u00f3n, pues los avisos de que deb\u00eda desconfiar de su subordinado Garc\u00eda Luna, llegaron a sus o\u00eddos y no quiso actuar.<\/span><br \/>\n<span style=\"font-size: 14pt;\">Esto debe ser tambi\u00e9n una llamada de atenci\u00f3n para quien hoy nos gobierna, -pues ante cualquier cuestionamiento a la conducta de alguien cercano-, siempre absuelve a su colaborador, despu\u00e9s de avalar su honorabilidad.<\/span><br \/>\n<span style=\"font-size: 14pt;\">Quien hoy fustiga a Felipe Calder\u00f3n, dentro de unos a\u00f1os podr\u00eda ser cuestionado por la conducta inmoral de algunos de sus cercanos colaboradores.<\/span><\/p>\n<p>&nbsp;<\/p>\n<p class=\"p1\"><span style=\"font-size: 18pt;\"><strong>EL IMPACTO SEDUCTOR DEL PODER<\/strong><\/span><\/p>\n<p class=\"p1\"><span style=\"font-size: 14pt;\">Es inentendible que quien durante tantos a\u00f1os se victimiz\u00f3 respecto del acoso recibido de los gobiernos del PAN y del PRI, cuando estos ejercieron el Poder Ejecutivo, hoy repita lo mismo de lo que antes se quej\u00f3.<\/span><\/p>\n<p class=\"p1\"><span style=\"font-size: 14pt;\">El presidente L\u00f3pez Obrador agredi\u00f3 de modo injustificable al ministro en retiro de la SCJN, -Jos\u00e9 Ram\u00f3n Coss\u00edo-, desde la ma\u00f1anera del jueves 23 de febrero, con un lenguaje inadmisible para un jefe de estado.<\/span><\/p>\n<p class=\"p1\"><span style=\"font-size: 14pt;\">Como \u201ccorruptazo, conservador e hip\u00f3crita\u201d lo calific\u00f3 simplemente porque ser\u00e1 uno de los oradores de la marcha del pr\u00f3ximo 26 de febrero a favor de la democracia, del INE y en contra del Plan B, del cual \u00e9l es el promotor.<\/span><\/p>\n<p class=\"p1\"><span style=\"font-size: 14pt;\">Desde el poder el presidente L\u00f3pez Obrador est\u00e1 traicionando la legitimidad de la lucha que durante muchos a\u00f1os encabez\u00f3 a favor de la democracia, cuando \u00e9l s\u00f3lo era un l\u00edder opositor y promet\u00eda luchar por los valores democr\u00e1ticos.<\/span><\/p>\n<p class=\"p1\"><span style=\"font-size: 14pt;\">El poder absoluto transforma\u2026 con su capacidad seductora.<\/span><\/p>\n<p>&nbsp;<\/p>\n<p class=\"p1\"><span style=\"font-size: 18pt;\"><strong>\u00bfA usted qu\u00e9 le parece?<\/strong><\/span><\/p>\n<p>&nbsp;<\/p>\n<hr \/>\n<p>&nbsp;<\/p>\n<p class=\"p1\"><span style=\"font-size: 18pt;\"><strong>Facebook:<a href=\"https:\/\/www.facebook.com\/Ricardo.Homs1\">@Ricardo.Homs1<\/a><\/strong><\/span><\/p>\n<p class=\"p1\"><span style=\"font-size: 18pt;\"><strong>Twitter:\u00a0<\/strong><a href=\"https:\/\/twitter.com\/homsricardo\"><strong>@homsricardo<\/strong><\/a><\/span><\/p>\n<p class=\"p1\"><span style=\"font-size: 18pt;\"><strong>Linkedin:\u00a0<a href=\"https:\/\/www.linkedin.com\/in\/ricardo-homs-3920449\/?originalSubdomain=mx\">RicardoHoms<\/a><\/strong><\/span><\/p>\n<p class=\"p1\"><span style=\"font-size: 18pt;\"><a href=\"https:\/\/ricardohoms.com\/\"><strong>www.ricardohoms.com<\/strong><\/a><\/span><\/p>\n<p>&nbsp;<\/p>\n<p><img data-recalc-dims=\"1\" loading=\"lazy\" decoding=\"async\" class=\"aligncenter wp-image-14351\" src=\"https:\/\/i0.wp.com\/politicosaldesnudo.com.mx\/wp-content\/uploads\/2023\/01\/FIRMA-EDITORIAL-PD-1024x125.png?resize=800%2C98&#038;ssl=1\" alt=\"\" width=\"800\" height=\"98\" srcset=\"https:\/\/i0.wp.com\/politicosaldesnudo.com.mx\/wp-content\/uploads\/2023\/01\/FIRMA-EDITORIAL-PD.png?resize=1024%2C125&amp;ssl=1 1024w, https:\/\/i0.wp.com\/politicosaldesnudo.com.mx\/wp-content\/uploads\/2023\/01\/FIRMA-EDITORIAL-PD.png?resize=300%2C37&amp;ssl=1 300w, https:\/\/i0.wp.com\/politicosaldesnudo.com.mx\/wp-content\/uploads\/2023\/01\/FIRMA-EDITORIAL-PD.png?resize=768%2C94&amp;ssl=1 768w, https:\/\/i0.wp.com\/politicosaldesnudo.com.mx\/wp-content\/uploads\/2023\/01\/FIRMA-EDITORIAL-PD.png?resize=1536%2C188&amp;ssl=1 1536w, https:\/\/i0.wp.com\/politicosaldesnudo.com.mx\/wp-content\/uploads\/2023\/01\/FIRMA-EDITORIAL-PD.png?resize=2048%2C250&amp;ssl=1 2048w, https:\/\/i0.wp.com\/politicosaldesnudo.com.mx\/wp-content\/uploads\/2023\/01\/FIRMA-EDITORIAL-PD.png?w=1600&amp;ssl=1 1600w, https:\/\/i0.wp.com\/politicosaldesnudo.com.mx\/wp-content\/uploads\/2023\/01\/FIRMA-EDITORIAL-PD.png?w=2400&amp;ssl=1 2400w\" sizes=\"auto, (max-width: 800px) 100vw, 800px\" \/><\/p>\n<p>&nbsp;<\/p>\n","protected":false},"excerpt":{"rendered":"<p>&nbsp; Por Ricardo Homs Es cierto que la democracia hoy se ha quedado corta frente a las expectativas ciudadanas y<\/p>\n","protected":false},"author":4,"featured_media":3778,"comment_status":"closed","ping_status":"closed","sticky":false,"template":"","format":"standard","meta":{"colormag_page_container_layout":"default_layout","colormag_page_sidebar_layout":"default_layout","_jetpack_memberships_contains_paid_content":false,"footnotes":"","jetpack_publicize_message":"","jetpack_publicize_feature_enabled":true,"jetpack_social_post_already_shared":false,"jetpack_social_options":{"image_generator_settings":{"template":"highway","default_image_id":0,"font":"","enabled":false},"version":2}},"categories":[26],"tags":[],"class_list":["post-16540","post","type-post","status-publish","format-standard","has-post-thumbnail","hentry","category-columnistas"],"jetpack_publicize_connections":[],"jetpack_featured_media_url":"https:\/\/i0.wp.com\/politicosaldesnudo.com.mx\/wp-content\/uploads\/2022\/04\/RICARDO-HOMS.png?fit=1816%2C1016&ssl=1","jetpack-related-posts":[],"jetpack_sharing_enabled":true,"_links":{"self":[{"href":"https:\/\/politicosaldesnudo.com.mx\/index.php\/wp-json\/wp\/v2\/posts\/16540","targetHints":{"allow":["GET"]}}],"collection":[{"href":"https:\/\/politicosaldesnudo.com.mx\/index.php\/wp-json\/wp\/v2\/posts"}],"about":[{"href":"https:\/\/politicosaldesnudo.com.mx\/index.php\/wp-json\/wp\/v2\/types\/post"}],"author":[{"embeddable":true,"href":"https:\/\/politicosaldesnudo.com.mx\/index.php\/wp-json\/wp\/v2\/users\/4"}],"replies":[{"embeddable":true,"href":"https:\/\/politicosaldesnudo.com.mx\/index.php\/wp-json\/wp\/v2\/comments?post=16540"}],"version-history":[{"count":0,"href":"https:\/\/politicosaldesnudo.com.mx\/index.php\/wp-json\/wp\/v2\/posts\/16540\/revisions"}],"wp:featuredmedia":[{"embeddable":true,"href":"https:\/\/politicosaldesnudo.com.mx\/index.php\/wp-json\/wp\/v2\/media\/3778"}],"wp:attachment":[{"href":"https:\/\/politicosaldesnudo.com.mx\/index.php\/wp-json\/wp\/v2\/media?parent=16540"}],"wp:term":[{"taxonomy":"category","embeddable":true,"href":"https:\/\/politicosaldesnudo.com.mx\/index.php\/wp-json\/wp\/v2\/categories?post=16540"},{"taxonomy":"post_tag","embeddable":true,"href":"https:\/\/politicosaldesnudo.com.mx\/index.php\/wp-json\/wp\/v2\/tags?post=16540"}],"curies":[{"name":"wp","href":"https:\/\/api.w.org\/{rel}","templated":true}]}}