{"id":16578,"date":"2023-02-25T20:03:11","date_gmt":"2023-02-26T02:03:11","guid":{"rendered":"https:\/\/politicosaldesnudo.com.mx\/?p=16578"},"modified":"2023-02-25T20:03:11","modified_gmt":"2023-02-26T02:03:11","slug":"proxima-semana-en-tuxpan-continua-la-capacitacion-y-certificacion-turistica","status":"publish","type":"post","link":"https:\/\/politicosaldesnudo.com.mx\/index.php\/2023\/02\/25\/proxima-semana-en-tuxpan-continua-la-capacitacion-y-certificacion-turistica\/","title":{"rendered":"Pr\u00f3xima semana en Tuxpan, continua la Capacitaci\u00f3n y Certificaci\u00f3n Tur\u00edstica"},"content":{"rendered":"<p class=\"p1\">\n<p>&nbsp;<\/p>\n<p class=\"p1\" style=\"text-align: center;\"><span style=\"font-size: 18pt;\"><strong>&lt;&lt;El programa es otorga la Secretar\u00eda de Turismo y Cultura del Estado de Veracruz&gt;&gt;<\/strong><\/span><\/p>\n<p>&nbsp;<\/p>\n<p>&nbsp;<\/p>\n<p class=\"p1\"><span style=\"font-size: 14pt;\"><em><strong>TUXPAN, VERACRUZ.<\/strong> <\/em>Este<strong> 27 de febrero y 3 de marzo<\/strong>, la Secretar\u00eda de Turismo y Cultura del Estado de Veracruz a trav\u00e9s de la <strong>Direcci\u00f3n de Servicios Tur\u00edsticos<\/strong>, invita a <strong>prestadores de servicios<\/strong> del municipio a participar en el <strong>Programa de Capacitaci\u00f3n y Certificaci\u00f3n Tur\u00edstica<\/strong>.<\/span><\/p>\n<p class=\"p1\"><span style=\"font-size: 18pt;\"><strong>La capacitaci\u00f3n se llevar\u00e1 a cabo en el Gran Sal\u00f3n, ubicado en calle Independencia<span class=\"Apple-converted-space\">\u00a0 <\/span>104, colonia la Rivera realizando los registros a las 09:30 horas e iniciando el programa a las 10:00 horas.<span class=\"Apple-converted-space\">\u00a0<\/span><\/strong><\/span><\/p>\n<p class=\"p1\"><span style=\"font-size: 18pt; color: #139eca;\"><strong>Para participar en los pr\u00f3ximos cursos registrarte en: <a style=\"color: #139eca;\" href=\"https:\/\/certificacion.veracruz.mx\/preregistro.php\"><span class=\"s1\">https:\/\/certificacion.veracruz.mx\/preregistro.php<\/span><\/a><\/strong><\/span><\/p>\n<p>&nbsp;<\/p>\n<p class=\"p1\"><span style=\"font-size: 18pt; color: #139eca;\"><strong>LOS CURSOS<\/strong><\/span><\/p>\n<p class=\"p1\"><span style=\"font-size: 14pt;\">El 27 de febrero se dar\u00e1 la ponencia <span style=\"font-size: 18pt;\"><strong>\u201cLas 5s en las Empresas Tur\u00edsticas\u201d<\/strong><\/span> a cargo de Gaspar V\u00e1zquez Arias.<\/span><\/p>\n<p class=\"p1\"><span style=\"font-size: 14pt;\">As\u00ed, el 3 de marzo se abordar\u00e1 el tema<span style=\"font-size: 18pt;\"><strong> \u201cUnidades Gerenciales B\u00e1sicas en las Empresas Tur\u00edsticas\u201d<\/strong><\/span> a cargo de Gaspar V\u00e1zquez Arias.<\/span><\/p>\n<p class=\"p1\"><span style=\"font-size: 18pt;\"><strong>El objetivo de este curso es que los prestadores de Servicios Tur\u00edsticos puedan brindar servicios de calidad a los visitantes, y con ello obtener los distintivos y sellos que otorgan los programas federales.<\/strong><\/span><\/p>\n<p>&nbsp;<\/p>\n<p><img data-recalc-dims=\"1\" loading=\"lazy\" decoding=\"async\" class=\"aligncenter wp-image-16580 size-large\" src=\"https:\/\/i0.wp.com\/politicosaldesnudo.com.mx\/wp-content\/uploads\/2023\/02\/P-CERTIFICACION-TURISMO-2-1024x573.png?resize=800%2C448&#038;ssl=1\" alt=\"\" width=\"800\" height=\"448\" srcset=\"https:\/\/i0.wp.com\/politicosaldesnudo.com.mx\/wp-content\/uploads\/2023\/02\/P-CERTIFICACION-TURISMO-2.png?resize=1024%2C573&amp;ssl=1 1024w, https:\/\/i0.wp.com\/politicosaldesnudo.com.mx\/wp-content\/uploads\/2023\/02\/P-CERTIFICACION-TURISMO-2.png?resize=300%2C168&amp;ssl=1 300w, https:\/\/i0.wp.com\/politicosaldesnudo.com.mx\/wp-content\/uploads\/2023\/02\/P-CERTIFICACION-TURISMO-2.png?resize=768%2C430&amp;ssl=1 768w, https:\/\/i0.wp.com\/politicosaldesnudo.com.mx\/wp-content\/uploads\/2023\/02\/P-CERTIFICACION-TURISMO-2.png?resize=1536%2C859&amp;ssl=1 1536w, https:\/\/i0.wp.com\/politicosaldesnudo.com.mx\/wp-content\/uploads\/2023\/02\/P-CERTIFICACION-TURISMO-2.png?w=1816&amp;ssl=1 1816w\" sizes=\"auto, (max-width: 800px) 100vw, 800px\" \/><\/p>\n<p>&nbsp;<\/p>\n<p class=\"p1\"><span style=\"font-size: 18pt; color: #139eca;\"><strong>LA CAPACITACI\u00d3N<\/strong><\/span><\/p>\n<p class=\"p1\"><span style=\"font-size: 18pt;\"><strong>Cabe recordar que el pasado jueves m\u00e1s de 90 prestadores de servicios tur\u00edsticos de Tuxpan participaron la capacitaci\u00f3n que la Secretar\u00eda de Turismo del Estado de Veracruz (Sectur) imparti\u00f3 como parte del Programa Estatal de Certificaci\u00f3n y Capacitaci\u00f3n Tur\u00edstica (Peccatur).<\/strong><\/span><\/p>\n<p class=\"p1\"><span style=\"font-size: 14pt;\">Se instruy\u00f3 a Prestadores de Servicios sobre temas de gran relevancia como el Subsidio del 100 % a Programas de Calidad, el Registro Nacional de Turismo (RNT), y el Sistema de Clasificaci\u00f3n Hotelera (SCH).<\/span><\/p>\n<p class=\"p1\"><span style=\"font-size: 14pt;\">Asimismo se abord\u00f3 lo relacionado con el C\u00f3digo de Conducta Nacional para la Protecci\u00f3n de las Ni\u00f1as, Ni\u00f1os y Adolescentes en el Sector de los Viajes y el Turismo, dirigido a personal de primer contacto (taxistas, meseros, recepcionistas) y prestadores de servicios tur\u00edsticos en general.<\/span><\/p>\n<p class=\"p1\"><span style=\"font-size: 14pt;\">Tambi\u00e9n se capacit\u00f3 a personal de primer contacto como agentes de tr\u00e1nsito, polic\u00edas, recepcionistas y prestadores de servicios tur\u00edsticos en general acerca de la cultura tur\u00edstica, con el objetivo de que est\u00e9n preparados para recibir a los visitantes.<span class=\"Apple-converted-space\">\u00a0<\/span><\/span><\/p>\n<p class=\"p1\"><span style=\"font-size: 18pt;\"><strong>Con estas acciones se profesionaliza el sector tur\u00edstico de nuestro municipio. <span class=\"Apple-converted-space\">\u00a0<\/span><\/strong><\/span><\/p>\n<p>&nbsp;<\/p>\n<p><img data-recalc-dims=\"1\" loading=\"lazy\" decoding=\"async\" class=\"aligncenter wp-image-16581\" src=\"https:\/\/i0.wp.com\/politicosaldesnudo.com.mx\/wp-content\/uploads\/2023\/02\/P-CERTIFICACION-TURISMO-3-215x300.png?resize=500%2C699&#038;ssl=1\" alt=\"\" width=\"500\" height=\"699\" srcset=\"https:\/\/i0.wp.com\/politicosaldesnudo.com.mx\/wp-content\/uploads\/2023\/02\/P-CERTIFICACION-TURISMO-3.png?resize=215%2C300&amp;ssl=1 215w, https:\/\/i0.wp.com\/politicosaldesnudo.com.mx\/wp-content\/uploads\/2023\/02\/P-CERTIFICACION-TURISMO-3.png?resize=732%2C1024&amp;ssl=1 732w, https:\/\/i0.wp.com\/politicosaldesnudo.com.mx\/wp-content\/uploads\/2023\/02\/P-CERTIFICACION-TURISMO-3.png?resize=768%2C1074&amp;ssl=1 768w, https:\/\/i0.wp.com\/politicosaldesnudo.com.mx\/wp-content\/uploads\/2023\/02\/P-CERTIFICACION-TURISMO-3.png?resize=1098%2C1536&amp;ssl=1 1098w, https:\/\/i0.wp.com\/politicosaldesnudo.com.mx\/wp-content\/uploads\/2023\/02\/P-CERTIFICACION-TURISMO-3.png?w=1144&amp;ssl=1 1144w\" sizes=\"auto, (max-width: 500px) 100vw, 500px\" \/><\/p>\n<p>&nbsp;<\/p>\n<p>&nbsp;<\/p>\n<p>&nbsp;<\/p>\n<p>&nbsp;<\/p>\n<p>&nbsp;<\/p>\n","protected":false},"excerpt":{"rendered":"<p>&nbsp; &lt;&lt;El programa es otorga la Secretar\u00eda de Turismo y Cultura del Estado de Veracruz&gt;&gt; &nbsp; &nbsp; TUXPAN, VERACRUZ. Este [&hellip;]<\/p>\n","protected":false},"author":4,"featured_media":16579,"comment_status":"closed","ping_status":"closed","sticky":false,"template":"","format":"standard","meta":{"site-sidebar-layout":"default","site-content-layout":"","ast-site-content-layout":"default","site-content-style":"default","site-sidebar-style":"default","ast-global-header-display":"","ast-banner-title-visibility":"","ast-main-header-display":"","ast-hfb-above-header-display":"","ast-hfb-below-header-display":"","ast-hfb-mobile-header-display":"","site-post-title":"","ast-breadcrumbs-content":"","ast-featured-img":"","footer-sml-layout":"","ast-disable-related-posts":"","theme-transparent-header-meta":"","adv-header-id-meta":"","stick-header-meta":"","header-above-stick-meta":"","header-main-stick-meta":"","header-below-stick-meta":"","astra-migrate-meta-layouts":"default","ast-page-background-enabled":"default","ast-page-background-meta":{"desktop":{"background-color":"var(--ast-global-color-5)","background-image":"","background-repeat":"repeat","background-position":"center center","background-size":"auto","background-attachment":"scroll","background-type":"","background-media":"","overlay-type":"","overlay-color":"","overlay-opacity":"","overlay-gradient":""},"tablet":{"background-color":"","background-image":"","background-repeat":"repeat","background-position":"center center","background-size":"auto","background-attachment":"scroll","background-type":"","background-media":"","overlay-type":"","overlay-color":"","overlay-opacity":"","overlay-gradient":""},"mobile":{"background-color":"","background-image":"","background-repeat":"repeat","background-position":"center center","background-size":"auto","background-attachment":"scroll","background-type":"","background-media":"","overlay-type":"","overlay-color":"","overlay-opacity":"","overlay-gradient":""}},"ast-content-background-meta":{"desktop":{"background-color":"var(--ast-global-color-4)","background-image":"","background-repeat":"repeat","background-position":"center center","background-size":"auto","background-attachment":"scroll","background-type":"","background-media":"","overlay-type":"","overlay-color":"","overlay-opacity":"","overlay-gradient":""},"tablet":{"background-color":"var(--ast-global-color-4)","background-image":"","background-repeat":"repeat","background-position":"center center","background-size":"auto","background-attachment":"scroll","background-type":"","background-media":"","overlay-type":"","overlay-color":"","overlay-opacity":"","overlay-gradient":""},"mobile":{"background-color":"var(--ast-global-color-4)","background-image":"","background-repeat":"repeat","background-position":"center center","background-size":"auto","background-attachment":"scroll","background-type":"","background-media":"","overlay-type":"","overlay-color":"","overlay-opacity":"","overlay-gradient":""}},"_jetpack_newsletter_access":"","_jetpack_dont_email_post_to_subs":false,"_jetpack_newsletter_tier_id":0,"_jetpack_memberships_contains_paywalled_content":false,"_jetpack_feature_clip_id":0,"_jetpack_memberships_contains_paid_content":false,"footnotes":"","jetpack_publicize_message":"","jetpack_publicize_feature_enabled":true,"jetpack_social_post_already_shared":false,"jetpack_social_options":{"image_generator_settings":{"template":"highway","default_image_id":0,"font":"","enabled":false},"version":2},"jetpack_post_was_ever_published":false},"categories":[1082],"tags":[1100,2295,216,234,70,100],"class_list":["post-16578","post","type-post","status-publish","format-standard","has-post-thumbnail","hentry","category-tuxpan","tag-capacitacion","tag-prestadores-de-servicios","tag-sectur","tag-turismo","tag-tuxpan","tag-veracruz"],"yoast_head":"<!-- This site is optimized with the Yoast SEO plugin v28.3 - https:\/\/yoast.com\/product\/yoast-seo-wordpress\/ -->\n<title>Pr\u00f3xima semana en Tuxpan, continua la Capacitaci\u00f3n y Certificaci\u00f3n Tur\u00edstica - Pol\u00edticos al Desnudo<\/title>\n<meta name=\"robots\" content=\"index, follow, max-snippet:-1, max-image-preview:large, max-video-preview:-1\" \/>\n<link rel=\"canonical\" href=\"https:\/\/politicosaldesnudo.com.mx\/index.php\/2023\/02\/25\/proxima-semana-en-tuxpan-continua-la-capacitacion-y-certificacion-turistica\/\" \/>\n<meta property=\"og:locale\" content=\"es_ES\" \/>\n<meta property=\"og:type\" content=\"article\" \/>\n<meta property=\"og:title\" content=\"Pr\u00f3xima semana en Tuxpan, continua la Capacitaci\u00f3n y Certificaci\u00f3n Tur\u00edstica - Pol\u00edticos al Desnudo\" \/>\n<meta property=\"og:description\" content=\"&nbsp; &lt;&lt;El programa es otorga la Secretar\u00eda de Turismo y Cultura del Estado de Veracruz&gt;&gt; &nbsp; &nbsp; TUXPAN, VERACRUZ. Este [&hellip;]\" \/>\n<meta property=\"og:url\" content=\"https:\/\/politicosaldesnudo.com.mx\/index.php\/2023\/02\/25\/proxima-semana-en-tuxpan-continua-la-capacitacion-y-certificacion-turistica\/\" \/>\n<meta property=\"og:site_name\" content=\"Pol\u00edticos al Desnudo\" \/>\n<meta property=\"article:publisher\" content=\"https:\/\/www.facebook.com\/PoliticosAD\" \/>\n<meta property=\"article:published_time\" content=\"2023-02-26T02:03:11+00:00\" \/>\n<meta property=\"og:image\" content=\"https:\/\/politicosaldesnudo.com.mx\/wp-content\/uploads\/2023\/02\/P-CERTIFICACION-TURISMO-1-1024x573.png\" \/>\n\t<meta property=\"og:image:width\" content=\"1024\" \/>\n\t<meta property=\"og:image:height\" content=\"573\" \/>\n\t<meta property=\"og:image:type\" content=\"image\/png\" \/>\n<meta name=\"author\" content=\"Redacci\u00f3n Pol\u00edticos\" \/>\n<meta name=\"twitter:card\" content=\"summary_large_image\" \/>\n<meta name=\"twitter:label1\" content=\"Escrito por\" \/>\n\t<meta name=\"twitter:data1\" content=\"Redacci\u00f3n Pol\u00edticos\" \/>\n\t<meta name=\"twitter:label2\" content=\"Tiempo de lectura\" \/>\n\t<meta name=\"twitter:data2\" content=\"2 minutos\" \/>\n<script type=\"application\/ld+json\" class=\"yoast-schema-graph\">{\"@context\":\"https:\\\/\\\/schema.org\",\"@graph\":[{\"@type\":\"Article\",\"@id\":\"https:\\\/\\\/politicosaldesnudo.com.mx\\\/index.php\\\/2023\\\/02\\\/25\\\/proxima-semana-en-tuxpan-continua-la-capacitacion-y-certificacion-turistica\\\/#article\",\"isPartOf\":{\"@id\":\"https:\\\/\\\/politicosaldesnudo.com.mx\\\/index.php\\\/2023\\\/02\\\/25\\\/proxima-semana-en-tuxpan-continua-la-capacitacion-y-certificacion-turistica\\\/\"},\"author\":{\"name\":\"Redacci\u00f3n Pol\u00edticos\",\"@id\":\"https:\\\/\\\/politicosaldesnudo.com.mx\\\/#\\\/schema\\\/person\\\/ef3a64e561cc3f3f5dc52fab81adde7e\"},\"headline\":\"Pr\u00f3xima semana en Tuxpan, continua la Capacitaci\u00f3n y Certificaci\u00f3n Tur\u00edstica\",\"datePublished\":\"2023-02-26T02:03:11+00:00\",\"mainEntityOfPage\":{\"@id\":\"https:\\\/\\\/politicosaldesnudo.com.mx\\\/index.php\\\/2023\\\/02\\\/25\\\/proxima-semana-en-tuxpan-continua-la-capacitacion-y-certificacion-turistica\\\/\"},\"wordCount\":411,\"publisher\":{\"@id\":\"https:\\\/\\\/politicosaldesnudo.com.mx\\\/#organization\"},\"image\":{\"@id\":\"https:\\\/\\\/politicosaldesnudo.com.mx\\\/index.php\\\/2023\\\/02\\\/25\\\/proxima-semana-en-tuxpan-continua-la-capacitacion-y-certificacion-turistica\\\/#primaryimage\"},\"thumbnailUrl\":\"https:\\\/\\\/i0.wp.com\\\/politicosaldesnudo.com.mx\\\/wp-content\\\/uploads\\\/2023\\\/02\\\/P-CERTIFICACION-TURISMO-1.png?fit=1816%2C1016&ssl=1\",\"keywords\":[\"CAPACITACI\u00d3N\",\"PRESTADORES DE SERVICIOS\",\"SECTUR\",\"TURISMO\",\"TUXPAN\",\"VERACRUZ\"],\"articleSection\":[\"TUXPAN\"],\"inLanguage\":\"es\"},{\"@type\":\"WebPage\",\"@id\":\"https:\\\/\\\/politicosaldesnudo.com.mx\\\/index.php\\\/2023\\\/02\\\/25\\\/proxima-semana-en-tuxpan-continua-la-capacitacion-y-certificacion-turistica\\\/\",\"url\":\"https:\\\/\\\/politicosaldesnudo.com.mx\\\/index.php\\\/2023\\\/02\\\/25\\\/proxima-semana-en-tuxpan-continua-la-capacitacion-y-certificacion-turistica\\\/\",\"name\":\"Pr\u00f3xima semana en Tuxpan, continua la Capacitaci\u00f3n y Certificaci\u00f3n Tur\u00edstica - Pol\u00edticos al Desnudo\",\"isPartOf\":{\"@id\":\"https:\\\/\\\/politicosaldesnudo.com.mx\\\/#website\"},\"primaryImageOfPage\":{\"@id\":\"https:\\\/\\\/politicosaldesnudo.com.mx\\\/index.php\\\/2023\\\/02\\\/25\\\/proxima-semana-en-tuxpan-continua-la-capacitacion-y-certificacion-turistica\\\/#primaryimage\"},\"image\":{\"@id\":\"https:\\\/\\\/politicosaldesnudo.com.mx\\\/index.php\\\/2023\\\/02\\\/25\\\/proxima-semana-en-tuxpan-continua-la-capacitacion-y-certificacion-turistica\\\/#primaryimage\"},\"thumbnailUrl\":\"https:\\\/\\\/i0.wp.com\\\/politicosaldesnudo.com.mx\\\/wp-content\\\/uploads\\\/2023\\\/02\\\/P-CERTIFICACION-TURISMO-1.png?fit=1816%2C1016&ssl=1\",\"datePublished\":\"2023-02-26T02:03:11+00:00\",\"breadcrumb\":{\"@id\":\"https:\\\/\\\/politicosaldesnudo.com.mx\\\/index.php\\\/2023\\\/02\\\/25\\\/proxima-semana-en-tuxpan-continua-la-capacitacion-y-certificacion-turistica\\\/#breadcrumb\"},\"inLanguage\":\"es\",\"potentialAction\":[{\"@type\":\"ReadAction\",\"target\":[\"https:\\\/\\\/politicosaldesnudo.com.mx\\\/index.php\\\/2023\\\/02\\\/25\\\/proxima-semana-en-tuxpan-continua-la-capacitacion-y-certificacion-turistica\\\/\"]}]},{\"@type\":\"ImageObject\",\"inLanguage\":\"es\",\"@id\":\"https:\\\/\\\/politicosaldesnudo.com.mx\\\/index.php\\\/2023\\\/02\\\/25\\\/proxima-semana-en-tuxpan-continua-la-capacitacion-y-certificacion-turistica\\\/#primaryimage\",\"url\":\"https:\\\/\\\/i0.wp.com\\\/politicosaldesnudo.com.mx\\\/wp-content\\\/uploads\\\/2023\\\/02\\\/P-CERTIFICACION-TURISMO-1.png?fit=1816%2C1016&ssl=1\",\"contentUrl\":\"https:\\\/\\\/i0.wp.com\\\/politicosaldesnudo.com.mx\\\/wp-content\\\/uploads\\\/2023\\\/02\\\/P-CERTIFICACION-TURISMO-1.png?fit=1816%2C1016&ssl=1\",\"width\":1816,\"height\":1016},{\"@type\":\"BreadcrumbList\",\"@id\":\"https:\\\/\\\/politicosaldesnudo.com.mx\\\/index.php\\\/2023\\\/02\\\/25\\\/proxima-semana-en-tuxpan-continua-la-capacitacion-y-certificacion-turistica\\\/#breadcrumb\",\"itemListElement\":[{\"@type\":\"ListItem\",\"position\":1,\"name\":\"Portada\",\"item\":\"https:\\\/\\\/politicosaldesnudo.com.mx\\\/\"},{\"@type\":\"ListItem\",\"position\":2,\"name\":\"Pr\u00f3xima semana en Tuxpan, continua la Capacitaci\u00f3n y Certificaci\u00f3n Tur\u00edstica\"}]},{\"@type\":\"WebSite\",\"@id\":\"https:\\\/\\\/politicosaldesnudo.com.mx\\\/#website\",\"url\":\"https:\\\/\\\/politicosaldesnudo.com.mx\\\/\",\"name\":\"Pol\u00edticos al Desnudo\",\"description\":\"\",\"publisher\":{\"@id\":\"https:\\\/\\\/politicosaldesnudo.com.mx\\\/#organization\"},\"potentialAction\":[{\"@type\":\"SearchAction\",\"target\":{\"@type\":\"EntryPoint\",\"urlTemplate\":\"https:\\\/\\\/politicosaldesnudo.com.mx\\\/?s={search_term_string}\"},\"query-input\":{\"@type\":\"PropertyValueSpecification\",\"valueRequired\":true,\"valueName\":\"search_term_string\"}}],\"inLanguage\":\"es\"},{\"@type\":\"Organization\",\"@id\":\"https:\\\/\\\/politicosaldesnudo.com.mx\\\/#organization\",\"name\":\"Pol\u00edticos al Desnudo\",\"url\":\"https:\\\/\\\/politicosaldesnudo.com.mx\\\/\",\"logo\":{\"@type\":\"ImageObject\",\"inLanguage\":\"es\",\"@id\":\"https:\\\/\\\/politicosaldesnudo.com.mx\\\/#\\\/schema\\\/logo\\\/image\\\/\",\"url\":\"https:\\\/\\\/i0.wp.com\\\/politicosaldesnudo.com.mx\\\/wp-content\\\/uploads\\\/2026\\\/08\\\/cropped-logo.webp?fit=400%2C126&ssl=1\",\"contentUrl\":\"https:\\\/\\\/i0.wp.com\\\/politicosaldesnudo.com.mx\\\/wp-content\\\/uploads\\\/2026\\\/08\\\/cropped-logo.webp?fit=400%2C126&ssl=1\",\"width\":400,\"height\":126,\"caption\":\"Pol\u00edticos al Desnudo\"},\"image\":{\"@id\":\"https:\\\/\\\/politicosaldesnudo.com.mx\\\/#\\\/schema\\\/logo\\\/image\\\/\"},\"sameAs\":[\"https:\\\/\\\/www.facebook.com\\\/PoliticosAD\"]},{\"@type\":\"Person\",\"@id\":\"https:\\\/\\\/politicosaldesnudo.com.mx\\\/#\\\/schema\\\/person\\\/ef3a64e561cc3f3f5dc52fab81adde7e\",\"name\":\"Redacci\u00f3n Pol\u00edticos\",\"url\":\"https:\\\/\\\/politicosaldesnudo.com.mx\\\/index.php\\\/author\\\/redaccion-politicos\\\/\"}]}<\/script>\n<!-- \/ Yoast SEO plugin. -->","yoast_head_json":{"title":"Pr\u00f3xima semana en Tuxpan, continua la Capacitaci\u00f3n y Certificaci\u00f3n Tur\u00edstica - Pol\u00edticos al Desnudo","robots":{"index":"index","follow":"follow","max-snippet":"max-snippet:-1","max-image-preview":"max-image-preview:large","max-video-preview":"max-video-preview:-1"},"canonical":"https:\/\/politicosaldesnudo.com.mx\/index.php\/2023\/02\/25\/proxima-semana-en-tuxpan-continua-la-capacitacion-y-certificacion-turistica\/","og_locale":"es_ES","og_type":"article","og_title":"Pr\u00f3xima semana en Tuxpan, continua la Capacitaci\u00f3n y Certificaci\u00f3n Tur\u00edstica - Pol\u00edticos al Desnudo","og_description":"&nbsp; &lt;&lt;El programa es otorga la Secretar\u00eda de Turismo y Cultura del Estado de Veracruz&gt;&gt; &nbsp; &nbsp; TUXPAN, VERACRUZ. Este [&hellip;]","og_url":"https:\/\/politicosaldesnudo.com.mx\/index.php\/2023\/02\/25\/proxima-semana-en-tuxpan-continua-la-capacitacion-y-certificacion-turistica\/","og_site_name":"Pol\u00edticos al Desnudo","article_publisher":"https:\/\/www.facebook.com\/PoliticosAD","article_published_time":"2023-02-26T02:03:11+00:00","og_image":[{"width":1024,"height":573,"url":"https:\/\/politicosaldesnudo.com.mx\/wp-content\/uploads\/2023\/02\/P-CERTIFICACION-TURISMO-1-1024x573.png","type":"image\/png"}],"author":"Redacci\u00f3n Pol\u00edticos","twitter_card":"summary_large_image","twitter_misc":{"Escrito por":"Redacci\u00f3n Pol\u00edticos","Tiempo de lectura":"2 minutos"},"schema":{"@context":"https:\/\/schema.org","@graph":[{"@type":"Article","@id":"https:\/\/politicosaldesnudo.com.mx\/index.php\/2023\/02\/25\/proxima-semana-en-tuxpan-continua-la-capacitacion-y-certificacion-turistica\/#article","isPartOf":{"@id":"https:\/\/politicosaldesnudo.com.mx\/index.php\/2023\/02\/25\/proxima-semana-en-tuxpan-continua-la-capacitacion-y-certificacion-turistica\/"},"author":{"name":"Redacci\u00f3n Pol\u00edticos","@id":"https:\/\/politicosaldesnudo.com.mx\/#\/schema\/person\/ef3a64e561cc3f3f5dc52fab81adde7e"},"headline":"Pr\u00f3xima semana en Tuxpan, continua la Capacitaci\u00f3n y Certificaci\u00f3n Tur\u00edstica","datePublished":"2023-02-26T02:03:11+00:00","mainEntityOfPage":{"@id":"https:\/\/politicosaldesnudo.com.mx\/index.php\/2023\/02\/25\/proxima-semana-en-tuxpan-continua-la-capacitacion-y-certificacion-turistica\/"},"wordCount":411,"publisher":{"@id":"https:\/\/politicosaldesnudo.com.mx\/#organization"},"image":{"@id":"https:\/\/politicosaldesnudo.com.mx\/index.php\/2023\/02\/25\/proxima-semana-en-tuxpan-continua-la-capacitacion-y-certificacion-turistica\/#primaryimage"},"thumbnailUrl":"https:\/\/i0.wp.com\/politicosaldesnudo.com.mx\/wp-content\/uploads\/2023\/02\/P-CERTIFICACION-TURISMO-1.png?fit=1816%2C1016&ssl=1","keywords":["CAPACITACI\u00d3N","PRESTADORES DE SERVICIOS","SECTUR","TURISMO","TUXPAN","VERACRUZ"],"articleSection":["TUXPAN"],"inLanguage":"es"},{"@type":"WebPage","@id":"https:\/\/politicosaldesnudo.com.mx\/index.php\/2023\/02\/25\/proxima-semana-en-tuxpan-continua-la-capacitacion-y-certificacion-turistica\/","url":"https:\/\/politicosaldesnudo.com.mx\/index.php\/2023\/02\/25\/proxima-semana-en-tuxpan-continua-la-capacitacion-y-certificacion-turistica\/","name":"Pr\u00f3xima semana en Tuxpan, continua la Capacitaci\u00f3n y Certificaci\u00f3n Tur\u00edstica - Pol\u00edticos al Desnudo","isPartOf":{"@id":"https:\/\/politicosaldesnudo.com.mx\/#website"},"primaryImageOfPage":{"@id":"https:\/\/politicosaldesnudo.com.mx\/index.php\/2023\/02\/25\/proxima-semana-en-tuxpan-continua-la-capacitacion-y-certificacion-turistica\/#primaryimage"},"image":{"@id":"https:\/\/politicosaldesnudo.com.mx\/index.php\/2023\/02\/25\/proxima-semana-en-tuxpan-continua-la-capacitacion-y-certificacion-turistica\/#primaryimage"},"thumbnailUrl":"https:\/\/i0.wp.com\/politicosaldesnudo.com.mx\/wp-content\/uploads\/2023\/02\/P-CERTIFICACION-TURISMO-1.png?fit=1816%2C1016&ssl=1","datePublished":"2023-02-26T02:03:11+00:00","breadcrumb":{"@id":"https:\/\/politicosaldesnudo.com.mx\/index.php\/2023\/02\/25\/proxima-semana-en-tuxpan-continua-la-capacitacion-y-certificacion-turistica\/#breadcrumb"},"inLanguage":"es","potentialAction":[{"@type":"ReadAction","target":["https:\/\/politicosaldesnudo.com.mx\/index.php\/2023\/02\/25\/proxima-semana-en-tuxpan-continua-la-capacitacion-y-certificacion-turistica\/"]}]},{"@type":"ImageObject","inLanguage":"es","@id":"https:\/\/politicosaldesnudo.com.mx\/index.php\/2023\/02\/25\/proxima-semana-en-tuxpan-continua-la-capacitacion-y-certificacion-turistica\/#primaryimage","url":"https:\/\/i0.wp.com\/politicosaldesnudo.com.mx\/wp-content\/uploads\/2023\/02\/P-CERTIFICACION-TURISMO-1.png?fit=1816%2C1016&ssl=1","contentUrl":"https:\/\/i0.wp.com\/politicosaldesnudo.com.mx\/wp-content\/uploads\/2023\/02\/P-CERTIFICACION-TURISMO-1.png?fit=1816%2C1016&ssl=1","width":1816,"height":1016},{"@type":"BreadcrumbList","@id":"https:\/\/politicosaldesnudo.com.mx\/index.php\/2023\/02\/25\/proxima-semana-en-tuxpan-continua-la-capacitacion-y-certificacion-turistica\/#breadcrumb","itemListElement":[{"@type":"ListItem","position":1,"name":"Portada","item":"https:\/\/politicosaldesnudo.com.mx\/"},{"@type":"ListItem","position":2,"name":"Pr\u00f3xima semana en Tuxpan, continua la Capacitaci\u00f3n y Certificaci\u00f3n Tur\u00edstica"}]},{"@type":"WebSite","@id":"https:\/\/politicosaldesnudo.com.mx\/#website","url":"https:\/\/politicosaldesnudo.com.mx\/","name":"Pol\u00edticos al Desnudo","description":"","publisher":{"@id":"https:\/\/politicosaldesnudo.com.mx\/#organization"},"potentialAction":[{"@type":"SearchAction","target":{"@type":"EntryPoint","urlTemplate":"https:\/\/politicosaldesnudo.com.mx\/?s={search_term_string}"},"query-input":{"@type":"PropertyValueSpecification","valueRequired":true,"valueName":"search_term_string"}}],"inLanguage":"es"},{"@type":"Organization","@id":"https:\/\/politicosaldesnudo.com.mx\/#organization","name":"Pol\u00edticos al Desnudo","url":"https:\/\/politicosaldesnudo.com.mx\/","logo":{"@type":"ImageObject","inLanguage":"es","@id":"https:\/\/politicosaldesnudo.com.mx\/#\/schema\/logo\/image\/","url":"https:\/\/i0.wp.com\/politicosaldesnudo.com.mx\/wp-content\/uploads\/2026\/08\/cropped-logo.webp?fit=400%2C126&ssl=1","contentUrl":"https:\/\/i0.wp.com\/politicosaldesnudo.com.mx\/wp-content\/uploads\/2026\/08\/cropped-logo.webp?fit=400%2C126&ssl=1","width":400,"height":126,"caption":"Pol\u00edticos al Desnudo"},"image":{"@id":"https:\/\/politicosaldesnudo.com.mx\/#\/schema\/logo\/image\/"},"sameAs":["https:\/\/www.facebook.com\/PoliticosAD"]},{"@type":"Person","@id":"https:\/\/politicosaldesnudo.com.mx\/#\/schema\/person\/ef3a64e561cc3f3f5dc52fab81adde7e","name":"Redacci\u00f3n Pol\u00edticos","url":"https:\/\/politicosaldesnudo.com.mx\/index.php\/author\/redaccion-politicos\/"}]}},"jetpack_publicize_connections":[],"jetpack-related-posts":[{"id":88118,"url":"https:\/\/politicosaldesnudo.com.mx\/index.php\/2026\/08\/27\/cateo-en-tuxpan-aseguran-negocio-investigado-por-presunta-extorsion-a-avicultores\/","url_meta":{"origin":16578,"position":0},"title":"Cateo en Tuxpan: aseguran negocio investigado por presunta extorsi\u00f3n a avicultores","author":"Redacci\u00f3n Pol\u00edticos","date":"27 de agosto de 2026","format":false,"excerpt":"Un establecimiento comercial de la colonia An\u00e1huac, en Tuxpan, qued\u00f3 bajo resguardo de las autoridades tras un operativo relacionado con una investigaci\u00f3n por posibles extorsiones contra integrantes del sector av\u00edcola. La diligencia fue realizada por agentes de la Unidad Especializada en Combate al Secuestro y la Extorsi\u00f3n (UECS), quienes contaron\u2026","rel":"","context":"En \u00abESTADOS\u00bb","block_context":{"text":"ESTADOS","link":"https:\/\/politicosaldesnudo.com.mx\/index.php\/category\/estados\/"},"img":{"alt_text":"","src":"https:\/\/i0.wp.com\/politicosaldesnudo.com.mx\/wp-content\/uploads\/2026\/08\/avc-tuxpan-horizontal.png?fit=1200%2C675&ssl=1&resize=350%2C200","width":350,"height":200,"srcset":"https:\/\/i0.wp.com\/politicosaldesnudo.com.mx\/wp-content\/uploads\/2026\/08\/avc-tuxpan-horizontal.png?fit=1200%2C675&ssl=1&resize=350%2C200 1x, https:\/\/i0.wp.com\/politicosaldesnudo.com.mx\/wp-content\/uploads\/2026\/08\/avc-tuxpan-horizontal.png?fit=1200%2C675&ssl=1&resize=525%2C300 1.5x, https:\/\/i0.wp.com\/politicosaldesnudo.com.mx\/wp-content\/uploads\/2026\/08\/avc-tuxpan-horizontal.png?fit=1200%2C675&ssl=1&resize=700%2C400 2x, https:\/\/i0.wp.com\/politicosaldesnudo.com.mx\/wp-content\/uploads\/2026\/08\/avc-tuxpan-horizontal.png?fit=1200%2C675&ssl=1&resize=1050%2C600 3x"},"classes":[]},{"id":88176,"url":"https:\/\/politicosaldesnudo.com.mx\/index.php\/2026\/08\/30\/un-viaje-sin-regreso-asi-habria-ocurrido-el-asesinato-del-hermano-de-la-creadora-de-contenido-ruthi-san-en-tuxpan\/","url_meta":{"origin":16578,"position":1},"title":"Un viaje sin regreso: as\u00ed habr\u00eda ocurrido el asesinato del hermano de la creadora de contenido Ruthi San, en Tuxpan","author":"Redacci\u00f3n Pol\u00edticos","date":"30 de agosto de 2026","format":false,"excerpt":"Un servicio de transporte termin\u00f3 convertido en la escena de un crimen. Cuatro meses despu\u00e9s del homicidio de Habib Ju\u00e1rez Castellanos, taxista de Tuxpan y hermano de la creadora de contenido Ruthi San, dos personas fueron detenidas y presentadas ante un juez. La investigaci\u00f3n de la Fiscal\u00eda Regional se\u00f1ala que\u2026","rel":"","context":"En \u00abESTADOS\u00bb","block_context":{"text":"ESTADOS","link":"https:\/\/politicosaldesnudo.com.mx\/index.php\/category\/estados\/"},"img":{"alt_text":"","src":"https:\/\/i0.wp.com\/politicosaldesnudo.com.mx\/wp-content\/uploads\/2026\/08\/f957448d-9e13-44e1-acb0-03d35ff4db3c.png?fit=1200%2C675&ssl=1&resize=350%2C200","width":350,"height":200,"srcset":"https:\/\/i0.wp.com\/politicosaldesnudo.com.mx\/wp-content\/uploads\/2026\/08\/f957448d-9e13-44e1-acb0-03d35ff4db3c.png?fit=1200%2C675&ssl=1&resize=350%2C200 1x, https:\/\/i0.wp.com\/politicosaldesnudo.com.mx\/wp-content\/uploads\/2026\/08\/f957448d-9e13-44e1-acb0-03d35ff4db3c.png?fit=1200%2C675&ssl=1&resize=525%2C300 1.5x, https:\/\/i0.wp.com\/politicosaldesnudo.com.mx\/wp-content\/uploads\/2026\/08\/f957448d-9e13-44e1-acb0-03d35ff4db3c.png?fit=1200%2C675&ssl=1&resize=700%2C400 2x, https:\/\/i0.wp.com\/politicosaldesnudo.com.mx\/wp-content\/uploads\/2026\/08\/f957448d-9e13-44e1-acb0-03d35ff4db3c.png?fit=1200%2C675&ssl=1&resize=1050%2C600 3x"},"classes":[]},{"id":33280,"url":"https:\/\/politicosaldesnudo.com.mx\/index.php\/2024\/03\/12\/buscaremos-el-desarrollo-de-tuxpan-y-la-region-jv\/","url_meta":{"origin":16578,"position":2},"title":"Buscaremos el desarrollo de Tuxpan y la regi\u00f3n: JV","author":"Redacci\u00f3n Pol\u00edticos","date":"12 de marzo de 2024","format":false,"excerpt":"TUXPAN.- De acuerdo con lo mencionado en entrevista por el candidato del Movimiento de Regeneraci\u00f3n Nacional Javier Vel\u00e1zquez Vallejo, la zona norte del estado ha estado olvidada por muchos a\u00f1os, y aunque sus municipios tienen un gran potencial en diversos rubros, \u00e9stos han sido debidamente apoyados y respaldados, por lo\u2026","rel":"","context":"En \u00abTUXPAN\u00bb","block_context":{"text":"TUXPAN","link":"https:\/\/politicosaldesnudo.com.mx\/index.php\/category\/tuxpan\/"},"img":{"alt_text":"","src":"https:\/\/i0.wp.com\/politicosaldesnudo.com.mx\/wp-content\/uploads\/2024\/03\/4a-4.jpg?fit=1080%2C720&ssl=1&resize=350%2C200","width":350,"height":200,"srcset":"https:\/\/i0.wp.com\/politicosaldesnudo.com.mx\/wp-content\/uploads\/2024\/03\/4a-4.jpg?fit=1080%2C720&ssl=1&resize=350%2C200 1x, https:\/\/i0.wp.com\/politicosaldesnudo.com.mx\/wp-content\/uploads\/2024\/03\/4a-4.jpg?fit=1080%2C720&ssl=1&resize=525%2C300 1.5x, https:\/\/i0.wp.com\/politicosaldesnudo.com.mx\/wp-content\/uploads\/2024\/03\/4a-4.jpg?fit=1080%2C720&ssl=1&resize=700%2C400 2x, https:\/\/i0.wp.com\/politicosaldesnudo.com.mx\/wp-content\/uploads\/2024\/03\/4a-4.jpg?fit=1080%2C720&ssl=1&resize=1050%2C600 3x"},"classes":[]},{"id":88282,"url":"https:\/\/politicosaldesnudo.com.mx\/index.php\/2026\/09\/02\/tuxpan-la-memoria-tambien-merece-respeto\/","url_meta":{"origin":16578,"position":3},"title":"Tuxpan: La memoria tambi\u00e9n merece respeto","author":"Redacci\u00f3n Pol\u00edticos","date":"2 de septiembre de 2026","format":false,"excerpt":"BIT\u00c1CORA POL\u00cdTICA Por Miguel \u00c1ngel Cristiani G. Hay historias que un pueblo no deber\u00eda olvidar. Y hay otras que, antes de convertirlas en motivo de celebraci\u00f3n, deber\u00edan revisarse cuidadosamente. En Tuxpan acaba de surgir una de esas historias inc\u00f3modas. El gobierno municipal que encabeza Daniel Cortina habr\u00eda respaldado la presentaci\u00f3n\u2026","rel":"","context":"En \u00abOPINI\u00d3N\u00bb","block_context":{"text":"OPINI\u00d3N","link":"https:\/\/politicosaldesnudo.com.mx\/index.php\/category\/columnistas\/"},"img":{"alt_text":"","src":"https:\/\/i0.wp.com\/politicosaldesnudo.com.mx\/wp-content\/uploads\/2026\/09\/COLUMNISTAS-PAD-1.png?fit=1200%2C659&ssl=1&resize=350%2C200","width":350,"height":200,"srcset":"https:\/\/i0.wp.com\/politicosaldesnudo.com.mx\/wp-content\/uploads\/2026\/09\/COLUMNISTAS-PAD-1.png?fit=1200%2C659&ssl=1&resize=350%2C200 1x, https:\/\/i0.wp.com\/politicosaldesnudo.com.mx\/wp-content\/uploads\/2026\/09\/COLUMNISTAS-PAD-1.png?fit=1200%2C659&ssl=1&resize=525%2C300 1.5x, https:\/\/i0.wp.com\/politicosaldesnudo.com.mx\/wp-content\/uploads\/2026\/09\/COLUMNISTAS-PAD-1.png?fit=1200%2C659&ssl=1&resize=700%2C400 2x, https:\/\/i0.wp.com\/politicosaldesnudo.com.mx\/wp-content\/uploads\/2026\/09\/COLUMNISTAS-PAD-1.png?fit=1200%2C659&ssl=1&resize=1050%2C600 3x"},"classes":[]},{"id":87996,"url":"https:\/\/politicosaldesnudo.com.mx\/index.php\/2026\/08\/23\/nuevos-autobuses-totonaco-arriban-a-poza-rica-operaran-tres-rutas-regionales\/","url_meta":{"origin":16578,"position":4},"title":"Nuevos autobuses Totonaco arriban a Poza Rica; operar\u00e1n tres rutas regionales","author":"Redacci\u00f3n Pol\u00edticos","date":"23 de agosto de 2026","format":false,"excerpt":"Los primeros autobuses del Servicio Totonaco ya se encuentran en Poza Rica como parte del proyecto con el que se busca renovar y ampliar las opciones de transporte p\u00fablico en la zona norte de Veracruz. Las unidades comenzaron a llegar durante el fin de semana y formar\u00e1n parte de una\u2026","rel":"","context":"En \u00abESTADOS\u00bb","block_context":{"text":"ESTADOS","link":"https:\/\/politicosaldesnudo.com.mx\/index.php\/category\/estados\/"},"img":{"alt_text":"","src":"https:\/\/i0.wp.com\/politicosaldesnudo.com.mx\/wp-content\/uploads\/2026\/08\/tt.jpg?fit=888%2C500&ssl=1&resize=350%2C200","width":350,"height":200,"srcset":"https:\/\/i0.wp.com\/politicosaldesnudo.com.mx\/wp-content\/uploads\/2026\/08\/tt.jpg?fit=888%2C500&ssl=1&resize=350%2C200 1x, https:\/\/i0.wp.com\/politicosaldesnudo.com.mx\/wp-content\/uploads\/2026\/08\/tt.jpg?fit=888%2C500&ssl=1&resize=525%2C300 1.5x, https:\/\/i0.wp.com\/politicosaldesnudo.com.mx\/wp-content\/uploads\/2026\/08\/tt.jpg?fit=888%2C500&ssl=1&resize=700%2C400 2x"},"classes":[]},{"id":28388,"url":"https:\/\/politicosaldesnudo.com.mx\/index.php\/2024\/01\/02\/favorece-a-turismo-el-buen-clima\/","url_meta":{"origin":16578,"position":5},"title":"Favorece a turismo  el buen clima","author":"Redacci\u00f3n Pol\u00edticos","date":"2 de enero de 2024","format":false,"excerpt":"Tuxpan.- Este primero de enero, cientos de tuxpe\u00f1os y turistas antes de volver a sus lugares de procedencia, aprovecharon el buen clima que se registr\u00f3 en la ciudad para disfrutar de la playa y posteriormente de la zona restaurantera de La Mata, por lo que existi\u00f3 gran afluencia en este\u2026","rel":"","context":"En \u00abTUXPAN\u00bb","block_context":{"text":"TUXPAN","link":"https:\/\/politicosaldesnudo.com.mx\/index.php\/category\/tuxpan\/"},"img":{"alt_text":"","src":"https:\/\/i0.wp.com\/politicosaldesnudo.com.mx\/wp-content\/uploads\/2024\/01\/4b.jpg?fit=1080%2C687&ssl=1&resize=350%2C200","width":350,"height":200,"srcset":"https:\/\/i0.wp.com\/politicosaldesnudo.com.mx\/wp-content\/uploads\/2024\/01\/4b.jpg?fit=1080%2C687&ssl=1&resize=350%2C200 1x, https:\/\/i0.wp.com\/politicosaldesnudo.com.mx\/wp-content\/uploads\/2024\/01\/4b.jpg?fit=1080%2C687&ssl=1&resize=525%2C300 1.5x, https:\/\/i0.wp.com\/politicosaldesnudo.com.mx\/wp-content\/uploads\/2024\/01\/4b.jpg?fit=1080%2C687&ssl=1&resize=700%2C400 2x, https:\/\/i0.wp.com\/politicosaldesnudo.com.mx\/wp-content\/uploads\/2024\/01\/4b.jpg?fit=1080%2C687&ssl=1&resize=1050%2C600 3x"},"classes":[]}],"jetpack_sharing_enabled":true,"jetpack_featured_media_url":"https:\/\/i0.wp.com\/politicosaldesnudo.com.mx\/wp-content\/uploads\/2023\/02\/P-CERTIFICACION-TURISMO-1.png?fit=1816%2C1016&ssl=1","_links":{"self":[{"href":"https:\/\/politicosaldesnudo.com.mx\/index.php\/wp-json\/wp\/v2\/posts\/16578","targetHints":{"allow":["GET"]}}],"collection":[{"href":"https:\/\/politicosaldesnudo.com.mx\/index.php\/wp-json\/wp\/v2\/posts"}],"about":[{"href":"https:\/\/politicosaldesnudo.com.mx\/index.php\/wp-json\/wp\/v2\/types\/post"}],"author":[{"embeddable":true,"href":"https:\/\/politicosaldesnudo.com.mx\/index.php\/wp-json\/wp\/v2\/users\/4"}],"replies":[{"embeddable":true,"href":"https:\/\/politicosaldesnudo.com.mx\/index.php\/wp-json\/wp\/v2\/comments?post=16578"}],"version-history":[{"count":0,"href":"https:\/\/politicosaldesnudo.com.mx\/index.php\/wp-json\/wp\/v2\/posts\/16578\/revisions"}],"wp:featuredmedia":[{"embeddable":true,"href":"https:\/\/politicosaldesnudo.com.mx\/index.php\/wp-json\/wp\/v2\/media\/16579"}],"wp:attachment":[{"href":"https:\/\/politicosaldesnudo.com.mx\/index.php\/wp-json\/wp\/v2\/media?parent=16578"}],"wp:term":[{"taxonomy":"category","embeddable":true,"href":"https:\/\/politicosaldesnudo.com.mx\/index.php\/wp-json\/wp\/v2\/categories?post=16578"},{"taxonomy":"post_tag","embeddable":true,"href":"https:\/\/politicosaldesnudo.com.mx\/index.php\/wp-json\/wp\/v2\/tags?post=16578"}],"curies":[{"name":"wp","href":"https:\/\/api.w.org\/{rel}","templated":true}]}}