{"id":16659,"date":"2023-02-27T22:07:28","date_gmt":"2023-02-28T04:07:28","guid":{"rendered":"https:\/\/politicosaldesnudo.com.mx\/?p=16659"},"modified":"2023-02-28T06:18:55","modified_gmt":"2023-02-28T12:18:55","slug":"dif-tuxpan-inaugura-la-biblioteca-el-rincon-de-la-transformacion","status":"publish","type":"post","link":"https:\/\/politicosaldesnudo.com.mx\/index.php\/2023\/02\/27\/dif-tuxpan-inaugura-la-biblioteca-el-rincon-de-la-transformacion\/","title":{"rendered":"DIF Tuxpan inaugura la biblioteca \u201cEl Rinc\u00f3n de la Transformaci\u00f3n\u201d"},"content":{"rendered":"<p>&nbsp;<\/p>\n<p class=\"p1\"><span style=\"font-size: 14pt;\"><em><strong>TUXPAN, VERACRUZ.<\/strong><\/em> En las instalaciones del <strong>DIF municipal se inaugur\u00f3 la biblioteca \u201cEl Rinc\u00f3n de la Transformaci\u00f3n\u201d<\/strong>, cuyo prop\u00f3sito es fomentar en ni\u00f1as y ni\u00f1os el gusto por la lectura. <span class=\"Apple-converted-space\">\u00a0<\/span><\/span><\/p>\n<p>&nbsp;<\/p>\n<blockquote>\n<p class=\"p1\"><span style=\"font-size: 14pt;\">Sembrar desde peque\u00f1os el amor por los libros y la lectura, es abrirle la puerta al crecimiento intelectual, al desarrollo personal y al bienestar perdurable\u201d, expres\u00f3 Pamela Morales Huesca, presidenta del DIF Tuxpan.<\/span><\/p>\n<\/blockquote>\n<p>&nbsp;<\/p>\n<p class=\"p1\"><span style=\"font-size: 18pt;\"><strong>Pamela Morales dijo que la Nueva Escuela Mexicana llama a contribuir a la formaci\u00f3n del pensamiento cr\u00edtico, a la transformaci\u00f3n y al crecimiento solidario de la sociedad, por lo que en el DIF Tuxpan se trabaja para incidir en una cultura educativa acorde a los nuevos tiempos.<\/strong><\/span><\/p>\n<p>&nbsp;<\/p>\n<p><img data-recalc-dims=\"1\" loading=\"lazy\" decoding=\"async\" class=\"aligncenter wp-image-16663 size-large\" src=\"https:\/\/i0.wp.com\/politicosaldesnudo.com.mx\/wp-content\/uploads\/2023\/02\/P-BIBLIOTECA-DIF-4-1024x573.png?resize=800%2C448&#038;ssl=1\" alt=\"\" width=\"800\" height=\"448\" srcset=\"https:\/\/i0.wp.com\/politicosaldesnudo.com.mx\/wp-content\/uploads\/2023\/02\/P-BIBLIOTECA-DIF-4.png?resize=1024%2C573&amp;ssl=1 1024w, https:\/\/i0.wp.com\/politicosaldesnudo.com.mx\/wp-content\/uploads\/2023\/02\/P-BIBLIOTECA-DIF-4.png?resize=300%2C168&amp;ssl=1 300w, https:\/\/i0.wp.com\/politicosaldesnudo.com.mx\/wp-content\/uploads\/2023\/02\/P-BIBLIOTECA-DIF-4.png?resize=768%2C430&amp;ssl=1 768w, https:\/\/i0.wp.com\/politicosaldesnudo.com.mx\/wp-content\/uploads\/2023\/02\/P-BIBLIOTECA-DIF-4.png?resize=1536%2C859&amp;ssl=1 1536w, https:\/\/i0.wp.com\/politicosaldesnudo.com.mx\/wp-content\/uploads\/2023\/02\/P-BIBLIOTECA-DIF-4.png?w=1816&amp;ssl=1 1816w, https:\/\/i0.wp.com\/politicosaldesnudo.com.mx\/wp-content\/uploads\/2023\/02\/P-BIBLIOTECA-DIF-4.png?w=1600&amp;ssl=1 1600w\" sizes=\"auto, (max-width: 800px) 100vw, 800px\" \/><\/p>\n<p>&nbsp;<\/p>\n<p class=\"p1\"><span style=\"font-size: 14pt;\">Reconoci\u00f3 Pamela Morales la labor de la Profesora Julieta Jim\u00e9nez Torres, promotora de la brigada de fomento a lectura Mujeres Insurgentes, por el trabajo que realiza en todo el estado, el cual -indic\u00f3- inspira a seguir su ejemplo. <span class=\"Apple-converted-space\">\u00a0<\/span><\/span><\/p>\n<p class=\"p1\"><span style=\"font-size: 18pt;\"><strong>Pamela Morales dio las gracias a quienes se sumaron a la campa\u00f1a \u201cDona un Libro\u201d, y a las maestras y maestros que, a trav\u00e9s de las brigadas de fomento a la lectura y la cultura, sirven con amor a nuestra ni\u00f1ez y a las familias.<span class=\"Apple-converted-space\">\u00a0<\/span><\/strong><\/span><\/p>\n<p class=\"p1\"><span style=\"font-size: 18pt;\"><strong>De manera muy especial agradeci\u00f3 el apoyo incondicional de su esposo, el alcalde Jos\u00e9 Manuel Pozos Castro: \u201cSin \u00e9l nada de esto ser\u00eda posible. Gracias por impulsar la educaci\u00f3n como eje fundamental de la gran transformaci\u00f3n y el desarrollo de Tuxpan\u201d.<span class=\"Apple-converted-space\">\u00a0<\/span><\/strong><\/span><\/p>\n<p>&nbsp;<\/p>\n<p><img data-recalc-dims=\"1\" loading=\"lazy\" decoding=\"async\" class=\"aligncenter wp-image-16662 size-large\" src=\"https:\/\/i0.wp.com\/politicosaldesnudo.com.mx\/wp-content\/uploads\/2023\/02\/P-BIBLIOTECA-DIF-3-1024x573.png?resize=800%2C448&#038;ssl=1\" alt=\"\" width=\"800\" height=\"448\" srcset=\"https:\/\/i0.wp.com\/politicosaldesnudo.com.mx\/wp-content\/uploads\/2023\/02\/P-BIBLIOTECA-DIF-3.png?resize=1024%2C573&amp;ssl=1 1024w, https:\/\/i0.wp.com\/politicosaldesnudo.com.mx\/wp-content\/uploads\/2023\/02\/P-BIBLIOTECA-DIF-3.png?resize=300%2C168&amp;ssl=1 300w, https:\/\/i0.wp.com\/politicosaldesnudo.com.mx\/wp-content\/uploads\/2023\/02\/P-BIBLIOTECA-DIF-3.png?resize=768%2C430&amp;ssl=1 768w, https:\/\/i0.wp.com\/politicosaldesnudo.com.mx\/wp-content\/uploads\/2023\/02\/P-BIBLIOTECA-DIF-3.png?resize=1536%2C859&amp;ssl=1 1536w, https:\/\/i0.wp.com\/politicosaldesnudo.com.mx\/wp-content\/uploads\/2023\/02\/P-BIBLIOTECA-DIF-3.png?w=1816&amp;ssl=1 1816w, https:\/\/i0.wp.com\/politicosaldesnudo.com.mx\/wp-content\/uploads\/2023\/02\/P-BIBLIOTECA-DIF-3.png?w=1600&amp;ssl=1 1600w\" sizes=\"auto, (max-width: 800px) 100vw, 800px\" \/><\/p>\n<p>&nbsp;<\/p>\n<p class=\"p1\"><span style=\"font-size: 14pt;\">El ni\u00f1o, Gabriel Iv\u00e1n Guevara Cruz, integrante de la Red de Ni\u00f1as, Ni\u00f1os y Adolescentes Difusores de la Transformaci\u00f3n, agradeci\u00f3 a la presidenta del DIF Tuxpan, Pamela Morales, por esta biblioteca: \u201cGracias por darnos la oportunidad de descubrir cosas maravillosas a trav\u00e9s de los libros\u2026 Leer, te hace libre\u201d.<\/span><\/p>\n<p class=\"p1\"><span style=\"font-size: 18pt;\"><strong>Las autoridades municipales y estatales, en compa\u00f1\u00eda de los invitados, develaron la placa que contiene el nombre de la biblioteca; realizaron el corte del list\u00f3n inaugural, para despu\u00e9s recorrer los m\u00f3dulos de la biblioteca, entre los que se encuentran el m\u00f3dulo \u201cCuenta Cuentos\u201d, el m\u00f3dulo denominado \u201cTeatro Gui\u00f1ol\u201d con la obra Caperucita Roja, el m\u00f3dulo de \u201cElaboraci\u00f3n de Portadas\u201d y \u201cCuento Sensorial y Cuenta Cuentos\u201d.<\/strong><\/span><\/p>\n<p>&nbsp;<\/p>\n<p><img data-recalc-dims=\"1\" loading=\"lazy\" decoding=\"async\" class=\"aligncenter wp-image-16661 size-large\" src=\"https:\/\/i0.wp.com\/politicosaldesnudo.com.mx\/wp-content\/uploads\/2023\/02\/P-BIBLIOTECA-DIF-2-1024x573.png?resize=800%2C448&#038;ssl=1\" alt=\"\" width=\"800\" height=\"448\" srcset=\"https:\/\/i0.wp.com\/politicosaldesnudo.com.mx\/wp-content\/uploads\/2023\/02\/P-BIBLIOTECA-DIF-2.png?resize=1024%2C573&amp;ssl=1 1024w, https:\/\/i0.wp.com\/politicosaldesnudo.com.mx\/wp-content\/uploads\/2023\/02\/P-BIBLIOTECA-DIF-2.png?resize=300%2C168&amp;ssl=1 300w, https:\/\/i0.wp.com\/politicosaldesnudo.com.mx\/wp-content\/uploads\/2023\/02\/P-BIBLIOTECA-DIF-2.png?resize=768%2C430&amp;ssl=1 768w, https:\/\/i0.wp.com\/politicosaldesnudo.com.mx\/wp-content\/uploads\/2023\/02\/P-BIBLIOTECA-DIF-2.png?resize=1536%2C859&amp;ssl=1 1536w, https:\/\/i0.wp.com\/politicosaldesnudo.com.mx\/wp-content\/uploads\/2023\/02\/P-BIBLIOTECA-DIF-2.png?w=1816&amp;ssl=1 1816w, https:\/\/i0.wp.com\/politicosaldesnudo.com.mx\/wp-content\/uploads\/2023\/02\/P-BIBLIOTECA-DIF-2.png?w=1600&amp;ssl=1 1600w\" sizes=\"auto, (max-width: 800px) 100vw, 800px\" \/><\/p>\n<p>&nbsp;<\/p>\n<p class=\"p1\"><span style=\"font-size: 14pt;\">Asistieron como invitados ni\u00f1as y ni\u00f1os de las escuelas CAIC Tuxpan, Colegio Alejandr\u00eda, la Escuela Primaria Leyes de Reforma y los ni\u00f1os de la Casa Hogar Infantil del DIF.<\/span><\/p>\n<p class=\"p1\"><span style=\"font-size: 14pt;\">La inauguraci\u00f3n estuvo encabezada por Pamela Morales Huesca, presidenta del DIF Tuxpan; Humberto Garc\u00eda Garc\u00eda, representante de la directora del DIF Estatal Rebeca Quintanar Barcel\u00f3; Epifanio Cruz Hern\u00e1ndez, coordinador de Bibliotecas y Centros de Informaci\u00f3n Documental<\/span><\/p>\n<p>&nbsp;<\/p>\n<p>&nbsp;<\/p>\n<p>&nbsp;<\/p>\n","protected":false},"excerpt":{"rendered":"<p>&nbsp; TUXPAN, VERACRUZ. En las instalaciones del DIF municipal se inaugur\u00f3 la biblioteca \u201cEl Rinc\u00f3n de la Transformaci\u00f3n\u201d, cuyo prop\u00f3sito<\/p>\n","protected":false},"author":4,"featured_media":16660,"comment_status":"closed","ping_status":"closed","sticky":false,"template":"","format":"standard","meta":{"colormag_page_container_layout":"default_layout","colormag_page_sidebar_layout":"default_layout","_jetpack_memberships_contains_paid_content":false,"footnotes":"","jetpack_publicize_message":"","jetpack_publicize_feature_enabled":true,"jetpack_social_post_already_shared":false,"jetpack_social_options":{"image_generator_settings":{"template":"highway","default_image_id":0,"font":"","enabled":false},"version":2}},"categories":[1082],"tags":[1261,1099,1872,70,100],"class_list":["post-16659","post","type-post","status-publish","format-standard","has-post-thumbnail","hentry","category-tuxpan","tag-biblioteca","tag-dif-tuxpan","tag-pamela-morales","tag-tuxpan","tag-veracruz"],"jetpack_publicize_connections":[],"jetpack_featured_media_url":"https:\/\/i0.wp.com\/politicosaldesnudo.com.mx\/wp-content\/uploads\/2023\/02\/P-BIBLIOTECA-DIF-1.png?fit=1816%2C1016&ssl=1","jetpack-related-posts":[],"jetpack_sharing_enabled":true,"_links":{"self":[{"href":"https:\/\/politicosaldesnudo.com.mx\/index.php\/wp-json\/wp\/v2\/posts\/16659","targetHints":{"allow":["GET"]}}],"collection":[{"href":"https:\/\/politicosaldesnudo.com.mx\/index.php\/wp-json\/wp\/v2\/posts"}],"about":[{"href":"https:\/\/politicosaldesnudo.com.mx\/index.php\/wp-json\/wp\/v2\/types\/post"}],"author":[{"embeddable":true,"href":"https:\/\/politicosaldesnudo.com.mx\/index.php\/wp-json\/wp\/v2\/users\/4"}],"replies":[{"embeddable":true,"href":"https:\/\/politicosaldesnudo.com.mx\/index.php\/wp-json\/wp\/v2\/comments?post=16659"}],"version-history":[{"count":0,"href":"https:\/\/politicosaldesnudo.com.mx\/index.php\/wp-json\/wp\/v2\/posts\/16659\/revisions"}],"wp:featuredmedia":[{"embeddable":true,"href":"https:\/\/politicosaldesnudo.com.mx\/index.php\/wp-json\/wp\/v2\/media\/16660"}],"wp:attachment":[{"href":"https:\/\/politicosaldesnudo.com.mx\/index.php\/wp-json\/wp\/v2\/media?parent=16659"}],"wp:term":[{"taxonomy":"category","embeddable":true,"href":"https:\/\/politicosaldesnudo.com.mx\/index.php\/wp-json\/wp\/v2\/categories?post=16659"},{"taxonomy":"post_tag","embeddable":true,"href":"https:\/\/politicosaldesnudo.com.mx\/index.php\/wp-json\/wp\/v2\/tags?post=16659"}],"curies":[{"name":"wp","href":"https:\/\/api.w.org\/{rel}","templated":true}]}}