{"id":16807,"date":"2023-03-04T07:15:12","date_gmt":"2023-03-04T13:15:12","guid":{"rendered":"https:\/\/politicosaldesnudo.com.mx\/?p=16807"},"modified":"2023-03-04T07:15:12","modified_gmt":"2023-03-04T13:15:12","slug":"si-no-me-quieres-para-que-me-quieres","status":"publish","type":"post","link":"https:\/\/politicosaldesnudo.com.mx\/index.php\/2023\/03\/04\/si-no-me-quieres-para-que-me-quieres\/","title":{"rendered":"Si no me quieres para qu\u00e9 me quieres"},"content":{"rendered":"<p class=\"p1\">\n<p>&nbsp;<\/p>\n<p class=\"p1\"><span style=\"font-size: 18pt;\"><strong>Por Mois\u00e9s S\u00e1nchez Lim\u00f3n<span class=\"Apple-converted-space\">\u00a0<\/span><\/strong><\/span><\/p>\n<p class=\"p1\"><span style=\"font-size: 14pt;\">O lo que es lo mismo:\u00a0Te odio y te quiero\/\u00a0Porque a ti te debo\/\u00a0Mis horas amargas\/\u00a0Mis horas de miel\u2026<\/span><\/p>\n<p class=\"p1\"><span style=\"font-size: 14pt;\">Con el fondo del requinto y la voz de Julio Jaramillo. Un bolero de 1959 del siglo pasado que el cantante ecuatoriano hizo un exitazo, de esos que dejan huella. \u00bfA poco no?<\/span><\/p>\n<p class=\"p1\"><span style=\"font-size: 14pt;\">Ya ve usted como soy de cursi.<\/span><\/p>\n<p class=\"p1\"><span style=\"font-size: 14pt;\">Y m\u00e1s cuando me llaman conservador y machuch\u00f3n o camaj\u00e1n por haber ido a la concentraci\u00f3n del pasado domingo 26 de febrero al Z\u00f3calo para alzar la voz en defensa del INE y de la libertad de los once ministros de la Suprema Corte de Justicia de la Naci\u00f3n para que resuelvan sin presiones las acciones de inconstitucionalidad solicitadas contra el Plan B de la reforma electoral.<\/span><\/p>\n<p class=\"p1\"><span style=\"font-size: 14pt;\">\u00a1Caray!<\/span><\/p>\n<p class=\"p1\"><span style=\"font-size: 14pt;\">Me pregunto: \u00bfpor qu\u00e9 desplegar a reporteros afines a la 4T en busca del traspi\u00e9, del negrito en el arroz para generalizar y asegurar a pie juntillas que la concentraci\u00f3n de miles de ciudadanos fue una farsa y ejemplo del acarreo fif\u00ed?<\/span><\/p>\n<p class=\"p1\"><span style=\"font-size: 14pt;\">F\u00edjese, por ejemplo al cincuent\u00f3n culto y honesto Jenaro Villamil, presidente del Sistema P\u00fablico de Radiodifusi\u00f3n del Estado Mexicano (a) SPR, convertido en moderno Cat\u00f3n dispuesto a censurar a sus colegas y a los ciudadanos que piensan diferente a \u00e9l por el simple y constitucional hecho de ejercer su libertad de expresi\u00f3n.<\/span><\/p>\n<p class=\"p1\"><span style=\"font-size: 14pt;\">O, bueno, ah\u00ed tiene usted al honesto Mayito Delgado que se alz\u00f3 en juez calificador e insult\u00f3 a quienes colmaron el Z\u00f3calo de la capital del pa\u00eds, am\u00e9n de haber celebrado concentraciones y marchas en el interior de la rep\u00fablica.<\/span><\/p>\n<p class=\"p1\"><span style=\"font-size: 14pt;\">\u00bfEn serio, en serio, somos una amenaza? \u00bfPara qui\u00e9n?<\/span><\/p>\n<p class=\"p1\"><span style=\"font-size: 14pt;\"><b>Mire usted, visiblemente encabronado, el licenciado Mario Delgado sostuvo que esta concentraci\u00f3n \u201cquienes la encabezan, quienes la convocaron<\/b>,\u00a0en realidad quieren regresar al pasado, un pasado corrupto, donde pod\u00edan cometer fraudes electorales, manipular el voto para favorecer sus intereses y, sobre todo, en el que pod\u00edan saquear a nuestro pa\u00eds\u201d.<\/span><\/p>\n<p class=\"p1\"><span style=\"font-size: 14pt;\">O sea.<\/span><\/p>\n<p class=\"p1\"><span style=\"font-size: 14pt;\">Qu\u00e9 le digo. Entonces, diputados y senadores de Morena y de pasadita del PT y eso que llaman Partido Verde Ecologista llegaron al Congreso de la Uni\u00f3n en los comicios federales de 2018, de acuerdo con el concepto de Delgado, mediante fraude y manipulaci\u00f3n del voto.<\/span><\/p>\n<p class=\"p1\"><span style=\"font-size: 14pt;\">Y, bueno, entonces el licenciado presidente estar\u00eda en la condici\u00f3n de espurio porque su triunfo en las urnas fue reconocido por un corrupto y fraudulento Instituto Nacional Electoral.<\/span><\/p>\n<p class=\"p1\"><span style=\"font-size: 14pt;\">Pero el itamita Delgado Carrillo se despach\u00f3 con la cuchara grande y, en ese delicado ejercicio de la descalificaci\u00f3n con sus etc\u00e9teras, dijo que el movimiento que se manifest\u00f3 en el Z\u00f3calo antes del mediod\u00eda del domingo \u00faltimo de febrero, \u201ctiene como pantalla lo del Plan B de la Reforma Electoral.<\/span><\/p>\n<p class=\"p1\"><span style=\"font-size: 14pt;\">\u201cPero lo cierto es que, no\u00a0es una marcha\u00a0(de) la ciudadan\u00eda,\u00a0es una manifestaci\u00f3n de la derecha\u00a0en contra de la transformaci\u00f3n que se est\u00e1\u00a0viviendo a nivel nacional, en 22 estados y en un sinf\u00edn de municipios.\u00a0<b>Ese es el fondo, lo dem\u00e1s es la excusa. Gritan\u00a0\u201cel INE no se toca\u201d\u00a0pero en realidad piensan\u00a0\u201cGarc\u00eda Luna y Felipe Calder\u00f3n no se tocan\u201d<\/b>,\u00a0\u201cla corrupci\u00f3n no se toca\u201d,\u00a0\u201cel influyent\u00edsimo no se toca\u201d\u2026. Cit\u00f3 en su cuenta de twitter.<\/span><\/p>\n<p class=\"p1\"><span style=\"font-size: 14pt;\">\u00a1Rec\u00f3rcholis Kalim\u00e1n!<\/span><\/p>\n<p class=\"p1\"><span style=\"font-size: 14pt;\">\u00bfSoy de derecha? \u00bfQuiero regresar al pasado?<\/span><\/p>\n<p class=\"p1\"><span style=\"font-size: 14pt;\">Bueeeno.<\/span><\/p>\n<p class=\"p1\"><span style=\"font-size: 14pt;\">Pero, pero\u2026<\/span><\/p>\n<p class=\"p1\"><span style=\"font-size: 14pt;\">No creo que la se\u00f1ora clasemediera que baj\u00f3 en la estaci\u00f3n del Metro Bellas Artes con sus dos hijas sea golpista ni machuchona ni mucho menos de derecha.<\/span><\/p>\n<p class=\"p1\"><span style=\"font-size: 14pt;\">\u00bfSer\u00e1 que mis amigos a quienes salud\u00e9 en el Z\u00f3calo son todo eso que dice el licenciado Delgado? S\u00ed, el licenciado Delgado Carrillo, a quien se se\u00f1ala corresponsable del enorme saqueo que hubo con la L\u00ednea 12 del Metro.<\/span><\/p>\n<p class=\"p1\"><span style=\"font-size: 14pt;\">Adem\u00e1s, d\u00edgame usted si tengo o no raz\u00f3n cuando pregunto, al aire, en Radio Expresi\u00f3n M\u00e9xico, cu\u00e1nto dar\u00edan los pr\u00f3ceres de la 4T por contar con estos mexicanos que no piden torta ni frutsi y mucho menos un quinient\u00f3n por sumarse a las marchas oficialistas, como la convocada para el pr\u00f3ximo 18 de este mes, aniversario de la Expropiaci\u00f3n Petrolera, con el fin de llenar el Z\u00f3calo con un chingamadral de gente dizque convencida hasta el tu\u00e9tano de las promesas de la 4T.<\/span><\/p>\n<p class=\"p1\"><span style=\"font-size: 14pt;\">Pero no, ah\u00ed los tiene usted odiando a los fif\u00eds, a estos canijos conservadores y neoliberales, aspiracionistas y vende patrias que no se conforman con un par de chanclitas y unos pantaloncitos de Mixcalco.<\/span><\/p>\n<p class=\"p1\"><span style=\"font-size: 14pt;\">Dice el licenciado presidente \u2013o sea, Su Alteza Seren\u00edsima\u2014que quienes nos manifestamos el domingo en el Z\u00f3calo estamos en todo nuestro derecho de hacerlo, pero luego asegur\u00f3 que, en realidad no fuimos a defender al INE, \u00a1nooo!, fuimos a defender al ingeniero Garc\u00eda Luna y al licenciado Felipe.<\/span><\/p>\n<p class=\"p1\"><span style=\"font-size: 14pt;\">Y nos maltrat\u00f3 rete feo. Lea usted.<\/span><\/p>\n<p class=\"p1\"><span style=\"font-size: 14pt;\">\u201cEst\u00e1n en su derecho de manifestarse y qu\u00e9 bueno porque as\u00ed dejan de simular porque aparentaban ser independientes, progresistas, liberales y son conservadores rancios y corruptos\u201d.<\/span><\/p>\n<p class=\"p1\"><span style=\"font-size: 14pt;\">\u00bfRancio?<\/span><\/p>\n<p class=\"p1\"><span style=\"font-size: 14pt;\">\u00a1C\u00e1spita!<\/span><\/p>\n<p class=\"p1\"><span style=\"font-size: 14pt;\">Pero si no nos quiere la 4T y nos zarandea de fea manera, por qu\u00e9 la importancia de estas movilizaciones.<\/span><\/p>\n<p class=\"p1\"><span style=\"font-size: 14pt;\">\u00bfPor qu\u00e9 madrear a la clase media? \u00a1Total!, nom\u00e1s con no hacernos caso y punto. Pero\u2026<\/span><\/p>\n<p class=\"p1\"><span style=\"font-size: 14pt;\">Lo cierto es que ya nos convertimos en la pesadilla que le quita el sue\u00f1o al licenciado presidente y a su c\u00edrculo cerrado, a quienes, \u00e9stos s\u00ed, no quieren perder lo que han logrado al apropiarse del poder y cometer pendejada y media con \u00e1nimo depredador.<\/span><\/p>\n<p class=\"p1\"><span style=\"font-size: 14pt;\">\u00bfSe acab\u00f3 la corrupci\u00f3n? \u00bfYa no hay ladrones en el gobierno federal ni en el estatal o el municipal?<\/span><\/p>\n<p class=\"p1\"><span style=\"font-size: 14pt;\">La realidad golpea todos los d\u00edas, ofende por insultante en esos estancos de impunidad, en esa violencia que se respira apenas pone uno el pie en la calle o viaja en el transporte p\u00fablico, o conduce en su autom\u00f3vil lo mismo en Lomas Altas, San Pedro Garza o cualquier colonia y barrio de post\u00edn y m\u00e1s en trat\u00e1ndose los populares, como ese de Nuevo Laredo, Tamaulipas, donde cinco j\u00f3venes fueron masacrados.<\/span><\/p>\n<p class=\"p1\"><span style=\"font-size: 14pt;\">\u00bfY sabe usted qu\u00e9 es lo m\u00e1s insultante?<\/span><\/p>\n<p class=\"p1\"><span style=\"font-size: 14pt;\">Que haya mercenarios del periodismo, como un tal Carlos Dom\u00ednguez \u201cde Naci\u00f3n 14\u201d que, en el perverso \u00e1nimo de defender a los militares asegur\u00f3 que los cinco j\u00f3venes masacrados formaban parte de un c\u00e1rtel y se enfrentaron a los soldados.<\/span><\/p>\n<p class=\"p1\"><span style=\"font-size: 14pt;\">\u00bfSabr\u00eda este mercenario que la propia Secretar\u00eda de la Defensa Nacional report\u00f3 que los j\u00f3venes no iban armados?<\/span><\/p>\n<p class=\"p1\"><span style=\"font-size: 14pt;\">S\u00ed, s\u00ed, se\u00f1oras y se\u00f1ores, por eso el encabronamiento social est\u00e1 en ascenso. Y habr\u00e1 m\u00e1s movilizaciones porque la democracia est\u00e1 en riesgo cuando se tuerce el brazo a la ley y se escinde a la sociedad.<\/span><\/p>\n<p class=\"p1\"><span style=\"font-size: 14pt;\">\u00bfSoy de derecha y machuch\u00f3n? Si no me quieres para qu\u00e9 me quieres. Digo.<\/span><\/p>\n<p>&nbsp;<\/p>\n<p>&nbsp;<\/p>\n<hr \/>\n<p>&nbsp;<\/p>\n<p><strong><span style=\"font-size: 18pt;\">Correo: <\/span><span class=\"s1\"><a href=\"mailto:sanchezlimon@gmail.com\"><span style=\"font-size: 18pt;\">sanchezlimon@gmail.com<\/span><\/a><\/span><span class=\"s2\" style=\"font-size: 18pt;\">\u00a0<\/span><\/strong><\/p>\n<p class=\"p3\"><strong><span style=\"font-size: 18pt;\"><span class=\"s2\">Twitter: <a href=\"https:\/\/twitter.com\/sanchezlimon1\">@sanchezlimon1<\/a><\/span><\/span><\/strong><\/p>\n<p>&nbsp;<\/p>\n<p><img data-recalc-dims=\"1\" loading=\"lazy\" decoding=\"async\" class=\"aligncenter wp-image-14351\" src=\"https:\/\/i0.wp.com\/politicosaldesnudo.com.mx\/wp-content\/uploads\/2023\/01\/FIRMA-EDITORIAL-PD-300x37.png?resize=800%2C98&#038;ssl=1\" alt=\"\" width=\"800\" height=\"98\" srcset=\"https:\/\/i0.wp.com\/politicosaldesnudo.com.mx\/wp-content\/uploads\/2023\/01\/FIRMA-EDITORIAL-PD.png?resize=300%2C37&amp;ssl=1 300w, https:\/\/i0.wp.com\/politicosaldesnudo.com.mx\/wp-content\/uploads\/2023\/01\/FIRMA-EDITORIAL-PD.png?resize=1024%2C125&amp;ssl=1 1024w, https:\/\/i0.wp.com\/politicosaldesnudo.com.mx\/wp-content\/uploads\/2023\/01\/FIRMA-EDITORIAL-PD.png?resize=768%2C94&amp;ssl=1 768w, https:\/\/i0.wp.com\/politicosaldesnudo.com.mx\/wp-content\/uploads\/2023\/01\/FIRMA-EDITORIAL-PD.png?resize=1536%2C188&amp;ssl=1 1536w, https:\/\/i0.wp.com\/politicosaldesnudo.com.mx\/wp-content\/uploads\/2023\/01\/FIRMA-EDITORIAL-PD.png?resize=2048%2C250&amp;ssl=1 2048w, https:\/\/i0.wp.com\/politicosaldesnudo.com.mx\/wp-content\/uploads\/2023\/01\/FIRMA-EDITORIAL-PD.png?w=1600&amp;ssl=1 1600w, https:\/\/i0.wp.com\/politicosaldesnudo.com.mx\/wp-content\/uploads\/2023\/01\/FIRMA-EDITORIAL-PD.png?w=2400&amp;ssl=1 2400w\" sizes=\"auto, (max-width: 800px) 100vw, 800px\" \/><\/p>\n<p>&nbsp;<\/p>\n<p>&nbsp;<\/p>\n<p>&nbsp;<\/p>\n<p>&nbsp;<\/p>\n<p>&nbsp;<\/p>\n<p>&nbsp;<\/p>\n<p>&nbsp;<\/p>\n","protected":false},"excerpt":{"rendered":"<p>&nbsp; Por Mois\u00e9s S\u00e1nchez Lim\u00f3n\u00a0 O lo que es lo mismo:\u00a0Te odio y te quiero\/\u00a0Porque a ti te debo\/\u00a0Mis horas<\/p>\n","protected":false},"author":4,"featured_media":16109,"comment_status":"closed","ping_status":"closed","sticky":false,"template":"","format":"standard","meta":{"colormag_page_container_layout":"default_layout","colormag_page_sidebar_layout":"default_layout","_jetpack_memberships_contains_paid_content":false,"footnotes":"","jetpack_publicize_message":"","jetpack_publicize_feature_enabled":true,"jetpack_social_post_already_shared":false,"jetpack_social_options":{"image_generator_settings":{"template":"highway","default_image_id":0,"font":"","enabled":false},"version":2}},"categories":[26],"tags":[],"class_list":["post-16807","post","type-post","status-publish","format-standard","has-post-thumbnail","hentry","category-columnistas"],"jetpack_publicize_connections":[],"jetpack_featured_media_url":"https:\/\/i0.wp.com\/politicosaldesnudo.com.mx\/wp-content\/uploads\/2023\/02\/P-MOISES-SANCHEZ-LIMON.png?fit=1816%2C1016&ssl=1","jetpack-related-posts":[],"jetpack_sharing_enabled":true,"_links":{"self":[{"href":"https:\/\/politicosaldesnudo.com.mx\/index.php\/wp-json\/wp\/v2\/posts\/16807","targetHints":{"allow":["GET"]}}],"collection":[{"href":"https:\/\/politicosaldesnudo.com.mx\/index.php\/wp-json\/wp\/v2\/posts"}],"about":[{"href":"https:\/\/politicosaldesnudo.com.mx\/index.php\/wp-json\/wp\/v2\/types\/post"}],"author":[{"embeddable":true,"href":"https:\/\/politicosaldesnudo.com.mx\/index.php\/wp-json\/wp\/v2\/users\/4"}],"replies":[{"embeddable":true,"href":"https:\/\/politicosaldesnudo.com.mx\/index.php\/wp-json\/wp\/v2\/comments?post=16807"}],"version-history":[{"count":0,"href":"https:\/\/politicosaldesnudo.com.mx\/index.php\/wp-json\/wp\/v2\/posts\/16807\/revisions"}],"wp:featuredmedia":[{"embeddable":true,"href":"https:\/\/politicosaldesnudo.com.mx\/index.php\/wp-json\/wp\/v2\/media\/16109"}],"wp:attachment":[{"href":"https:\/\/politicosaldesnudo.com.mx\/index.php\/wp-json\/wp\/v2\/media?parent=16807"}],"wp:term":[{"taxonomy":"category","embeddable":true,"href":"https:\/\/politicosaldesnudo.com.mx\/index.php\/wp-json\/wp\/v2\/categories?post=16807"},{"taxonomy":"post_tag","embeddable":true,"href":"https:\/\/politicosaldesnudo.com.mx\/index.php\/wp-json\/wp\/v2\/tags?post=16807"}],"curies":[{"name":"wp","href":"https:\/\/api.w.org\/{rel}","templated":true}]}}