{"id":16869,"date":"2023-03-06T00:22:25","date_gmt":"2023-03-06T06:22:25","guid":{"rendered":"https:\/\/politicosaldesnudo.com.mx\/?p=16869"},"modified":"2023-03-05T23:28:40","modified_gmt":"2023-03-06T05:28:40","slug":"el-renacido-movimiento-ciudadano","status":"publish","type":"post","link":"https:\/\/politicosaldesnudo.com.mx\/index.php\/2023\/03\/06\/el-renacido-movimiento-ciudadano\/","title":{"rendered":"El renacido Movimiento Ciudadano"},"content":{"rendered":"<p>&nbsp;<\/p>\n<p class=\"p1\"><span style=\"font-size: 18pt;\"><b>Por Jos\u00e9 P\u00e1ramo Castro<\/b><\/span><\/p>\n<p class=\"p1\"><span style=\"font-size: 18pt;\"><strong>El art\u00edfice de que Movimiento Ciudadano haya recuperado su registro como partido pol\u00edtico fue Edmundo Jacobo. Ese partido ya hab\u00eda cerrado oficinas, regresado algunos veh\u00edculos, despedido personal, cuando, de la noche a la ma\u00f1ana: que dice el INE que siempre no. Y todo volvi\u00f3 a ser como antes.<\/strong><\/span><\/p>\n<p class=\"p1\"><span style=\"font-size: 14pt;\">Todo sucedi\u00f3 el 1 de julio de 2018, cuando no alcanz\u00f3 el 3 por ciento y se le retir\u00f3 el registro en todo el pa\u00eds. Si a alguien va a extra\u00f1ar Movimiento Ciudadano ser\u00e1 al aviador Edmundo Jacobo, por eso coloc\u00f3 en primer plano a una pla\u00f1idera que recordara que para la derecha la pol\u00edtica es como una telenovela.<\/span><\/p>\n<p class=\"p1\"><span style=\"font-size: 18pt; color: #139eca;\"><strong>Ahora a Movimiento Ciudadano lo mantienen vivo sus relaciones con gente de otros partidos m\u00e1s que por sus l\u00edderes de poca monta intelectual y menos agraciados en su trato. Est\u00e1 el l\u00edder vitalicio y propietario del partido y la franquicia, Dante Delgado, tambi\u00e9n el gobernador de Jalisco, Enrique Alfaro; el gobernador de Nuevo Le\u00f3n, Samuel Garc\u00eda; el presidente municipal de Monterrey, Colosio Riojas, y un gris diputado de apellido Maynez. Ah, y la merecedora del Ariel a la mejor actriz dram\u00e1tica, Patricia Marquet (Mercado).<\/strong><\/span><\/p>\n<p>&nbsp;<\/p>\n<p><img data-recalc-dims=\"1\" loading=\"lazy\" decoding=\"async\" class=\"aligncenter wp-image-16870 size-large\" src=\"https:\/\/i0.wp.com\/politicosaldesnudo.com.mx\/wp-content\/uploads\/2023\/03\/P-PATRICIA-MERCADO-1024x573.png?resize=800%2C448&#038;ssl=1\" alt=\"\" width=\"800\" height=\"448\" srcset=\"https:\/\/i0.wp.com\/politicosaldesnudo.com.mx\/wp-content\/uploads\/2023\/03\/P-PATRICIA-MERCADO.png?resize=1024%2C573&amp;ssl=1 1024w, https:\/\/i0.wp.com\/politicosaldesnudo.com.mx\/wp-content\/uploads\/2023\/03\/P-PATRICIA-MERCADO.png?resize=300%2C168&amp;ssl=1 300w, https:\/\/i0.wp.com\/politicosaldesnudo.com.mx\/wp-content\/uploads\/2023\/03\/P-PATRICIA-MERCADO.png?resize=768%2C430&amp;ssl=1 768w, https:\/\/i0.wp.com\/politicosaldesnudo.com.mx\/wp-content\/uploads\/2023\/03\/P-PATRICIA-MERCADO.png?resize=1536%2C859&amp;ssl=1 1536w, https:\/\/i0.wp.com\/politicosaldesnudo.com.mx\/wp-content\/uploads\/2023\/03\/P-PATRICIA-MERCADO.png?w=1816&amp;ssl=1 1816w, https:\/\/i0.wp.com\/politicosaldesnudo.com.mx\/wp-content\/uploads\/2023\/03\/P-PATRICIA-MERCADO.png?w=1600&amp;ssl=1 1600w\" sizes=\"auto, (max-width: 800px) 100vw, 800px\" \/><\/p>\n<p>&nbsp;<\/p>\n<p class=\"p1\"><span style=\"font-size: 18pt; color: #139eca;\"><strong>La fragilidad del partido es reflejo de la debilidad de sus l\u00edderes. Un partido que surge de las ideas ociosas de un reo como Dante Delgado, y que tiene como apoyo pol\u00edtico a un gobernador bajo sospecha de tener nexos con grupos del crimen organizado; y un gobernador silvestre que a duras penas est\u00e1 domesticado, como Samuel Garc\u00eda, o el heredero del apellido Colosio, cuyo pedigr\u00ed de que de poco le servir\u00e1 a la hora de mostrar vocaci\u00f3n pol\u00edtica o un discurso congruente de m\u00e1s de tres minutos.<\/strong><\/span><\/p>\n<p class=\"p1\"><span style=\"font-size: 14pt;\">Probablemente por su origen delictivo Movimiento Ciudadano tiene como consigna defender a delincuentes, acusados de corrupci\u00f3n, incluso a sospechosos de asesinato como sucede con el secretario t\u00e9cnico del Senado, Jos\u00e9 Manuel Virgen del R\u00edo.<\/span><\/p>\n<p class=\"p1\"><span style=\"font-size: 14pt;\">Para nadie es un secreto que el Poder Judicial es el epicentro de la corrupci\u00f3n en M\u00e9xico, y quieren alejar, lo m\u00e1s posible su vulnerabilidad, por ser el \u00fanico poder que no es electo por la poblaci\u00f3n con la nost\u00e1lgica legitimidad del dedazo, de la designaci\u00f3n. Cuando en realidad la fragilidad del Poder Judicial es precisamente su falta de apoyo popular desde el momento mismo de su nombramiento.<\/span><\/p>\n<p class=\"p1\"><span style=\"font-size: 18pt;\"><strong>Dentro del Poder Judicial pueden crear conflictos de segunda categor\u00eda, plagios, arreglos en lo oscurito, subasta de fallos, etc. Lo cierto es que, desde la perspectiva de Dante Delgado, esas pr\u00e1cticas representan la independencia de la Suprema Corte de Justicia. En una percepci\u00f3n propia de otro delincuente. Porque lo suyo, lo que le es propio a la Corte, seg\u00fan la visi\u00f3n retr\u00f3grada de Dante, es la corrupci\u00f3n y el simple hecho de denunciar las anomal\u00edas que ocurren en sus procesos, implica violar la independencia de los ministros, quienes se le deber\u00eda aplicar una auditor\u00eda para conocer si sus bienes corresponden a sus salarios, que por altos que sean no justifican las propiedades, bienes y cuentas que poseen.<\/strong><\/span><\/p>\n<p class=\"p1\"><span style=\"font-size: 14pt;\">Movimiento Ciudadano defiende a quienes no est\u00e1n dentro de la ley, m\u00e1s de uno de sus militantes anda huyendo.<\/span><\/p>\n<p class=\"p1\"><span style=\"font-size: 18pt;\"><strong>En mayo de 2020, Movimiento\u00a0Ciudadano inici\u00f3 el proceso de destituci\u00f3n del exdiputado local Horacio Jim\u00e9nez L\u00f3pez como representante suplente de ese partido ante el Instituto Electoral del Estado de M\u00e9xico, luego de su remisi\u00f3n a las autoridades por la supuesta agresi\u00f3n contra su pareja. Tampoco podemos olvidar al imberbe\u00a0Jorge \u00c1lvarez Maynez, quien apoy\u00f3 un fideicomiso que estuvo en manos de los panistas m\u00e1s radicales, los fascistas Yunes, y cobijados por los hermanos Pazos, Luis y Baltazar Pazos de la Torre, quienes desde sus estaciones de radio manipulan informaci\u00f3n y tergiversan la realidad del estado y del pa\u00eds, son como una especie de tent\u00e1culos de Vox en M\u00e9xico, pero nacidos en Veracruz. Tambi\u00e9n defendi\u00f3 a ultranza la dignidad de Margarita Zavala.<\/strong><\/span><\/p>\n<p class=\"p1\"><span style=\"font-size: 14pt;\">Hace uno meses, en conferencia de prensa en Tampico, Tamaulipas, Dante declaraba enf\u00e1tico que quien se metiera con las mujeres se met\u00eda con Movimiento Ciudadano, dos minutos despu\u00e9s estaba agrediendo a la reportera.<\/span><\/p>\n<p class=\"p1\"><span style=\"font-size: 18pt; color: #139eca;\"><strong>Situaciones como \u00e9stas hay muchas en la historia de Movimiento Ciudadano y seguir\u00e1n hasta que el INE siga rent\u00e1ndoles el registro.<\/strong><\/span><\/p>\n<p>&nbsp;<\/p>\n<hr \/>\n<p>&nbsp;<\/p>\n<p><img data-recalc-dims=\"1\" loading=\"lazy\" decoding=\"async\" class=\"aligncenter wp-image-14351\" src=\"https:\/\/i0.wp.com\/politicosaldesnudo.com.mx\/wp-content\/uploads\/2023\/01\/FIRMA-EDITORIAL-PD-300x37.png?resize=800%2C98&#038;ssl=1\" alt=\"\" width=\"800\" height=\"98\" srcset=\"https:\/\/i0.wp.com\/politicosaldesnudo.com.mx\/wp-content\/uploads\/2023\/01\/FIRMA-EDITORIAL-PD.png?resize=300%2C37&amp;ssl=1 300w, https:\/\/i0.wp.com\/politicosaldesnudo.com.mx\/wp-content\/uploads\/2023\/01\/FIRMA-EDITORIAL-PD.png?resize=1024%2C125&amp;ssl=1 1024w, https:\/\/i0.wp.com\/politicosaldesnudo.com.mx\/wp-content\/uploads\/2023\/01\/FIRMA-EDITORIAL-PD.png?resize=768%2C94&amp;ssl=1 768w, https:\/\/i0.wp.com\/politicosaldesnudo.com.mx\/wp-content\/uploads\/2023\/01\/FIRMA-EDITORIAL-PD.png?resize=1536%2C188&amp;ssl=1 1536w, https:\/\/i0.wp.com\/politicosaldesnudo.com.mx\/wp-content\/uploads\/2023\/01\/FIRMA-EDITORIAL-PD.png?resize=2048%2C250&amp;ssl=1 2048w, https:\/\/i0.wp.com\/politicosaldesnudo.com.mx\/wp-content\/uploads\/2023\/01\/FIRMA-EDITORIAL-PD.png?w=1600&amp;ssl=1 1600w, https:\/\/i0.wp.com\/politicosaldesnudo.com.mx\/wp-content\/uploads\/2023\/01\/FIRMA-EDITORIAL-PD.png?w=2400&amp;ssl=1 2400w\" sizes=\"auto, (max-width: 800px) 100vw, 800px\" \/><\/p>\n<p>&nbsp;<\/p>\n<p>&nbsp;<\/p>\n<p>&nbsp;<\/p>\n<p>&nbsp;<\/p>\n<p>&nbsp;<\/p>\n<p>&nbsp;<\/p>\n","protected":false},"excerpt":{"rendered":"<p>&nbsp; Por Jos\u00e9 P\u00e1ramo Castro El art\u00edfice de que Movimiento Ciudadano haya recuperado su registro como partido pol\u00edtico fue Edmundo<\/p>\n","protected":false},"author":4,"featured_media":4387,"comment_status":"closed","ping_status":"closed","sticky":false,"template":"","format":"standard","meta":{"colormag_page_container_layout":"default_layout","colormag_page_sidebar_layout":"default_layout","_jetpack_memberships_contains_paid_content":false,"footnotes":"","jetpack_publicize_message":"","jetpack_publicize_feature_enabled":true,"jetpack_social_post_already_shared":false,"jetpack_social_options":{"image_generator_settings":{"template":"highway","default_image_id":0,"font":"","enabled":false},"version":2}},"categories":[26],"tags":[701,2328,43,42,314,910],"class_list":["post-16869","post","type-post","status-publish","format-standard","has-post-thumbnail","hentry","category-columnistas","tag-dante-delgado","tag-edmundo-jacobo","tag-ine","tag-mexico","tag-movimiento-ciudadano","tag-patricia-mercado"],"jetpack_publicize_connections":[],"jetpack_featured_media_url":"https:\/\/i0.wp.com\/politicosaldesnudo.com.mx\/wp-content\/uploads\/2022\/04\/JOSE%CC%81-PA%CC%81RAMO-CASTRO.png?fit=1816%2C1016&ssl=1","jetpack-related-posts":[],"jetpack_sharing_enabled":true,"_links":{"self":[{"href":"https:\/\/politicosaldesnudo.com.mx\/index.php\/wp-json\/wp\/v2\/posts\/16869","targetHints":{"allow":["GET"]}}],"collection":[{"href":"https:\/\/politicosaldesnudo.com.mx\/index.php\/wp-json\/wp\/v2\/posts"}],"about":[{"href":"https:\/\/politicosaldesnudo.com.mx\/index.php\/wp-json\/wp\/v2\/types\/post"}],"author":[{"embeddable":true,"href":"https:\/\/politicosaldesnudo.com.mx\/index.php\/wp-json\/wp\/v2\/users\/4"}],"replies":[{"embeddable":true,"href":"https:\/\/politicosaldesnudo.com.mx\/index.php\/wp-json\/wp\/v2\/comments?post=16869"}],"version-history":[{"count":0,"href":"https:\/\/politicosaldesnudo.com.mx\/index.php\/wp-json\/wp\/v2\/posts\/16869\/revisions"}],"wp:featuredmedia":[{"embeddable":true,"href":"https:\/\/politicosaldesnudo.com.mx\/index.php\/wp-json\/wp\/v2\/media\/4387"}],"wp:attachment":[{"href":"https:\/\/politicosaldesnudo.com.mx\/index.php\/wp-json\/wp\/v2\/media?parent=16869"}],"wp:term":[{"taxonomy":"category","embeddable":true,"href":"https:\/\/politicosaldesnudo.com.mx\/index.php\/wp-json\/wp\/v2\/categories?post=16869"},{"taxonomy":"post_tag","embeddable":true,"href":"https:\/\/politicosaldesnudo.com.mx\/index.php\/wp-json\/wp\/v2\/tags?post=16869"}],"curies":[{"name":"wp","href":"https:\/\/api.w.org\/{rel}","templated":true}]}}