{"id":16889,"date":"2023-03-06T01:03:00","date_gmt":"2023-03-06T07:03:00","guid":{"rendered":"https:\/\/politicosaldesnudo.com.mx\/?p=16889"},"modified":"2023-03-06T01:03:00","modified_gmt":"2023-03-06T07:03:00","slug":"si-no-renuncia-margarita-desgasta-al-pan","status":"publish","type":"post","link":"https:\/\/politicosaldesnudo.com.mx\/index.php\/2023\/03\/06\/si-no-renuncia-margarita-desgasta-al-pan\/","title":{"rendered":"Si no renuncia Margarita desgasta al PAN"},"content":{"rendered":"<p class=\"p1\">\n<p>&nbsp;<\/p>\n<p class=\"p1\"><span style=\"font-size: 18pt;\"><b>Por \u00c1ngel \u00c1lvaro Pe\u00f1a<\/b><\/span><\/p>\n<p class=\"p1\"><span style=\"font-size: 14pt;\">El impacto del fallo contra Genaro Garc\u00eda Luna apenas comienza a afectar al PAN. Hay culpables que aseguran desconocer las actividades del nombrado s\u00faper polic\u00eda por Felipe Calder\u00f3n, toda vez que hubo un sinn\u00famero de voces, que, desde entonces, denunciaban las actividades del inculpado en la Corte Federal de Brooklyn.<\/span><\/p>\n<p class=\"p1\"><span style=\"font-size: 18pt;\"><strong>Desde dentro del PAN fue informado Felipe Calder\u00f3n a trav\u00e9s del entonces l\u00edder nacional, Manuel Espino; en su propia administraci\u00f3n p\u00fablica, el general Tom\u00e1s \u00c1ngeles Dauahare, tambi\u00e9n le notific\u00f3 de este tipo de injerencias. El diputado del PT, Gerardo Fern\u00e1ndez Noro\u00f1a, encar\u00f3 a Garc\u00eda Luna en la C\u00e1mara de Diputados, acus\u00e1ndolo de asesino y narcotraficante. Adem\u00e1s, hubo un sinn\u00famero de notas period\u00edsticas de esos d\u00edas donde se daba cuenta de las actividades il\u00edcitas del inculpado, pero que, al parecer, nunca percibi\u00f3 el ex Presidente.<\/strong><\/span><\/p>\n<p class=\"p1\"><span style=\"font-size: 18pt; color: #139eca;\"><strong>Una de las primeras inculpadas, que los propios panistas rechazan es la ex primera dama de 2006 a 2012, Margarita Zavala, quien dej\u00f3 de asistir a tres sesiones de la C\u00e1mara de Diputados luego de darse a conocer el fallo al ser declarado culpable Garc\u00eda Luna, sin justificar sus ausencias ni explicar la causa de su irresponsabilidad.<\/strong><\/span><\/p>\n<p class=\"p1\"><span style=\"font-size: 14pt;\">Desde su llegada, los integrantes de las bancadas de Morena y PT le gritaron\u00a0\u201cBorolas s\u00ed sab\u00eda, Calder\u00f3n s\u00ed sab\u00eda y Margarita tambi\u00e9n\u201d, lo cual impidi\u00f3 que se escuchar su propuesta en tribuna.<\/span><\/p>\n<p class=\"p1\"><span style=\"font-size: 18pt;\"><strong>Para huir de la griter\u00eda, la diputada Zavala G\u00f3mez del Campo\u00a0sali\u00f3 por la puerta trasera del Sal\u00f3n de Sesiones, localizada en el \u00e1rea de la Mesa Directiva, identificada como \u201ctras banderas\u201d, llam\u00f3 a su chofer para que encendiera el motor de la camioneta Honda y evadi\u00f3 a los reporteros para salir disparada del estacionamiento del Palacio Legislativo de San L\u00e1zaro.<\/strong><\/span><\/p>\n<p class=\"p1\"><span style=\"font-size: 14pt;\">Pero no sorprendi\u00f3 a nadie, lo realmente nuevo fue que las compa\u00f1eras diputadas ya no tuvieron la misma condescendencia con la ex primera dama que antes. Cuando tom\u00f3 la palabra en tribuna, s\u00f3lo unas cuantas acudieron a cobijarla mientras hablaba y, lo peor vino despu\u00e9s, cuando en conferencia de prensa, el poder detr\u00e1s del trono en el PAN, Santiago Creel, quien es secretario de Acci\u00f3n Pol\u00edtica de su partido, expuso una posible renuncia de Margarita a su curul.<\/span><\/p>\n<p class=\"p1\"><span style=\"font-size: 18pt;\"><strong>Ante la pregunta sobre el futuro de Margarita en la C\u00e1mara de Diputados, el coordinador parlamentario panista dijo que ella podr\u00eda estar en la C\u00e1mara el tiempo que considere necesario pero que las responsabilidades individuales suelen afectar a la comunidad. Es decir, que, si las investigaciones la implican, \u00e9l ya no se hace responsable de su permanencia como diputada de ese partido.<\/strong><\/span><\/p>\n<p class=\"p1\"><span style=\"font-size: 18pt;\"><strong>Creel considera que a Margarita le debe quedar claro que\u00a0las investigaciones\u00a0que inici\u00f3 el gobierno mexicano\u00a0contra el expresidente\u00a0Felipe Calder\u00f3n, tras la declaratoria de culpabilidad de quien fuera su brazo derecho en la guerra contra el narcotr\u00e1fico,\u00a0deben llegar hasta donde deban llegar.<\/strong><\/span><\/p>\n<p>&nbsp;<\/p>\n<p><img data-recalc-dims=\"1\" loading=\"lazy\" decoding=\"async\" class=\"aligncenter wp-image-16890 size-large\" src=\"https:\/\/i0.wp.com\/politicosaldesnudo.com.mx\/wp-content\/uploads\/2023\/03\/P-MARGARITA-ZAVALA-PAN-1024x573.png?resize=800%2C448&#038;ssl=1\" alt=\"\" width=\"800\" height=\"448\" srcset=\"https:\/\/i0.wp.com\/politicosaldesnudo.com.mx\/wp-content\/uploads\/2023\/03\/P-MARGARITA-ZAVALA-PAN.png?resize=1024%2C573&amp;ssl=1 1024w, https:\/\/i0.wp.com\/politicosaldesnudo.com.mx\/wp-content\/uploads\/2023\/03\/P-MARGARITA-ZAVALA-PAN.png?resize=300%2C168&amp;ssl=1 300w, https:\/\/i0.wp.com\/politicosaldesnudo.com.mx\/wp-content\/uploads\/2023\/03\/P-MARGARITA-ZAVALA-PAN.png?resize=768%2C430&amp;ssl=1 768w, https:\/\/i0.wp.com\/politicosaldesnudo.com.mx\/wp-content\/uploads\/2023\/03\/P-MARGARITA-ZAVALA-PAN.png?resize=1536%2C859&amp;ssl=1 1536w, https:\/\/i0.wp.com\/politicosaldesnudo.com.mx\/wp-content\/uploads\/2023\/03\/P-MARGARITA-ZAVALA-PAN.png?w=1816&amp;ssl=1 1816w, https:\/\/i0.wp.com\/politicosaldesnudo.com.mx\/wp-content\/uploads\/2023\/03\/P-MARGARITA-ZAVALA-PAN.png?w=1600&amp;ssl=1 1600w\" sizes=\"auto, (max-width: 800px) 100vw, 800px\" \/><\/p>\n<p>&nbsp;<\/p>\n<p class=\"p1\"><span style=\"font-size: 18pt; color: #139eca;\"><strong>Tras el fallo del jurado,\u00a0Margarita Zavala\u00a0no emiti\u00f3 ning\u00fan comentario, incluso se retir\u00f3, igual que todos los diputados panistas, de la sesi\u00f3n en San L\u00e1zaro, momentos despu\u00e9s de que un jurado en\u00a0Brooklyn, Nueva York encontr\u00f3 culpable a Garc\u00eda Luna de 5 cargos, entre ellos narcotr\u00e1fico y v\u00ednculos con el\u00a0C\u00e1rtel de Sinaloa.<\/strong><\/span><\/p>\n<p class=\"p1\"><span style=\"font-size: 14pt;\">Con esta situaci\u00f3n Creel Miranda mata dos p\u00e1jaros de un tiro, porque se quita un problema como l\u00edder de la bancada panista y aleja a Margarita Zavala de la competencia por la candidatura a la Presidencia de la Rep\u00fablica por ese partido.<\/span><\/p>\n<p class=\"p1\"><span style=\"font-size: 14pt;\">Cuando revivi\u00f3 la alianza opositora que se acord\u00f3 que, en 2023, los candidatos los pondr\u00eda el PRI y el PAN crear\u00eda la estrategia para las candidaturas de 2024, fue el primero en apuntarse para ser candidato a la Presidencia de la Rep\u00fablica afirmando que pod\u00eda y sab\u00eda.<\/span><\/p>\n<p class=\"p1\"><span style=\"font-size: 14pt;\">Por su parte, la presi\u00f3n que Creel tiene en su responsabilidad de coordinar a los diputados panistas est\u00e1 la petici\u00f3n de la suplente de Margarita Zavala, en espera de su curul, que le pide una definici\u00f3n m\u00e1s precisa. Tambi\u00e9n se muestra el rechazo de algunos diputados del PAN que consideran que mientras m\u00e1s lejos est\u00e9 de ellos, mejor. Ya que la idea de que la ex primera dama renuncie la ventil\u00f3 Creel desde hace d\u00edas.<\/span><\/p>\n<p class=\"p1\"><span style=\"font-size: 14pt;\">Al mismo tiempo, a Creel le conviene tener un chivo expiatorio que le permita limpiar su imagen porque cuando \u00e9l era secretario de Gobernaci\u00f3n, el jefe de la Agencia Federal de Investigaciones, era Genaro Garc\u00eda Luna, en el sexenio de Vicente Fox.<\/span><\/p>\n<p class=\"p1\"><span style=\"font-size: 18pt; color: #139eca;\"><strong>Hace unos meses Creel insist\u00eda en platicar con el presidente L\u00f3pez Obrador para decirle c\u00f3mo debe hacerse con la seguridad en M\u00e9xico, toda vez que \u00e9l, cuando era secretario de Gobernaci\u00f3n, ten\u00eda la seguridad bajo su control. Confesando su relaci\u00f3n con el coordinador de la AFI, en ese entonces bajo el cobijo de la desaparecida Procuradur\u00eda General de la Rep\u00fablica, a cargo de Rafael Macedo de la Concha:<\/strong><\/span><\/p>\n<p class=\"p1\"><span style=\"font-size: 18pt;\"><strong>Margarita Zavala renunci\u00f3 a su candidatura a la Presidencia de la Rep\u00fablica en 2018, luego de que se aproximara el segundo debate entre candidatos a ese cargo, debido a que hizo un mal papel dentro de sus propuestas.<\/strong><\/span><\/p>\n<p class=\"p1\"><span style=\"font-size: 18pt; color: #139eca;\"><strong>De renunciar a su diputaci\u00f3n plurinominal estar\u00eda terminando su carrera pol\u00edtica y dejando en el desamparo a su sobrina, Mariana G\u00f3mez del Campo, quien ha hecho mancuerna con ella el tiempo que lleva la actual legislatura.<\/strong><\/span><\/p>\n<p class=\"p1\"><span style=\"font-size: 14pt;\">La relaci\u00f3n sentimental con el ex presidente pr\u00e1cticamente estaba rota, de tal manera que desde que Calder\u00f3n se fue a Espa\u00f1a, coloc\u00f3 en una posici\u00f3n vulnerable a su esposa, a sabiendas que ser\u00eda cuestionada por la inevitable relaci\u00f3n entre \u00e9l y Garc\u00eda Luna.<\/span><\/p>\n<p class=\"p1\"><span style=\"font-size: 14pt;\">Pero a Calder\u00f3n no le ha ido tan bien en el viejo mundo, porque le prohibieron impartir c\u00e1tedra, a pesar de haber sido nacionalizado espa\u00f1ol desde finales de 2022.<\/span><\/p>\n<p class=\"p1\"><span style=\"font-size: 18pt;\"><strong>Por otra parte, aplazaron indefinidamente su intervenci\u00f3n en las ponencias de la fundaci\u00f3n Instituto Atl\u00e1ntico de Gobierno, con sede en Madrid, presidida por el exmandatario espa\u00f1ol ultraderechista, Jos\u00e9 Mar\u00eda Aznar, tambi\u00e9n le fue cancelada cualquier participaci\u00f3n en actos p\u00fablicos de dicha organizaci\u00f3n.<\/strong><\/span><\/p>\n<p class=\"p1\"><span style=\"font-size: 18pt;\"><strong>Felipe Calder\u00f3n es el tercer ex presidente mexicano en conseguir la nacionalidad espa\u00f1ola. El primero fue Enrique Pe\u00f1a Nieto, luego Carlos Salinas de Gortari.<\/strong><\/span><\/p>\n<p class=\"p1\"><span style=\"font-size: 18pt;\"><strong>La soledad de Margarita Zavala podr\u00eda llevarla a declinar como diputada en los pr\u00f3ximos d\u00edas, toda vez que una simple insinuaci\u00f3n de Santiago Creel puede convertirse en una orden, velada, pero orden al final y al cabo. Esto pudo apreciarse en la tibia defensa que hiciera de la ex primera dama en una conferencia de prensa.<\/strong><\/span><\/p>\n<p class=\"p1\"><span style=\"font-size: 14pt;\">Hay panistas que apuestan a que Zavala dejar\u00e1 su cargo para evitar el desgaste de su partido y haya espacios m\u00e1s limpios en el desarrollo de la actividad legislativa del PAN.<\/span><\/p>\n<p>&nbsp;<\/p>\n<p class=\"p1\"><span style=\"font-size: 18pt; color: #139eca;\"><b>PEGA Y CORRE<\/b><\/span><\/p>\n<p class=\"p1\"><span style=\"font-size: 14pt;\">El PRI cumpli\u00f3 hace un par de d\u00edas 94 a\u00f1os, y dice que su primer centenario lo cumplir\u00e1 teniendo el poder. Veremos.<\/span><\/p>\n<p>&nbsp;<\/p>\n<p>&nbsp;<\/p>\n<p><em><span style=\"font-size: 18pt;\"><strong>Esta columna se publica los lunes, mi\u00e9rcoles y viernes<\/strong><\/span><\/em><\/p>\n<p>&nbsp;<\/p>\n<hr \/>\n<p>&nbsp;<\/p>\n<p><img data-recalc-dims=\"1\" loading=\"lazy\" decoding=\"async\" class=\"aligncenter wp-image-14351\" src=\"https:\/\/i0.wp.com\/politicosaldesnudo.com.mx\/wp-content\/uploads\/2023\/01\/FIRMA-EDITORIAL-PD-300x37.png?resize=800%2C98&#038;ssl=1\" alt=\"\" width=\"800\" height=\"98\" srcset=\"https:\/\/i0.wp.com\/politicosaldesnudo.com.mx\/wp-content\/uploads\/2023\/01\/FIRMA-EDITORIAL-PD.png?resize=300%2C37&amp;ssl=1 300w, https:\/\/i0.wp.com\/politicosaldesnudo.com.mx\/wp-content\/uploads\/2023\/01\/FIRMA-EDITORIAL-PD.png?resize=1024%2C125&amp;ssl=1 1024w, https:\/\/i0.wp.com\/politicosaldesnudo.com.mx\/wp-content\/uploads\/2023\/01\/FIRMA-EDITORIAL-PD.png?resize=768%2C94&amp;ssl=1 768w, https:\/\/i0.wp.com\/politicosaldesnudo.com.mx\/wp-content\/uploads\/2023\/01\/FIRMA-EDITORIAL-PD.png?resize=1536%2C188&amp;ssl=1 1536w, https:\/\/i0.wp.com\/politicosaldesnudo.com.mx\/wp-content\/uploads\/2023\/01\/FIRMA-EDITORIAL-PD.png?resize=2048%2C250&amp;ssl=1 2048w, https:\/\/i0.wp.com\/politicosaldesnudo.com.mx\/wp-content\/uploads\/2023\/01\/FIRMA-EDITORIAL-PD.png?w=1600&amp;ssl=1 1600w, https:\/\/i0.wp.com\/politicosaldesnudo.com.mx\/wp-content\/uploads\/2023\/01\/FIRMA-EDITORIAL-PD.png?w=2400&amp;ssl=1 2400w\" sizes=\"auto, (max-width: 800px) 100vw, 800px\" \/><\/p>\n<p>&nbsp;<\/p>\n<p>&nbsp;<\/p>\n<p>&nbsp;<\/p>\n<p>&nbsp;<\/p>\n<p>&nbsp;<\/p>\n<p>&nbsp;<\/p>\n","protected":false},"excerpt":{"rendered":"<p>&nbsp; Por \u00c1ngel \u00c1lvaro Pe\u00f1a El impacto del fallo contra Genaro Garc\u00eda Luna apenas comienza a afectar al PAN. Hay<\/p>\n","protected":false},"author":4,"featured_media":3775,"comment_status":"closed","ping_status":"closed","sticky":false,"template":"","format":"standard","meta":{"colormag_page_container_layout":"default_layout","colormag_page_sidebar_layout":"default_layout","_jetpack_memberships_contains_paid_content":false,"footnotes":"","jetpack_publicize_message":"","jetpack_publicize_feature_enabled":true,"jetpack_social_post_already_shared":false,"jetpack_social_options":{"image_generator_settings":{"template":"highway","default_image_id":0,"font":"","enabled":false},"version":2}},"categories":[26],"tags":[1141,2324,2331,103,1548],"class_list":["post-16889","post","type-post","status-publish","format-standard","has-post-thumbnail","hentry","category-columnistas","tag-felipe-calderon","tag-garcia-luna","tag-margarita-zavala","tag-pan","tag-santiago-creel"],"jetpack_publicize_connections":[],"jetpack_featured_media_url":"https:\/\/i0.wp.com\/politicosaldesnudo.com.mx\/wp-content\/uploads\/2022\/04\/A%CC%81NGEL-A%CC%81LVARO-PEN%CC%83A1.png?fit=1816%2C1016&ssl=1","jetpack-related-posts":[],"jetpack_sharing_enabled":true,"_links":{"self":[{"href":"https:\/\/politicosaldesnudo.com.mx\/index.php\/wp-json\/wp\/v2\/posts\/16889","targetHints":{"allow":["GET"]}}],"collection":[{"href":"https:\/\/politicosaldesnudo.com.mx\/index.php\/wp-json\/wp\/v2\/posts"}],"about":[{"href":"https:\/\/politicosaldesnudo.com.mx\/index.php\/wp-json\/wp\/v2\/types\/post"}],"author":[{"embeddable":true,"href":"https:\/\/politicosaldesnudo.com.mx\/index.php\/wp-json\/wp\/v2\/users\/4"}],"replies":[{"embeddable":true,"href":"https:\/\/politicosaldesnudo.com.mx\/index.php\/wp-json\/wp\/v2\/comments?post=16889"}],"version-history":[{"count":0,"href":"https:\/\/politicosaldesnudo.com.mx\/index.php\/wp-json\/wp\/v2\/posts\/16889\/revisions"}],"wp:featuredmedia":[{"embeddable":true,"href":"https:\/\/politicosaldesnudo.com.mx\/index.php\/wp-json\/wp\/v2\/media\/3775"}],"wp:attachment":[{"href":"https:\/\/politicosaldesnudo.com.mx\/index.php\/wp-json\/wp\/v2\/media?parent=16889"}],"wp:term":[{"taxonomy":"category","embeddable":true,"href":"https:\/\/politicosaldesnudo.com.mx\/index.php\/wp-json\/wp\/v2\/categories?post=16889"},{"taxonomy":"post_tag","embeddable":true,"href":"https:\/\/politicosaldesnudo.com.mx\/index.php\/wp-json\/wp\/v2\/tags?post=16889"}],"curies":[{"name":"wp","href":"https:\/\/api.w.org\/{rel}","templated":true}]}}