{"id":16908,"date":"2023-03-07T06:00:41","date_gmt":"2023-03-07T12:00:41","guid":{"rendered":"https:\/\/politicosaldesnudo.com.mx\/?p=16908"},"modified":"2023-03-07T08:20:02","modified_gmt":"2023-03-07T14:20:02","slug":"de-a-como","status":"publish","type":"post","link":"https:\/\/politicosaldesnudo.com.mx\/index.php\/2023\/03\/07\/de-a-como\/","title":{"rendered":"\u00bfDe a c\u00f3mo?"},"content":{"rendered":"<p>&nbsp;<\/p>\n<p>&nbsp;<\/p>\n<p><span style=\"font-size: 14pt;\"><span style=\"font-size: 18pt;\"><strong>Por Alberto Woolrich Ort\u00edz<\/strong><\/span><\/span><\/p>\n<p class=\"p1\"><span style=\"font-size: 14pt;\">Los abogados en \u00e9sta \u00e9poca pol\u00edtica por la cu\u00e1l camina M\u00e9xico, nos encontramos con frecuencia frente a justiciables que en uso y disfrute de sus leg\u00edtimos derechos, tienen ansias por saber lo que dice la ley respecto a los problemas que afectan a nuestra naci\u00f3n. Somos los letrados los que debemos informar a ellos. Constantemente nos percatamos de las dificultades que la profusi\u00f3n de la corrupci\u00f3n nos plantea para dar respuesta a esas inquietudes.<span class=\"Apple-converted-space\">\u00a0<\/span><\/span><\/p>\n<p class=\"p1\"><span style=\"font-size: 14pt;\">Existe una palabra perfecta que ciertas togas de indignidad suelen utilizar para justificar la injusticia \u00bfDe a c\u00f3mo?<\/span><span style=\"font-size: 14pt;\">\u00a0Normalmente esa expresi\u00f3n depende de sus necesidades y el hambre por la que atraviesan esas togas de corrupci\u00f3n. No se piense que sus pedidos son peque\u00f1os. No. Estamos hablando de cantidades de magnitudes astron\u00f3micas.<span class=\"Apple-converted-space\">\u00a0<\/span><\/span><\/p>\n<p class=\"p1\"><span style=\"font-size: 14pt;\">Concurre un componente que agrava sensiblemente el fen\u00f3meno de la corrupci\u00f3n en el entorno de esos indeseables letrados. Las togas m\u00e1s fieras son aquellas que se saben impunes por la protecci\u00f3n que reciben de sus superiores. Evidentemente eso no es sano para la probidad en la justicia y menos a\u00fan para la honestidad de la Cuarta Transformaci\u00f3n de la naci\u00f3n, que tanto presume Andr\u00e9s Manuel L\u00f3pez Obrador.<\/span><\/p>\n<p class=\"p1\"><span style=\"font-size: 14pt;\">En el sistema de corrupci\u00f3n de la justicia hay una presi\u00f3n de la estructura que conforman las instituciones, que si no se han transformado es porque Alejandro Gertz Manero y otros tienen el temor de provocar su propia ruina.<\/span><\/p>\n<p class=\"p1\"><span style=\"font-size: 14pt;\">Un sistema de intereses, corrupto, o ignorante de la aplicaci\u00f3n de las leyes, se construye siendo omiso en investigar los actos de corrupci\u00f3n de esos infames ministriles de justicia. M\u00faltiples togas de indignidad pretenden ser omisos tratando de mostrar rostros de una supuesta honorabilidad. Esas omisiones resultan favorecedoras para una acumulaci\u00f3n de riqueza, destruyendo con ello la integridad de nuestros recintos de justicia.<span class=\"Apple-converted-space\">\u00a0<\/span><\/span><\/p>\n<p class=\"p1\"><span style=\"font-size: 14pt;\">Cuan poco se honra a M\u00e9xico con esa pregunta \u00bfDe a c\u00f3mo?<\/span><\/p>\n<p class=\"p1\"><span style=\"font-size: 14pt;\">Hasta cu\u00e1ndo, Se\u00f1or Presidente tendr\u00e1n los justiciables que escuchar \u00bfDe a c\u00f3mo?<\/span><\/p>\n<p>&nbsp;<\/p>\n<p class=\"p3\"><span style=\"font-size: 18pt;\"><strong>Es cuanto. <\/strong><\/span><\/p>\n<p>&nbsp;<\/p>\n<hr \/>\n<p>&nbsp;<\/p>\n<p class=\"p1\"><strong><span style=\"font-size: 18pt;\">Lic. Alberto Woolrich Ort\u00edz<\/span><\/strong><\/p>\n<p class=\"p1\"><strong><span style=\"font-size: 18pt;\">Presidente de la Academia de Derecho Penal<\/span><\/strong><\/p>\n<p class=\"p1\"><strong><span style=\"font-size: 18pt;\">del Colegio de Abogados de M\u00e9xico, A.C.<\/span><\/strong><\/p>\n<p>&nbsp;<\/p>\n<p>&nbsp;<\/p>\n<p><img data-recalc-dims=\"1\" loading=\"lazy\" decoding=\"async\" class=\"aligncenter wp-image-14351\" src=\"https:\/\/i0.wp.com\/politicosaldesnudo.com.mx\/wp-content\/uploads\/2023\/01\/FIRMA-EDITORIAL-PD-300x37.png?resize=800%2C98&#038;ssl=1\" alt=\"\" width=\"800\" height=\"98\" srcset=\"https:\/\/i0.wp.com\/politicosaldesnudo.com.mx\/wp-content\/uploads\/2023\/01\/FIRMA-EDITORIAL-PD.png?resize=300%2C37&amp;ssl=1 300w, https:\/\/i0.wp.com\/politicosaldesnudo.com.mx\/wp-content\/uploads\/2023\/01\/FIRMA-EDITORIAL-PD.png?resize=1024%2C125&amp;ssl=1 1024w, https:\/\/i0.wp.com\/politicosaldesnudo.com.mx\/wp-content\/uploads\/2023\/01\/FIRMA-EDITORIAL-PD.png?resize=768%2C94&amp;ssl=1 768w, https:\/\/i0.wp.com\/politicosaldesnudo.com.mx\/wp-content\/uploads\/2023\/01\/FIRMA-EDITORIAL-PD.png?resize=1536%2C188&amp;ssl=1 1536w, https:\/\/i0.wp.com\/politicosaldesnudo.com.mx\/wp-content\/uploads\/2023\/01\/FIRMA-EDITORIAL-PD.png?resize=2048%2C250&amp;ssl=1 2048w, https:\/\/i0.wp.com\/politicosaldesnudo.com.mx\/wp-content\/uploads\/2023\/01\/FIRMA-EDITORIAL-PD.png?w=1600&amp;ssl=1 1600w, https:\/\/i0.wp.com\/politicosaldesnudo.com.mx\/wp-content\/uploads\/2023\/01\/FIRMA-EDITORIAL-PD.png?w=2400&amp;ssl=1 2400w\" sizes=\"auto, (max-width: 800px) 100vw, 800px\" \/><\/p>\n<p>&nbsp;<\/p>\n<p>&nbsp;<\/p>\n<p>&nbsp;<\/p>\n<p>&nbsp;<\/p>\n<p>&nbsp;<\/p>\n<p>&nbsp;<\/p>\n","protected":false},"excerpt":{"rendered":"<p>&nbsp; &nbsp; Por Alberto Woolrich Ort\u00edz Los abogados en \u00e9sta \u00e9poca pol\u00edtica por la cu\u00e1l camina M\u00e9xico, nos encontramos con<\/p>\n","protected":false},"author":4,"featured_media":3845,"comment_status":"closed","ping_status":"closed","sticky":false,"template":"","format":"standard","meta":{"colormag_page_container_layout":"default_layout","colormag_page_sidebar_layout":"default_layout","_jetpack_memberships_contains_paid_content":false,"footnotes":"","jetpack_publicize_message":"","jetpack_publicize_feature_enabled":true,"jetpack_social_post_already_shared":false,"jetpack_social_options":{"image_generator_settings":{"template":"highway","default_image_id":0,"font":"","enabled":false},"version":2}},"categories":[26],"tags":[],"class_list":["post-16908","post","type-post","status-publish","format-standard","has-post-thumbnail","hentry","category-columnistas"],"jetpack_publicize_connections":[],"jetpack_featured_media_url":"https:\/\/i0.wp.com\/politicosaldesnudo.com.mx\/wp-content\/uploads\/2022\/04\/CABEZAL-ALBERTO-WOOD.png?fit=1816%2C1016&ssl=1","jetpack-related-posts":[],"jetpack_sharing_enabled":true,"_links":{"self":[{"href":"https:\/\/politicosaldesnudo.com.mx\/index.php\/wp-json\/wp\/v2\/posts\/16908","targetHints":{"allow":["GET"]}}],"collection":[{"href":"https:\/\/politicosaldesnudo.com.mx\/index.php\/wp-json\/wp\/v2\/posts"}],"about":[{"href":"https:\/\/politicosaldesnudo.com.mx\/index.php\/wp-json\/wp\/v2\/types\/post"}],"author":[{"embeddable":true,"href":"https:\/\/politicosaldesnudo.com.mx\/index.php\/wp-json\/wp\/v2\/users\/4"}],"replies":[{"embeddable":true,"href":"https:\/\/politicosaldesnudo.com.mx\/index.php\/wp-json\/wp\/v2\/comments?post=16908"}],"version-history":[{"count":0,"href":"https:\/\/politicosaldesnudo.com.mx\/index.php\/wp-json\/wp\/v2\/posts\/16908\/revisions"}],"wp:featuredmedia":[{"embeddable":true,"href":"https:\/\/politicosaldesnudo.com.mx\/index.php\/wp-json\/wp\/v2\/media\/3845"}],"wp:attachment":[{"href":"https:\/\/politicosaldesnudo.com.mx\/index.php\/wp-json\/wp\/v2\/media?parent=16908"}],"wp:term":[{"taxonomy":"category","embeddable":true,"href":"https:\/\/politicosaldesnudo.com.mx\/index.php\/wp-json\/wp\/v2\/categories?post=16908"},{"taxonomy":"post_tag","embeddable":true,"href":"https:\/\/politicosaldesnudo.com.mx\/index.php\/wp-json\/wp\/v2\/tags?post=16908"}],"curies":[{"name":"wp","href":"https:\/\/api.w.org\/{rel}","templated":true}]}}