{"id":17068,"date":"2023-03-09T14:13:26","date_gmt":"2023-03-09T20:13:26","guid":{"rendered":"https:\/\/politicosaldesnudo.com.mx\/?p=17068"},"modified":"2023-03-09T18:55:11","modified_gmt":"2023-03-10T00:55:11","slug":"fernando-remes-enemigo-a-muerte-de-las-mujeres","status":"publish","type":"post","link":"https:\/\/politicosaldesnudo.com.mx\/index.php\/2023\/03\/09\/fernando-remes-enemigo-a-muerte-de-las-mujeres\/","title":{"rendered":"Fernando Remes enemigo a muerte de las mujeres"},"content":{"rendered":"<p>&nbsp;<\/p>\n<p><span style=\"font-size: 18pt;\"><strong>Por \u00c1ngel \u00c1lvaro Pe\u00f1a<\/strong><\/span><\/p>\n<p><span style=\"font-size: 18pt;\"><strong>Remes tiene en las mujeres el enemigo a vencer desde hace muchos a\u00f1os. Su discurso que divulg\u00f3 en un video con motivo del D\u00eda Internacional de la Mujer, lo hunde m\u00e1s en la violencia que practica contra ellas.<\/strong><\/span><\/p>\n<p><span style=\"font-size: 14pt;\">Dice en el video que reconoce y admira a todas las mujeres, aunque en ese grupo no est\u00e9n ni sus paisanas a las que manda literalmente \u201cA la chingada\u201d, sus subordinadas a las que explota en horarios extensos, que rega\u00f1a como si fuesen animales, que obliga a favores sexuales, a las que condiciona para ascenderlas de puesto, etc.<\/span><\/p>\n<p><span style=\"font-size: 18pt;\"><strong>La conducta de Remes con los hombres con los que trabaja es muy diferente, tal vez por temor a ser agredido como se merece, pero se trata de un agresor como jefe, como compa\u00f1ero, como autoridad que deber\u00eda poner el ejemplo. Provocando que el resto de los hombres tambi\u00e9n maltraten a sus compa\u00f1eras sin temor a ser sancionados.<\/strong><\/span><\/p>\n<p><span style=\"font-size: 14pt;\">Eso es en cuanto al funci\u00f3n p\u00fablica que lo pinta de cuerpo entero como un degenerado y un agresor de mujeres, ya que son muchas las quejas que tiene por acoso dentro y fuera de su oficina.<\/span><\/p>\n<p><span style=\"font-size: 18pt; color: #139eca;\"><strong>Muestras de ello hay muchas y recientemente debi\u00f3 ofrecer disculpas p\u00fablicas a la segunda regidora\u00a0Mar\u00eda Fernanda P\u00e9rez Salas, contra quien cometi\u00f3 violencia pol\u00edtica en raz\u00f3n de g\u00e9nero, por haberle tocado la pierna el pasado 31 de mayo.<\/strong><\/span><\/p>\n<p>&nbsp;<\/p>\n<p><img data-recalc-dims=\"1\" loading=\"lazy\" decoding=\"async\" class=\"aligncenter wp-image-17069 size-large\" src=\"https:\/\/i0.wp.com\/politicosaldesnudo.com.mx\/wp-content\/uploads\/2023\/03\/P-REMES-MARIA-FERNANDA-1024x573.png?resize=800%2C448&#038;ssl=1\" alt=\"\" width=\"800\" height=\"448\" srcset=\"https:\/\/i0.wp.com\/politicosaldesnudo.com.mx\/wp-content\/uploads\/2023\/03\/P-REMES-MARIA-FERNANDA.png?resize=1024%2C573&amp;ssl=1 1024w, https:\/\/i0.wp.com\/politicosaldesnudo.com.mx\/wp-content\/uploads\/2023\/03\/P-REMES-MARIA-FERNANDA.png?resize=300%2C168&amp;ssl=1 300w, https:\/\/i0.wp.com\/politicosaldesnudo.com.mx\/wp-content\/uploads\/2023\/03\/P-REMES-MARIA-FERNANDA.png?resize=768%2C430&amp;ssl=1 768w, https:\/\/i0.wp.com\/politicosaldesnudo.com.mx\/wp-content\/uploads\/2023\/03\/P-REMES-MARIA-FERNANDA.png?resize=1536%2C859&amp;ssl=1 1536w, https:\/\/i0.wp.com\/politicosaldesnudo.com.mx\/wp-content\/uploads\/2023\/03\/P-REMES-MARIA-FERNANDA.png?w=1816&amp;ssl=1 1816w, https:\/\/i0.wp.com\/politicosaldesnudo.com.mx\/wp-content\/uploads\/2023\/03\/P-REMES-MARIA-FERNANDA.png?w=1600&amp;ssl=1 1600w\" sizes=\"auto, (max-width: 800px) 100vw, 800px\" \/><\/p>\n<p>&nbsp;<\/p>\n<p><span style=\"font-size: 18pt;\"><strong>Tema que quiso minimizar el alcalde, hasta que fue forzado a ofrecer disculpas ante un acto que realiz\u00f3 frente a decenas de personas y ante los medios.<\/strong><\/span><\/p>\n<p><span style=\"font-size: 18pt; color: #139eca;\"><strong>Todav\u00eda est\u00e1 en la memoria cuando Remes se meti\u00f3 a la fila de votaci\u00f3n haciendo a un lado a las personas que estaban formadas anteriormente, argumentando que \u00e9l era una persona de la tercera edad y que ten\u00eda derecho a ser atendido antes.<\/strong><\/span><\/p>\n<p><span style=\"font-size: 18pt;\"><strong>La mujer para Remes ni siquiera llega a ser un objeto sino un enemigo a vencer, a la que debe maltratarse para demostrar la superioridad del macho.<\/strong><\/span><\/p>\n<p>&nbsp;<\/p>\n<p><img data-recalc-dims=\"1\" loading=\"lazy\" decoding=\"async\" class=\"aligncenter wp-image-17085 size-large\" src=\"https:\/\/i0.wp.com\/politicosaldesnudo.com.mx\/wp-content\/uploads\/2023\/03\/P-REMES-MANIFESTACION-8M-2-1024x573.png?resize=800%2C448&#038;ssl=1\" alt=\"\" width=\"800\" height=\"448\" srcset=\"https:\/\/i0.wp.com\/politicosaldesnudo.com.mx\/wp-content\/uploads\/2023\/03\/P-REMES-MANIFESTACION-8M-2.png?resize=1024%2C573&amp;ssl=1 1024w, https:\/\/i0.wp.com\/politicosaldesnudo.com.mx\/wp-content\/uploads\/2023\/03\/P-REMES-MANIFESTACION-8M-2.png?resize=300%2C168&amp;ssl=1 300w, https:\/\/i0.wp.com\/politicosaldesnudo.com.mx\/wp-content\/uploads\/2023\/03\/P-REMES-MANIFESTACION-8M-2.png?resize=768%2C430&amp;ssl=1 768w, https:\/\/i0.wp.com\/politicosaldesnudo.com.mx\/wp-content\/uploads\/2023\/03\/P-REMES-MANIFESTACION-8M-2.png?resize=1536%2C859&amp;ssl=1 1536w, https:\/\/i0.wp.com\/politicosaldesnudo.com.mx\/wp-content\/uploads\/2023\/03\/P-REMES-MANIFESTACION-8M-2.png?w=1816&amp;ssl=1 1816w, https:\/\/i0.wp.com\/politicosaldesnudo.com.mx\/wp-content\/uploads\/2023\/03\/P-REMES-MANIFESTACION-8M-2.png?w=1600&amp;ssl=1 1600w\" sizes=\"auto, (max-width: 800px) 100vw, 800px\" \/><\/p>\n<p>&nbsp;<\/p>\n<p><span style=\"font-size: 14pt;\">En el video promocional se\u00f1ala: \u201cTienen la iniciativa de reordenar el crecimiento del pa\u00eds en zonas en las que tradicionalmente han sido relegadas del progreso como es la zona norte de nuestro estado\u201d.<\/span><\/p>\n<p><span style=\"font-size: 14pt;\">Pero no considera a las mujeres de su propia familia, como es el caso de su hija Lilia Fernanda Remes Oropeza, a quien hizo cambiar de residencia de Pachuca a Poza Rica con toda su familia, para que lo apoyara en la campa\u00f1a, y creara un patronato en favor de su candidatura, y fortaleciera el DIF municipal, para que luego de triunfar en las urnas les cerrara las puertas de la administraci\u00f3n p\u00fablica y se vieran obligados a regresar al lugar de donde vinieron.<\/span><\/p>\n<p><span style=\"font-size: 14pt;\">Si se trata de una mujer para Fernando Remes, ninguna consideraci\u00f3n es v\u00e1lida, aunque sea parte de su familia, aunque se trate de su propia hija, quien por cierto es una de las personas que m\u00e1s resentimientos guarda contra el alcalde de esa localidad.<\/span><\/p>\n<p><span style=\"font-size: 18pt;\"><strong>Seg\u00fan Remes honra a las mujeres que trabajan en busca del bien, de la libertad, pero en la vida privada las golpea f\u00edsicamente, como sucede con una de sus esposas de nombre \u00c1ngela con quien tiene tres hijos. A quien le arrebat\u00f3 uno de ellos, de 11 a\u00f1os, y a quien mantiene pr\u00e1cticamente secuestrado en su casa, con extrema vigilancia, como muestra de que s\u00f3lo los varones pueden ser dignos de estar cerca de \u00e9l.<\/strong><\/span><\/p>\n<p><span style=\"font-size: 14pt;\">Porque en esta familia tiene tambi\u00e9n dos ni\u00f1as, de 5 y 6 a\u00f1os, a las que niega todo tipo de apoyo econ\u00f3mico, a pesar de que la madre de estos ni\u00f1os ha asistido, desesperada, a la presidencia municipal a reclamar sus derechos, la niega y amenaza por exigir lo que a sus hijos corresponde por derecho.<\/span><\/p>\n<p><span style=\"font-size: 14pt;\">Con la bandera de que es amigo del Presidente de la Rep\u00fablica considera que puede alcanzar la impunidad en todos los sentidos, y termina por desgastar a su amigo de Palacio Nacional, quien seguramente al conocer este tipo de delitos, por lo menos deber\u00eda retirarle la protecci\u00f3n de la que parece gozar.<\/span><\/p>\n<p><span style=\"font-size: 18pt; color: #139eca;\"><strong>A Remes tampoco le interesa da\u00f1ar a su partido, Morena, que no deja de ser afectado ante la conducta enferma de uno de sus mejor pagados presidentes municipales del pa\u00eds.<\/strong><\/span><\/p>\n<p><span style=\"font-size: 14pt;\">Ante esta actitud mis\u00f3gina, pr\u00e1cticamente delincuencial nadie hace nada por la justicia, a pesar de que hay menores de edad de por medio.<\/span><\/p>\n<p><span style=\"font-size: 18pt;\"><strong>La demagogia con la que siempre act\u00faa, intenta ocultar su verdadera patolog\u00eda contra las mujeres, porque en el D\u00eda Internacional de la Mujer, se atrevi\u00f3 a afirmar: \u201cReconozco diariamente la fortaleza y capacidad de todas las mujeres, estoy rodeado de compa\u00f1eras inteligentes con voluntad para transformar a Poza Rica. Capaces de logros que superan la imaginaci\u00f3n, dignas de respeto y admiraci\u00f3n\u201d.<\/strong><\/span><\/p>\n<p>&nbsp;<\/p>\n<p><img data-recalc-dims=\"1\" loading=\"lazy\" decoding=\"async\" class=\"aligncenter wp-image-17084 size-large\" src=\"https:\/\/i0.wp.com\/politicosaldesnudo.com.mx\/wp-content\/uploads\/2023\/03\/P-REMES-MANIFESTACION-8M-1-1024x573.png?resize=800%2C448&#038;ssl=1\" alt=\"\" width=\"800\" height=\"448\" srcset=\"https:\/\/i0.wp.com\/politicosaldesnudo.com.mx\/wp-content\/uploads\/2023\/03\/P-REMES-MANIFESTACION-8M-1.png?resize=1024%2C573&amp;ssl=1 1024w, https:\/\/i0.wp.com\/politicosaldesnudo.com.mx\/wp-content\/uploads\/2023\/03\/P-REMES-MANIFESTACION-8M-1.png?resize=300%2C168&amp;ssl=1 300w, https:\/\/i0.wp.com\/politicosaldesnudo.com.mx\/wp-content\/uploads\/2023\/03\/P-REMES-MANIFESTACION-8M-1.png?resize=768%2C430&amp;ssl=1 768w, https:\/\/i0.wp.com\/politicosaldesnudo.com.mx\/wp-content\/uploads\/2023\/03\/P-REMES-MANIFESTACION-8M-1.png?resize=1536%2C859&amp;ssl=1 1536w, https:\/\/i0.wp.com\/politicosaldesnudo.com.mx\/wp-content\/uploads\/2023\/03\/P-REMES-MANIFESTACION-8M-1.png?w=1816&amp;ssl=1 1816w, https:\/\/i0.wp.com\/politicosaldesnudo.com.mx\/wp-content\/uploads\/2023\/03\/P-REMES-MANIFESTACION-8M-1.png?w=1600&amp;ssl=1 1600w\" sizes=\"auto, (max-width: 800px) 100vw, 800px\" \/><\/p>\n<p>&nbsp;<\/p>\n<p><span style=\"font-size: 14pt;\">En realidad, se trata de un aut\u00e9ntico delincuente que no puede menos que ser retirado del cargo y ser sancionado y obligado a cumplir con las responsabilidades que marca la ley.<\/span><\/p>\n<p><span style=\"font-size: 18pt;\"><strong>El respeto que Fernando Remes dice tener a la mujer no s\u00f3lo es falso sino una m\u00e1scara para seguir escondiendo ser un delincuente que maltrata mujeres y quiere seguir gozando de privilegios, cuando deber\u00eda estar en la c\u00e1rcel.<\/strong><\/span><\/p>\n<p><span style=\"font-size: 14pt;\">La figura de deportista ejemplar que lo llev\u00f3 no s\u00f3lo a la fama sino a la presidencia municipal desapareci\u00f3 con la perversidad de su personalidad hasta convertirlo en un verdadero enemigo de la sociedad.<\/span><\/p>\n<p><span style=\"font-size: 18pt; color: #139eca;\"><strong>La lucha de las mujeres por su independencia y seguridad tienen en Fernando Remes un enemigo a quien debe ponerle un alto alguien para evitar que siga agrediendo mujeres y sacrificando menores de edad amparado en su cargo y sus amistades.<\/strong><\/span><\/p>\n<p>&nbsp;<\/p>\n<p><span style=\"font-size: 18pt; color: #139eca;\"><strong>PEGA Y CORRE<\/strong><\/span><\/p>\n<p><span style=\"font-size: 14pt;\">El Noveno Tribunal Colegiado en Materia Administrativa orden\u00f3 restituir al par\u00e1sito Edmundo Jacobo Molina como titular de la Secretar\u00eda Ejecutiva del INE, donde es pr\u00e1cticamente un aviador desde hace 15 a\u00f1os. Cobra sin trabajar y trabaja en favor de los partidos pol\u00edticos favoritos. Los jueces siguen dando de qu\u00e9 hablar en M\u00e9xico.<\/span><\/p>\n<p>&nbsp;<\/p>\n<p><em><span style=\"font-size: 18pt;\"><strong>Esta columna se publica los lunes, mi\u00e9rcoles y viernes<\/strong><\/span><\/em><\/p>\n<p>&nbsp;<\/p>\n<hr \/>\n<p>&nbsp;<\/p>\n<p><img data-recalc-dims=\"1\" loading=\"lazy\" decoding=\"async\" class=\"aligncenter wp-image-14351\" src=\"https:\/\/i0.wp.com\/politicosaldesnudo.com.mx\/wp-content\/uploads\/2023\/01\/FIRMA-EDITORIAL-PD-300x37.png?resize=800%2C98&#038;ssl=1\" alt=\"\" width=\"800\" height=\"98\" srcset=\"https:\/\/i0.wp.com\/politicosaldesnudo.com.mx\/wp-content\/uploads\/2023\/01\/FIRMA-EDITORIAL-PD.png?resize=300%2C37&amp;ssl=1 300w, https:\/\/i0.wp.com\/politicosaldesnudo.com.mx\/wp-content\/uploads\/2023\/01\/FIRMA-EDITORIAL-PD.png?resize=1024%2C125&amp;ssl=1 1024w, https:\/\/i0.wp.com\/politicosaldesnudo.com.mx\/wp-content\/uploads\/2023\/01\/FIRMA-EDITORIAL-PD.png?resize=768%2C94&amp;ssl=1 768w, https:\/\/i0.wp.com\/politicosaldesnudo.com.mx\/wp-content\/uploads\/2023\/01\/FIRMA-EDITORIAL-PD.png?resize=1536%2C188&amp;ssl=1 1536w, https:\/\/i0.wp.com\/politicosaldesnudo.com.mx\/wp-content\/uploads\/2023\/01\/FIRMA-EDITORIAL-PD.png?resize=2048%2C250&amp;ssl=1 2048w, https:\/\/i0.wp.com\/politicosaldesnudo.com.mx\/wp-content\/uploads\/2023\/01\/FIRMA-EDITORIAL-PD.png?w=1600&amp;ssl=1 1600w, https:\/\/i0.wp.com\/politicosaldesnudo.com.mx\/wp-content\/uploads\/2023\/01\/FIRMA-EDITORIAL-PD.png?w=2400&amp;ssl=1 2400w\" sizes=\"auto, (max-width: 800px) 100vw, 800px\" \/><\/p>\n<p>&nbsp;<\/p>\n<p>&nbsp;<\/p>\n<p>&nbsp;<\/p>\n<p>&nbsp;<\/p>\n<p>&nbsp;<\/p>\n<p>&nbsp;<\/p>\n<p>&nbsp;<\/p>\n","protected":false},"excerpt":{"rendered":"<p>&nbsp; Por \u00c1ngel \u00c1lvaro Pe\u00f1a Remes tiene en las mujeres el enemigo a vencer desde hace muchos a\u00f1os. Su discurso<\/p>\n","protected":false},"author":4,"featured_media":3775,"comment_status":"closed","ping_status":"closed","sticky":false,"template":"","format":"standard","meta":{"colormag_page_container_layout":"default_layout","colormag_page_sidebar_layout":"default_layout","_jetpack_memberships_contains_paid_content":false,"footnotes":"","jetpack_publicize_message":"","jetpack_publicize_feature_enabled":true,"jetpack_social_post_already_shared":false,"jetpack_social_options":{"image_generator_settings":{"template":"highway","default_image_id":0,"font":"","enabled":false},"version":2}},"categories":[26],"tags":[2360,304,63,169,497,2359],"class_list":["post-17068","post","type-post","status-publish","format-standard","has-post-thumbnail","hentry","category-columnistas","tag-enemigo","tag-fernando-remes","tag-morena","tag-mujeres","tag-poza-rica","tag-remes"],"jetpack_publicize_connections":[],"jetpack_featured_media_url":"https:\/\/i0.wp.com\/politicosaldesnudo.com.mx\/wp-content\/uploads\/2022\/04\/A%CC%81NGEL-A%CC%81LVARO-PEN%CC%83A1.png?fit=1816%2C1016&ssl=1","jetpack-related-posts":[],"jetpack_sharing_enabled":true,"_links":{"self":[{"href":"https:\/\/politicosaldesnudo.com.mx\/index.php\/wp-json\/wp\/v2\/posts\/17068","targetHints":{"allow":["GET"]}}],"collection":[{"href":"https:\/\/politicosaldesnudo.com.mx\/index.php\/wp-json\/wp\/v2\/posts"}],"about":[{"href":"https:\/\/politicosaldesnudo.com.mx\/index.php\/wp-json\/wp\/v2\/types\/post"}],"author":[{"embeddable":true,"href":"https:\/\/politicosaldesnudo.com.mx\/index.php\/wp-json\/wp\/v2\/users\/4"}],"replies":[{"embeddable":true,"href":"https:\/\/politicosaldesnudo.com.mx\/index.php\/wp-json\/wp\/v2\/comments?post=17068"}],"version-history":[{"count":0,"href":"https:\/\/politicosaldesnudo.com.mx\/index.php\/wp-json\/wp\/v2\/posts\/17068\/revisions"}],"wp:featuredmedia":[{"embeddable":true,"href":"https:\/\/politicosaldesnudo.com.mx\/index.php\/wp-json\/wp\/v2\/media\/3775"}],"wp:attachment":[{"href":"https:\/\/politicosaldesnudo.com.mx\/index.php\/wp-json\/wp\/v2\/media?parent=17068"}],"wp:term":[{"taxonomy":"category","embeddable":true,"href":"https:\/\/politicosaldesnudo.com.mx\/index.php\/wp-json\/wp\/v2\/categories?post=17068"},{"taxonomy":"post_tag","embeddable":true,"href":"https:\/\/politicosaldesnudo.com.mx\/index.php\/wp-json\/wp\/v2\/tags?post=17068"}],"curies":[{"name":"wp","href":"https:\/\/api.w.org\/{rel}","templated":true}]}}