{"id":17092,"date":"2023-03-10T06:00:57","date_gmt":"2023-03-10T12:00:57","guid":{"rendered":"https:\/\/politicosaldesnudo.com.mx\/?p=17092"},"modified":"2023-03-10T07:16:38","modified_gmt":"2023-03-10T13:16:38","slug":"inversionistas-extranjeros-ya-no-quieren-con-mexico","status":"publish","type":"post","link":"https:\/\/politicosaldesnudo.com.mx\/index.php\/2023\/03\/10\/inversionistas-extranjeros-ya-no-quieren-con-mexico\/","title":{"rendered":"Inversionistas extranjeros ya no quieren con M\u00e9xico"},"content":{"rendered":"<p>&nbsp;<\/p>\n<p>&nbsp;<\/p>\n<p class=\"p1\"><span style=\"font-size: 18pt;\"><strong>Por M\u00f3nica Camarena Crespo<\/strong><\/span><\/p>\n<p class=\"p1\"><span style=\"font-size: 14pt;\">Despu\u00e9s del desafortunado episodio en el cual el propio presidente de M\u00e9xico, Andr\u00e9s Manuel L\u00f3pez Obrador puso en riesgo la inversi\u00f3n de Tesla en Nuevo Le\u00f3n, por \u201cnecedades\u201d e intereses pol\u00edticos, se sabe que otros empresarios extranjeros han decidido retirar sus planes de inversi\u00f3n en el pa\u00eds.<\/span><\/p>\n<p class=\"p1\"><span style=\"font-size: 14pt;\">Las razones que anteponen son lo m\u00e1s preocupante, porque de acuerdo a Jos\u00e9 Medina Mora, presidente de Coparmex, la incertidumbre de inversionistas extranjeros, son el Estado de Derecho y el Plan B de AMLO en materia electoral, que lo ven como un franco retroceso democr\u00e1tico para M\u00e9xico.<\/span><\/p>\n<p class=\"p1\"><span style=\"font-size: 14pt;\">Medina Mora detall\u00f3\u00a0que otros factores que inhiben a los inversionistas son la inseguridad y el incumplimiento del Gobierno mexicano a sus compromisos firmados en el T-MEC que exigen piso parejo a la competencia en energ\u00eda y restricciones al comercio de ma\u00edz transg\u00e9nico.<\/span><\/p>\n<p class=\"p1\"><span style=\"font-size: 14pt;\">Se refiri\u00f3 espec\u00edficamente\u00a0a organismos empresariales en Texas, California, Washington y Nueva York, los cuales anteponen la inseguridad que priva en M\u00e9xico y el riesgo del Estado de Derecho.<\/span><\/p>\n<p>&nbsp;<\/p>\n<p class=\"p1\"><span style=\"font-size: 18pt; color: #139eca;\"><strong>LA 4T Y LA F\u00c1BRICA DE POBRES<\/strong><\/span><\/p>\n<p class=\"p1\"><span style=\"font-size: 14pt;\">El presidente jug\u00f3 con fuego en el caso de Tesla para presuntamente buscar su ubicaci\u00f3n en otros estados para diversificar el asentamiento de grandes empresas, lo que adolece el sur-sureste, por ejemplo.<\/span><\/p>\n<p class=\"p1\"><span style=\"font-size: 14pt;\">Pero si en realidad eso buscar\u00e1, el gobierno de AMLO pondr\u00eda en marcha un plan integral para ampliar la infraestructura, realizar capacitaci\u00f3n y abonar con verdaderos incentivos para empresas extranjeras, no es as\u00ed.<\/span><\/p>\n<p class=\"p1\"><span style=\"font-size: 14pt;\">La 4T ya se dio cuenta del rechazo de la clase media y prefiere que aumente la pobreza con lo que incrementa su oferta electoral, que es a d\u00f3nde se dirige. La f\u00e1brica de pobres de cuarta.<\/span><\/p>\n<p>&nbsp;<\/p>\n<p class=\"p1\"><span style=\"font-size: 18pt; color: #139eca;\"><strong>EL AGUA COMO PRETEXTO<\/strong><\/span><\/p>\n<p class=\"p1\"><span style=\"font-size: 14pt;\">A Tesla AMLO le puso de pretexto la falta de agua en Nuevo Le\u00f3n, lo mismo que sucedi\u00f3 en Mexicali, Baja California en el 2020, cuando desde Palacio Nacional se promovi\u00f3 una \u201cconsulta ciudadana\u201d para retirar de ese lugar a \u201cConstellation Brands\u201d, fabricante de cerveza, con 1,400 millones de d\u00f3lares que ya hab\u00edan aplicado en la obra.<\/span><\/p>\n<p class=\"p1\"><span style=\"font-size: 14pt;\">Lo que viene para M\u00e9xico no es nada bueno, se endurecen las relaciones con Estados Unidos por la falta de acuerdos por el T-MEC; en el tema del ma\u00edz transg\u00e9nico ya se uni\u00f3 Canad\u00e1 que se hab\u00eda mantenido al margen.\u00a0<\/span><\/p>\n<p class=\"p1\"><span style=\"font-size: 14pt;\">Las tensiones podr\u00edan crecer y los acuerdos econ\u00f3micos de muchos inversionistas se ir\u00edan a la basura.<\/span><\/p>\n<p class=\"p1\"><span style=\"font-size: 14pt;\">Lo cierto es que al presidente pareciera no interesarle en lo m\u00e1s m\u00ednimo la llegada de inversiones a M\u00e9xico, lo de \u00e9l, es la elecci\u00f3n del 2024, asegurar que Morena siga en en poder con el tras bambalinas.<\/span><\/p>\n<p>&nbsp;<\/p>\n<p class=\"p1\"><span style=\"font-size: 18pt; color: #139eca;\"><strong>\u00c1GORA<\/strong><\/span><\/p>\n<p class=\"p1\"><span style=\"font-size: 14pt;\">Ma\u00f1ana s\u00e1bado al mediod\u00eda estar\u00e1 en Xalapa la senadora Beatriz Paredes Rangel, qui\u00e9n junto con la Consejera Presidenta del OPLE Veracruz, Marisol Delgadillo, sostendr\u00e1 el di\u00e1logo y reflexi\u00f3n sobre \u201cGobernanza Democr\u00e1tica y Derechos Humanos\u201d. <\/span><span style=\"font-size: 14pt;\">La cita es en el Hotel Ghal y en el marco del D\u00eda Internacional de la Mujer.<\/span><\/p>\n<p>&nbsp;<\/p>\n<hr \/>\n<p>&nbsp;<\/p>\n<p class=\"p1\"><span style=\"font-size: 18pt;\"><strong>Correo: <a href=\"mailto:parquejuarezweb@yahoo.com.mx\">parquejuarezweb@yahoo.com.mx<\/a><\/strong><\/span><\/p>\n<p class=\"p1\"><span style=\"font-size: 18pt;\"><strong>Twitter: <a href=\"http:\/\/www.twitter.com\/monicamarena\">@monicamarena<\/a><\/strong><\/span><\/p>\n<p>&nbsp;<\/p>\n<p><img data-recalc-dims=\"1\" loading=\"lazy\" decoding=\"async\" class=\"wp-image-14351 aligncenter\" src=\"https:\/\/i0.wp.com\/politicosaldesnudo.com.mx\/wp-content\/uploads\/2023\/01\/FIRMA-EDITORIAL-PD-300x37.png?resize=800%2C98&#038;ssl=1\" alt=\"\" width=\"800\" height=\"98\" srcset=\"https:\/\/i0.wp.com\/politicosaldesnudo.com.mx\/wp-content\/uploads\/2023\/01\/FIRMA-EDITORIAL-PD.png?resize=300%2C37&amp;ssl=1 300w, https:\/\/i0.wp.com\/politicosaldesnudo.com.mx\/wp-content\/uploads\/2023\/01\/FIRMA-EDITORIAL-PD.png?resize=1024%2C125&amp;ssl=1 1024w, https:\/\/i0.wp.com\/politicosaldesnudo.com.mx\/wp-content\/uploads\/2023\/01\/FIRMA-EDITORIAL-PD.png?resize=768%2C94&amp;ssl=1 768w, https:\/\/i0.wp.com\/politicosaldesnudo.com.mx\/wp-content\/uploads\/2023\/01\/FIRMA-EDITORIAL-PD.png?resize=1536%2C188&amp;ssl=1 1536w, https:\/\/i0.wp.com\/politicosaldesnudo.com.mx\/wp-content\/uploads\/2023\/01\/FIRMA-EDITORIAL-PD.png?resize=2048%2C250&amp;ssl=1 2048w, https:\/\/i0.wp.com\/politicosaldesnudo.com.mx\/wp-content\/uploads\/2023\/01\/FIRMA-EDITORIAL-PD.png?w=1600&amp;ssl=1 1600w, https:\/\/i0.wp.com\/politicosaldesnudo.com.mx\/wp-content\/uploads\/2023\/01\/FIRMA-EDITORIAL-PD.png?w=2400&amp;ssl=1 2400w\" sizes=\"auto, (max-width: 800px) 100vw, 800px\" \/><\/p>\n<p>&nbsp;<\/p>\n<p>&nbsp;<\/p>\n<p>&nbsp;<\/p>\n<p>&nbsp;<\/p>\n<p>&nbsp;<\/p>\n<p>&nbsp;<\/p>\n<p>&nbsp;<\/p>\n","protected":false},"excerpt":{"rendered":"<p>&nbsp; &nbsp; Por M\u00f3nica Camarena Crespo Despu\u00e9s del desafortunado episodio en el cual el propio presidente de M\u00e9xico, Andr\u00e9s Manuel<\/p>\n","protected":false},"author":4,"featured_media":4080,"comment_status":"closed","ping_status":"closed","sticky":false,"template":"","format":"standard","meta":{"colormag_page_container_layout":"default_layout","colormag_page_sidebar_layout":"default_layout","_jetpack_memberships_contains_paid_content":false,"footnotes":"","jetpack_publicize_message":"","jetpack_publicize_feature_enabled":true,"jetpack_social_post_already_shared":false,"jetpack_social_options":{"image_generator_settings":{"template":"highway","default_image_id":0,"font":"","enabled":false},"version":2}},"categories":[26],"tags":[],"class_list":["post-17092","post","type-post","status-publish","format-standard","has-post-thumbnail","hentry","category-columnistas"],"jetpack_publicize_connections":[],"jetpack_featured_media_url":"https:\/\/i0.wp.com\/politicosaldesnudo.com.mx\/wp-content\/uploads\/2022\/04\/MO%CC%81NICA-CAMARENA-CRESPO1.png?fit=1816%2C1016&ssl=1","jetpack-related-posts":[],"jetpack_sharing_enabled":true,"_links":{"self":[{"href":"https:\/\/politicosaldesnudo.com.mx\/index.php\/wp-json\/wp\/v2\/posts\/17092","targetHints":{"allow":["GET"]}}],"collection":[{"href":"https:\/\/politicosaldesnudo.com.mx\/index.php\/wp-json\/wp\/v2\/posts"}],"about":[{"href":"https:\/\/politicosaldesnudo.com.mx\/index.php\/wp-json\/wp\/v2\/types\/post"}],"author":[{"embeddable":true,"href":"https:\/\/politicosaldesnudo.com.mx\/index.php\/wp-json\/wp\/v2\/users\/4"}],"replies":[{"embeddable":true,"href":"https:\/\/politicosaldesnudo.com.mx\/index.php\/wp-json\/wp\/v2\/comments?post=17092"}],"version-history":[{"count":0,"href":"https:\/\/politicosaldesnudo.com.mx\/index.php\/wp-json\/wp\/v2\/posts\/17092\/revisions"}],"wp:featuredmedia":[{"embeddable":true,"href":"https:\/\/politicosaldesnudo.com.mx\/index.php\/wp-json\/wp\/v2\/media\/4080"}],"wp:attachment":[{"href":"https:\/\/politicosaldesnudo.com.mx\/index.php\/wp-json\/wp\/v2\/media?parent=17092"}],"wp:term":[{"taxonomy":"category","embeddable":true,"href":"https:\/\/politicosaldesnudo.com.mx\/index.php\/wp-json\/wp\/v2\/categories?post=17092"},{"taxonomy":"post_tag","embeddable":true,"href":"https:\/\/politicosaldesnudo.com.mx\/index.php\/wp-json\/wp\/v2\/tags?post=17092"}],"curies":[{"name":"wp","href":"https:\/\/api.w.org\/{rel}","templated":true}]}}