{"id":17144,"date":"2023-03-13T00:04:52","date_gmt":"2023-03-13T06:04:52","guid":{"rendered":"https:\/\/politicosaldesnudo.com.mx\/?p=17144"},"modified":"2023-03-12T22:25:36","modified_gmt":"2023-03-13T04:25:36","slug":"rogelio-franco-a-dos-anos","status":"publish","type":"post","link":"https:\/\/politicosaldesnudo.com.mx\/index.php\/2023\/03\/13\/rogelio-franco-a-dos-anos\/","title":{"rendered":"Rogelio Franco a dos a\u00f1os"},"content":{"rendered":"<p class=\"p1\">\n<p>&nbsp;<\/p>\n<p><span style=\"font-size: 18pt;\"><b>Por Luis Ram\u00edrez Baqueiro<\/b><\/span><\/p>\n<p>&nbsp;<\/p>\n<p>&nbsp;<\/p>\n<p style=\"text-align: center;\"><span style=\"font-size: 18pt;\"><strong><i><span lang=\"ES\">\u201cEl que decide un caso sin o\u00edr a la otra parte, aunque decida justamente, no puede ser considerado justo<\/span><\/i><i><span lang=\"ES-MX\">\u201d <\/span><\/i><\/strong><\/span><\/p>\n<p style=\"text-align: center;\"><span style=\"font-size: 18pt;\"><span lang=\"ES-MX\">\u2013\u00a0<\/span><span lang=\"ES\">Lucio Anneo S\u00e9neca <span lang=\"ES-MX\">\u2013<\/span><\/span><\/span><\/p>\n<p class=\"p1\">\n<p>&nbsp;<\/p>\n<p class=\"p1\"><span style=\"font-size: 14pt;\">La detenci\u00f3n de Rogelio Franco Cast\u00e1n hace dos a\u00f1os en Tuxpan contin\u00faa siendo una de las manchas m\u00e1s evidentes en la impartici\u00f3n de justicia del Gobierno encabezado por Cuitl\u00e1huac Garc\u00eda Jim\u00e9nez y su brazo ejecutor la Fiscal\u00eda General del Estado.<\/span><\/p>\n<p class=\"p1\"><span style=\"font-size: 14pt;\">Aun cuando el propio gobernador se jacte de afirmar que Franco Cast\u00e1n era un violentador de las mujeres, instancia tras instancia jurisdiccional le han dado la raz\u00f3n al hoy detenido, confirmando que no fue cierto de lo que se le acusa.<\/span><\/p>\n<p class=\"p1\"><span style=\"font-size: 14pt;\">Las razones por las que el personaje jam\u00e1s se neg\u00f3 a exponer el infierno que enfrent\u00f3 en su vida personal seguir\u00e1n siendo un tema pendiente, la realidad es que su c\u00edrculo cercano todos afirman que nunca fue el violentador como se ha querido vender, por el contrario, lo describen como un padre e hijo amoroso y respetuoso.<\/span><\/p>\n<p class=\"p1\"><span style=\"font-size: 14pt;\">Lo extra\u00f1o de la circunstancia que lo mantiene en prisi\u00f3n es la raz\u00f3n misma por la que se le considera un preso pol\u00edtico, pues de cada carpeta que se le ha imputado, de todas ha ido ganando su libertad ante las instancias legales.<\/span><\/p>\n<p class=\"p1\"><span style=\"font-size: 14pt;\">Quiz\u00e1 el odio fratricida con el que se le ha tratado habr\u00eda sido por ser el l\u00edder de un movimiento que en su momento aglutin\u00f3 a quienes hoy gobiernan y que no se dej\u00f3 llevar por el canto de las sirenas de su l\u00edder moral.<\/span><\/p>\n<p class=\"p1\"><span style=\"font-size: 14pt;\">M\u00e1s recientemente, la instrucci\u00f3n de la Suprema Corte de Justicia de la Naci\u00f3n (SCJN) de liberar a todos aquellos detenidos por el delito de ultrajes a la autoridad, que ha mantenido a m\u00e1s de 800 reos en c\u00e1rceles de la entidad confirma la persecuci\u00f3n de orden pol\u00edtico sobre el personaje.<\/span><\/p>\n<p class=\"p1\"><span style=\"font-size: 14pt;\">Lo cierto es que a dos a\u00f1os de su injusta detenci\u00f3n el hombre, el pol\u00edtico y el amigo esperan la conclusi\u00f3n de un sexenio que ser\u00e1 juzgado por estas flagrantes violaciones al debido proceso y a los derechos humanos.\u00a0<\/span><\/p>\n<p>&nbsp;<\/p>\n<p class=\"p1\"><span style=\"font-size: 18pt;\"><strong>Al tiempo.<\/strong><\/span><\/p>\n<p>&nbsp;<\/p>\n<hr \/>\n<p>&nbsp;<\/p>\n<p class=\"p1\"><span style=\"font-size: 18pt;\"><strong>Correo: <a href=\"mailto:astrolabiopoliticomx@gmail.com\">astrolabiopoliticomx@gmail.com<\/a><\/strong><\/span><\/p>\n<p class=\"p1\"><span style=\"font-size: 18pt;\"><strong>Twitter: <a href=\"http:\/\/www.twitter.com\/LuisBaqueiro_mx\">@LuisBaqueiro_mx<\/a><\/strong><\/span><\/p>\n<p>&nbsp;<\/p>\n<p><img data-recalc-dims=\"1\" loading=\"lazy\" decoding=\"async\" class=\"aligncenter wp-image-14351\" src=\"https:\/\/i0.wp.com\/politicosaldesnudo.com.mx\/wp-content\/uploads\/2023\/01\/FIRMA-EDITORIAL-PD-300x37.png?resize=800%2C98&#038;ssl=1\" alt=\"\" width=\"800\" height=\"98\" srcset=\"https:\/\/i0.wp.com\/politicosaldesnudo.com.mx\/wp-content\/uploads\/2023\/01\/FIRMA-EDITORIAL-PD.png?resize=300%2C37&amp;ssl=1 300w, https:\/\/i0.wp.com\/politicosaldesnudo.com.mx\/wp-content\/uploads\/2023\/01\/FIRMA-EDITORIAL-PD.png?resize=1024%2C125&amp;ssl=1 1024w, https:\/\/i0.wp.com\/politicosaldesnudo.com.mx\/wp-content\/uploads\/2023\/01\/FIRMA-EDITORIAL-PD.png?resize=768%2C94&amp;ssl=1 768w, https:\/\/i0.wp.com\/politicosaldesnudo.com.mx\/wp-content\/uploads\/2023\/01\/FIRMA-EDITORIAL-PD.png?resize=1536%2C188&amp;ssl=1 1536w, https:\/\/i0.wp.com\/politicosaldesnudo.com.mx\/wp-content\/uploads\/2023\/01\/FIRMA-EDITORIAL-PD.png?resize=2048%2C250&amp;ssl=1 2048w, https:\/\/i0.wp.com\/politicosaldesnudo.com.mx\/wp-content\/uploads\/2023\/01\/FIRMA-EDITORIAL-PD.png?w=1600&amp;ssl=1 1600w, https:\/\/i0.wp.com\/politicosaldesnudo.com.mx\/wp-content\/uploads\/2023\/01\/FIRMA-EDITORIAL-PD.png?w=2400&amp;ssl=1 2400w\" sizes=\"auto, (max-width: 800px) 100vw, 800px\" \/><\/p>\n<p>&nbsp;<\/p>\n<p>&nbsp;<\/p>\n<p>&nbsp;<\/p>\n<p class=\"p1\">\n<p>&nbsp;<\/p>\n<p>&nbsp;<\/p>\n<p>&nbsp;<\/p>\n<p>&nbsp;<\/p>\n","protected":false},"excerpt":{"rendered":"<p>&nbsp; Por Luis Ram\u00edrez Baqueiro &nbsp; &nbsp; \u201cEl que decide un caso sin o\u00edr a la otra parte, aunque decida<\/p>\n","protected":false},"author":4,"featured_media":4390,"comment_status":"closed","ping_status":"closed","sticky":false,"template":"","format":"standard","meta":{"colormag_page_container_layout":"default_layout","colormag_page_sidebar_layout":"default_layout","_jetpack_memberships_contains_paid_content":false,"footnotes":"","jetpack_publicize_message":"","jetpack_publicize_feature_enabled":true,"jetpack_social_post_already_shared":false,"jetpack_social_options":{"image_generator_settings":{"template":"highway","default_image_id":0,"font":"","enabled":false},"version":2}},"categories":[26],"tags":[],"class_list":["post-17144","post","type-post","status-publish","format-standard","has-post-thumbnail","hentry","category-columnistas"],"jetpack_publicize_connections":[],"jetpack_featured_media_url":"https:\/\/i0.wp.com\/politicosaldesnudo.com.mx\/wp-content\/uploads\/2022\/04\/LUIS-RAMI%CC%81REZ-BAQUEIRO.png?fit=1816%2C1016&ssl=1","jetpack-related-posts":[],"jetpack_sharing_enabled":true,"_links":{"self":[{"href":"https:\/\/politicosaldesnudo.com.mx\/index.php\/wp-json\/wp\/v2\/posts\/17144","targetHints":{"allow":["GET"]}}],"collection":[{"href":"https:\/\/politicosaldesnudo.com.mx\/index.php\/wp-json\/wp\/v2\/posts"}],"about":[{"href":"https:\/\/politicosaldesnudo.com.mx\/index.php\/wp-json\/wp\/v2\/types\/post"}],"author":[{"embeddable":true,"href":"https:\/\/politicosaldesnudo.com.mx\/index.php\/wp-json\/wp\/v2\/users\/4"}],"replies":[{"embeddable":true,"href":"https:\/\/politicosaldesnudo.com.mx\/index.php\/wp-json\/wp\/v2\/comments?post=17144"}],"version-history":[{"count":0,"href":"https:\/\/politicosaldesnudo.com.mx\/index.php\/wp-json\/wp\/v2\/posts\/17144\/revisions"}],"wp:featuredmedia":[{"embeddable":true,"href":"https:\/\/politicosaldesnudo.com.mx\/index.php\/wp-json\/wp\/v2\/media\/4390"}],"wp:attachment":[{"href":"https:\/\/politicosaldesnudo.com.mx\/index.php\/wp-json\/wp\/v2\/media?parent=17144"}],"wp:term":[{"taxonomy":"category","embeddable":true,"href":"https:\/\/politicosaldesnudo.com.mx\/index.php\/wp-json\/wp\/v2\/categories?post=17144"},{"taxonomy":"post_tag","embeddable":true,"href":"https:\/\/politicosaldesnudo.com.mx\/index.php\/wp-json\/wp\/v2\/tags?post=17144"}],"curies":[{"name":"wp","href":"https:\/\/api.w.org\/{rel}","templated":true}]}}