{"id":17154,"date":"2023-03-13T00:14:57","date_gmt":"2023-03-13T06:14:57","guid":{"rendered":"https:\/\/politicosaldesnudo.com.mx\/?p=17154"},"modified":"2023-03-12T22:44:38","modified_gmt":"2023-03-13T04:44:38","slug":"en-busca-de-la-represion","status":"publish","type":"post","link":"https:\/\/politicosaldesnudo.com.mx\/index.php\/2023\/03\/13\/en-busca-de-la-represion\/","title":{"rendered":"En busca de la represi\u00f3n"},"content":{"rendered":"<p class=\"p1\">\n<p>&nbsp;<\/p>\n<p class=\"p1\"><span style=\"font-size: 18pt;\"><b>Por Jos\u00e9 P\u00e1ramo Castro<\/b><\/span><\/p>\n<p class=\"p1\"><span style=\"font-size: 14pt;\">Ahora que la participaci\u00f3n en las calles es pr\u00e1cticamente un d\u00eda de campo, las clases medias se disfrazan de rosas para salir a ver qu\u00e9 se siente con la garant\u00eda de que no ser\u00e1n reprimidos. Ahora salen a las calles los c\u00f3mplices de quienes reprimieron, quienes les dec\u00edan vagos a los que se expresaban en las calles, a los que nada ten\u00edan que hacer, seg\u00fan ellos.<\/span><\/p>\n<p class=\"p1\"><span style=\"font-size: 18pt;\"><strong>Si no tuvieran la certeza de que o ser\u00e1n molestados en sus expresiones de conservadurismo no asomaban ni la nariz. Pero como lo saben que sus garant\u00edas individuales est\u00e1n garantizadas en este gobierno provocan la represi\u00f3n como un signo de superioridad del que no pueden separarse porque el clasismo lo tienen tatuado en el alma.<\/strong><\/span><\/p>\n<p>&nbsp;<\/p>\n<p class=\"p1\"><span style=\"font-size: 18pt; color: #139eca;\"><b>DISFRAZ DE LA OPOSICI\u00d3N<\/b><\/span><\/p>\n<p class=\"p1\"><span style=\"font-size: 14pt;\">Desde los asistentes a la marcha del 26, hasta las feministas del martillo y las bombas molotov, se muestran como provocadoras para ser reprimidos. La provocaci\u00f3n es la consigna que sustituye a la raz\u00f3n de las marchas conservadoras cuya causa es tan diversa como dispersa, seg\u00fan sus propios argumentos.<\/span><\/p>\n<p class=\"p1\"><span style=\"font-size: 18pt;\"><strong>Para los conservadores, nost\u00e1lgicos del pasado, es m\u00e1s importante la marcha que la soluci\u00f3n que exigen para su problema. Porque en realidad no hay problema, el problema son ellos que no dejan gobernar m\u00e1s que a sus c\u00f3mplices, como nunca antes se hab\u00eda visto en la historia de M\u00e9xico. Se multiplican las marchas para impedir las obras del sexenio pero no porque en ellas haya injustica o ilegalidad, como en otros tiempos, sino porque quieren impedir el avance de un movimiento que d\u00eda tras d\u00eda los descubre en sus corruptelas y pasividad a la hora de trabajar.<\/strong><\/span><\/p>\n<p>&nbsp;<\/p>\n<p><img data-recalc-dims=\"1\" loading=\"lazy\" decoding=\"async\" class=\"aligncenter wp-image-17155 size-large\" src=\"https:\/\/i0.wp.com\/politicosaldesnudo.com.mx\/wp-content\/uploads\/2023\/03\/P-OPOSICION-1024x573.png?resize=800%2C448&#038;ssl=1\" alt=\"\" width=\"800\" height=\"448\" srcset=\"https:\/\/i0.wp.com\/politicosaldesnudo.com.mx\/wp-content\/uploads\/2023\/03\/P-OPOSICION.png?resize=1024%2C573&amp;ssl=1 1024w, https:\/\/i0.wp.com\/politicosaldesnudo.com.mx\/wp-content\/uploads\/2023\/03\/P-OPOSICION.png?resize=300%2C168&amp;ssl=1 300w, https:\/\/i0.wp.com\/politicosaldesnudo.com.mx\/wp-content\/uploads\/2023\/03\/P-OPOSICION.png?resize=768%2C430&amp;ssl=1 768w, https:\/\/i0.wp.com\/politicosaldesnudo.com.mx\/wp-content\/uploads\/2023\/03\/P-OPOSICION.png?resize=1536%2C859&amp;ssl=1 1536w, https:\/\/i0.wp.com\/politicosaldesnudo.com.mx\/wp-content\/uploads\/2023\/03\/P-OPOSICION.png?w=1816&amp;ssl=1 1816w, https:\/\/i0.wp.com\/politicosaldesnudo.com.mx\/wp-content\/uploads\/2023\/03\/P-OPOSICION.png?w=1600&amp;ssl=1 1600w\" sizes=\"auto, (max-width: 800px) 100vw, 800px\" \/><\/p>\n<p>&nbsp;<\/p>\n<p class=\"p1\"><span style=\"font-size: 14pt;\">La oposici\u00f3n no desea m\u00e1s que hay un acto m\u00ednimo de represi\u00f3n para estallar la noticia en todos los medios nacionales a su servicio y tambi\u00e9n en el extranjero. Al fin y al cabo, los medios convencionales tienen un mismo origen parasitario y una misma idea conservadora con objetivos comunes que es la imposici\u00f3n de un sistema econ\u00f3mico de explotaci\u00f3n, discriminaci\u00f3n, corrupci\u00f3n, marginaci\u00f3n, exterminio.<\/span><\/p>\n<p class=\"p1\"><span style=\"font-size: 18pt;\"><strong>Los conservadores han abierto dos puentes que los conducen a crear espacios en los medios de informaci\u00f3n nacionales y extranjeros que son la represi\u00f3n social, y la censura a la libertad de expresi\u00f3n. En ellos se concentran para que impulsarlos, como siempre lo han hecho, pero esta vez del lado de la aparente v\u00edctima.<\/strong><\/span><\/p>\n<p class=\"p1\"><span style=\"font-size: 14pt;\">Con la cancelaci\u00f3n de esos dos derechos humanos, saben que tienen todos los espacios abiertos, incluyendo al Departamento de estado del vecino pa\u00eds del norte que en nombre de la libertad y la democracia intentar\u00e1 irrumpir violentamente en nuestro territorio.<\/span><\/p>\n<p class=\"p1\"><span style=\"font-size: 14pt;\">Como no han logrado penetrar a trav\u00e9s de la cancelaci\u00f3n de la libertad d expresi\u00f3n o del respeto a los derechos humanos, ahora encuentran en el pretexto de estadounidenses con antecedentes penales secuestrados en Tamaulipas la mejor oportunidad de intentar entrar agentes, polic\u00edas y soldados armados de su pa\u00eds a nuestro territorio.<\/span><\/p>\n<p class=\"p1\"><span style=\"font-size: 14pt;\">Lo m\u00e1s cercano a la represi\u00f3n que encuentran los conservadores de ambos lados de la frontera, es el secuestro de cuatro gringos, en Tamaulipas, a manos de un grupo de delincuentes.<\/span><\/p>\n<p class=\"p1\"><span style=\"font-size: 14pt;\">Desde luego que los conservadores de M\u00e9xico coinciden con los conservadores de Estados Unidos. No tienen patria ni identidad, su bandera es la b\u00fasqueda de privilegios. Por eso en la marcha del 26 de febrero, se vistieron de rosa, no se identifican ni con el color de la bandera, ni la de su partido, simplemente son ellos en busca de la recuperaci\u00f3n de su mot\u00edn que la dictadura del PRI y el PAN les otorg\u00f3.<\/span><\/p>\n<p class=\"p1\"><span style=\"font-size: 18pt;\"><strong>La oposici\u00f3n usa la provocaci\u00f3n evocando la represi\u00f3n, hasta convertirlo en su forma de hacer pol\u00edtica, un ejemplo claro y escatol\u00f3gico es la propuesta de la diputada Teresa Castell que pide colocar en letras de oro el nombre de Felipe Calder\u00f3n en la C\u00e1mara de Diputados. Esas son las acciones pol\u00edticas de una oposici\u00f3n vacua.<\/strong><\/span><\/p>\n<p class=\"p1\"><span style=\"font-size: 18pt;\"><strong>Los conservadores buscan la represi\u00f3n a como d\u00e9 lugar, lo cual significar\u00eda tender un puente para la intervenci\u00f3n, de todo tipo, de Estados Unidos, pa\u00eds que pareciera estar ciego ante la matanza de la usurpadora Dina Boluarte en Per\u00fa, donde ha asesinado a m\u00e1s de 60 personas, herido a 2 mil, y encarcelado a 1,800 por el grave delito de exigir el regreso a la democracia. Contrariamente a lo que piden los conservadores mexicanos que piden, exigen el regreso a los privilegios, sin importar si esto est\u00e1 dentro o fuera de la democracia.<\/strong><\/span><\/p>\n<p>&nbsp;<\/p>\n<hr \/>\n<p>&nbsp;<\/p>\n<p><img data-recalc-dims=\"1\" loading=\"lazy\" decoding=\"async\" class=\"aligncenter wp-image-14351\" src=\"https:\/\/i0.wp.com\/politicosaldesnudo.com.mx\/wp-content\/uploads\/2023\/01\/FIRMA-EDITORIAL-PD-300x37.png?resize=800%2C98&#038;ssl=1\" alt=\"\" width=\"800\" height=\"98\" srcset=\"https:\/\/i0.wp.com\/politicosaldesnudo.com.mx\/wp-content\/uploads\/2023\/01\/FIRMA-EDITORIAL-PD.png?resize=300%2C37&amp;ssl=1 300w, https:\/\/i0.wp.com\/politicosaldesnudo.com.mx\/wp-content\/uploads\/2023\/01\/FIRMA-EDITORIAL-PD.png?resize=1024%2C125&amp;ssl=1 1024w, https:\/\/i0.wp.com\/politicosaldesnudo.com.mx\/wp-content\/uploads\/2023\/01\/FIRMA-EDITORIAL-PD.png?resize=768%2C94&amp;ssl=1 768w, https:\/\/i0.wp.com\/politicosaldesnudo.com.mx\/wp-content\/uploads\/2023\/01\/FIRMA-EDITORIAL-PD.png?resize=1536%2C188&amp;ssl=1 1536w, https:\/\/i0.wp.com\/politicosaldesnudo.com.mx\/wp-content\/uploads\/2023\/01\/FIRMA-EDITORIAL-PD.png?resize=2048%2C250&amp;ssl=1 2048w, https:\/\/i0.wp.com\/politicosaldesnudo.com.mx\/wp-content\/uploads\/2023\/01\/FIRMA-EDITORIAL-PD.png?w=1600&amp;ssl=1 1600w, https:\/\/i0.wp.com\/politicosaldesnudo.com.mx\/wp-content\/uploads\/2023\/01\/FIRMA-EDITORIAL-PD.png?w=2400&amp;ssl=1 2400w\" sizes=\"auto, (max-width: 800px) 100vw, 800px\" \/><\/p>\n<p>&nbsp;<\/p>\n<p>&nbsp;<\/p>\n<p>&nbsp;<\/p>\n<p>&nbsp;<\/p>\n<p>&nbsp;<\/p>\n<p>&nbsp;<\/p>\n<p>&nbsp;<\/p>\n","protected":false},"excerpt":{"rendered":"<p>&nbsp; Por Jos\u00e9 P\u00e1ramo Castro Ahora que la participaci\u00f3n en las calles es pr\u00e1cticamente un d\u00eda de campo, las clases<\/p>\n","protected":false},"author":4,"featured_media":4387,"comment_status":"closed","ping_status":"closed","sticky":false,"template":"","format":"standard","meta":{"colormag_page_container_layout":"default_layout","colormag_page_sidebar_layout":"default_layout","_jetpack_memberships_contains_paid_content":false,"footnotes":"","jetpack_publicize_message":"","jetpack_publicize_feature_enabled":true,"jetpack_social_post_already_shared":false,"jetpack_social_options":{"image_generator_settings":{"template":"highway","default_image_id":0,"font":"","enabled":false},"version":2}},"categories":[26],"tags":[42,452,2058],"class_list":["post-17154","post","type-post","status-publish","format-standard","has-post-thumbnail","hentry","category-columnistas","tag-mexico","tag-oposicion","tag-represion"],"jetpack_publicize_connections":[],"jetpack_featured_media_url":"https:\/\/i0.wp.com\/politicosaldesnudo.com.mx\/wp-content\/uploads\/2022\/04\/JOSE%CC%81-PA%CC%81RAMO-CASTRO.png?fit=1816%2C1016&ssl=1","jetpack-related-posts":[],"jetpack_sharing_enabled":true,"_links":{"self":[{"href":"https:\/\/politicosaldesnudo.com.mx\/index.php\/wp-json\/wp\/v2\/posts\/17154","targetHints":{"allow":["GET"]}}],"collection":[{"href":"https:\/\/politicosaldesnudo.com.mx\/index.php\/wp-json\/wp\/v2\/posts"}],"about":[{"href":"https:\/\/politicosaldesnudo.com.mx\/index.php\/wp-json\/wp\/v2\/types\/post"}],"author":[{"embeddable":true,"href":"https:\/\/politicosaldesnudo.com.mx\/index.php\/wp-json\/wp\/v2\/users\/4"}],"replies":[{"embeddable":true,"href":"https:\/\/politicosaldesnudo.com.mx\/index.php\/wp-json\/wp\/v2\/comments?post=17154"}],"version-history":[{"count":0,"href":"https:\/\/politicosaldesnudo.com.mx\/index.php\/wp-json\/wp\/v2\/posts\/17154\/revisions"}],"wp:featuredmedia":[{"embeddable":true,"href":"https:\/\/politicosaldesnudo.com.mx\/index.php\/wp-json\/wp\/v2\/media\/4387"}],"wp:attachment":[{"href":"https:\/\/politicosaldesnudo.com.mx\/index.php\/wp-json\/wp\/v2\/media?parent=17154"}],"wp:term":[{"taxonomy":"category","embeddable":true,"href":"https:\/\/politicosaldesnudo.com.mx\/index.php\/wp-json\/wp\/v2\/categories?post=17154"},{"taxonomy":"post_tag","embeddable":true,"href":"https:\/\/politicosaldesnudo.com.mx\/index.php\/wp-json\/wp\/v2\/tags?post=17154"}],"curies":[{"name":"wp","href":"https:\/\/api.w.org\/{rel}","templated":true}]}}