{"id":17170,"date":"2023-03-13T00:22:28","date_gmt":"2023-03-13T06:22:28","guid":{"rendered":"https:\/\/politicosaldesnudo.com.mx\/?p=17170"},"modified":"2023-03-12T23:16:02","modified_gmt":"2023-03-13T05:16:02","slug":"el-dilema-de-las-marchas-de-la-oposicion-2","status":"publish","type":"post","link":"https:\/\/politicosaldesnudo.com.mx\/index.php\/2023\/03\/13\/el-dilema-de-las-marchas-de-la-oposicion-2\/","title":{"rendered":"El dilema de las marchas de la oposici\u00f3n\u00a0"},"content":{"rendered":"<p class=\"p1\">\n<p>&nbsp;<\/p>\n<p class=\"p1\"><span style=\"font-size: 18pt;\"><b>Por Carlos O. Silva Bandala<\/b><\/span><\/p>\n<p class=\"p1\"><span style=\"font-size: 14pt;\">La pregunta con la que se inicia este mini ensayo pol\u00edtico es: \u00bfQu\u00e9 tanto influir\u00e1n las marchas de la oposici\u00f3n en la elecci\u00f3n del 2024 para Presidente de la Rep\u00fablica? En el peso y contrapeso del poder pol\u00edtico existen dos balanzas que tienen un significado muy importante en el quehacer de la vida nacional. Por un lado, la composici\u00f3n partidista en la C\u00e1mara de Diputados Federales y por el otro, las movilizaciones sociales. Ambas presencias pol\u00edticas impactan el ejercicio del poder presidencial. En la C\u00e1mara de Diputados ha habido rechazo a iniciativas del Presidente AMLO. Las organizaciones ciudadanas, no partidistas, y los colectivos ciudadanos, han mostrado un n\u00famero considerable de manifestantes que no simpatizan con la forma en la que el Presidente, ejerce su mandato.<span class=\"Apple-converted-space\">\u00a0<\/span><\/span><\/p>\n<p class=\"p1\"><span style=\"font-size: 18pt;\"><strong>Ante la imposibilidad del Presidente para lograr la mayor\u00eda calificada (dos terceras partes) para avanzar en sus iniciativas de Reforma Constitucional, tanto en materia energ\u00e9tica como electoral, hizo valer la facultad que le otorga la Constituci\u00f3n, ante la Suprema Corte de Justicia de la Naci\u00f3n. Este es el caso del llamado Plan B, en el que se encuentra parte de la Reforma Integral Electoral, la que no requiere reformar la Constituci\u00f3n. El Plan B ha sido aprobado por el Congreso de la Uni\u00f3n, en las partes que no modifica o altera como est\u00e1 la Constituci\u00f3n, por lo que s\u00f3lo requiri\u00f3 de mayor\u00eda simple (50 + 1). Ah\u00ed se inserta el Instituto Nacional Electoral. Sin embargo, las dos v\u00edas de las que se ha valido la oposici\u00f3n partidista y la ciudadana, son los amparos ante la SCJN y las movilizaciones ciudadanas. Por ello, la magna concentraci\u00f3n del 26 de febrero. El Plan B fue publicado oficialmente, hecho y circunstancia por el que proceden las impugnaciones ante la SCJN.<span class=\"Apple-converted-space\">\u00a0<\/span><\/strong><\/span><\/p>\n<p>&nbsp;<\/p>\n<p class=\"p1\"><span style=\"font-size: 18pt; color: #139eca;\"><b>LAS DOS MANIFESTACIONES MULTITUDINARIAS<\/b><\/span><\/p>\n<p class=\"p1\"><span style=\"font-size: 14pt;\">La del 13 de noviembre de 2022 y la del 26 de febrero de 2023. La primera fue secuestrada por los partidos pol\u00edticos opositores (PAN, PRI, PRD). Sus dirigentes se hicieron notar y lanzaron v\u00edtores, al grado de afirmar que derrotar\u00e1n en el 2024 al Presidente AMLO y su partido. Alardes triunfalistas con el slogan: \u201cEl INE no se toca\u201d. La movilizaci\u00f3n ciudadana del 26 de febrero no di\u00f3 la oportunidad a los partidos pol\u00edticos mencionados para que se colgasen la medalla al m\u00e9rito movilizador. La disparidad de impacto pol\u00edtico entre una y otra manifestaci\u00f3n, se explica por los mismos oradores participantes. Por la forma en la que se hicieron notar: Marko Cort\u00e9s, Alejandro Moreno, Jes\u00fas Zambrano, en la primera hasta difundieron im\u00e1genes de ellos y en la segunda ocurri\u00f3 todo lo contrario. Pasaron casi desapercibidos. Ni una, ni otra manifestaci\u00f3n, fueron exitosas por la promoci\u00f3n partidista, s\u00ed lo fueron, por las organizaciones ciudadanas apartidistas.<span style=\"font-size: 18pt;\"><strong> Sin embargo, de ambas se colgaron, Marco, Alejandro y Jes\u00fas, para hacer creer que est\u00e1n cerca de la gente y que son dem\u00f3cratas. Ni una ni otra circunstancia los arropa; no fueron electos representantes populares por la ciudadan\u00eda. Responden sus esca\u00f1os, en el Congreso de la Uni\u00f3n a cuotas de poder pol\u00edtico partidario; y por otro lado, carecen de esa capacidad de convocatoria. Ni a\u00fan juntos, PRI, PAN, PRD, tienen esa capacidad para convocar multitudinariamente y, sin embargo, s\u00ed tienen un poder indiscutible en la C\u00e1mara de Diputados. \u00a1Qu\u00e9 paradoja!<\/strong><\/span><\/span><\/p>\n<p class=\"p1\"><span style=\"font-size: 14pt;\">Al revisar los acuerdos que difunden los medios de comunicaci\u00f3n, en el sentido de que el PRI, sigla las candidaturas a gobernador de Coahuila y Edomex y el PAN lo har\u00e1 para las candidaturas del gobierno de la CdMx y de Presidente de la Rep\u00fablica, al confrontar los hecho y los discursos de las dos manifestaciones al comento, al PAN, PRI, PRD, ya se les hizo bolas el engrudo.<span class=\"Apple-converted-space\">\u00a0<\/span><\/span><\/p>\n<p class=\"p1\"><span style=\"font-size: 18pt;\"><strong>Ahora bien, si el candidato presidencial siglado por el PAN, es militante y\/o dirigente de este Partido, el PRI habr\u00e1 tirado al bote de la basura su identidad pol\u00edtica.<span class=\"Apple-converted-space\">\u00a0<\/span><\/strong><\/span><\/p>\n<p>&nbsp;<\/p>\n<p><img data-recalc-dims=\"1\" loading=\"lazy\" decoding=\"async\" class=\"aligncenter wp-image-17172 size-large\" src=\"https:\/\/i0.wp.com\/politicosaldesnudo.com.mx\/wp-content\/uploads\/2023\/03\/P-MARCHAS-MEXICO-2-1024x573.png?resize=800%2C448&#038;ssl=1\" alt=\"\" width=\"800\" height=\"448\" srcset=\"https:\/\/i0.wp.com\/politicosaldesnudo.com.mx\/wp-content\/uploads\/2023\/03\/P-MARCHAS-MEXICO-2.png?resize=1024%2C573&amp;ssl=1 1024w, https:\/\/i0.wp.com\/politicosaldesnudo.com.mx\/wp-content\/uploads\/2023\/03\/P-MARCHAS-MEXICO-2.png?resize=300%2C168&amp;ssl=1 300w, https:\/\/i0.wp.com\/politicosaldesnudo.com.mx\/wp-content\/uploads\/2023\/03\/P-MARCHAS-MEXICO-2.png?resize=768%2C430&amp;ssl=1 768w, https:\/\/i0.wp.com\/politicosaldesnudo.com.mx\/wp-content\/uploads\/2023\/03\/P-MARCHAS-MEXICO-2.png?resize=1536%2C859&amp;ssl=1 1536w, https:\/\/i0.wp.com\/politicosaldesnudo.com.mx\/wp-content\/uploads\/2023\/03\/P-MARCHAS-MEXICO-2.png?w=1816&amp;ssl=1 1816w, https:\/\/i0.wp.com\/politicosaldesnudo.com.mx\/wp-content\/uploads\/2023\/03\/P-MARCHAS-MEXICO-2.png?w=1600&amp;ssl=1 1600w\" sizes=\"auto, (max-width: 800px) 100vw, 800px\" \/><\/p>\n<p>&nbsp;<\/p>\n<p class=\"p1\"><span style=\"font-size: 18pt; color: #139eca;\"><b>IDENTIDAD POL\u00cdTICA<\/b><\/span><\/p>\n<p class=\"p1\"><span style=\"font-size: 18pt;\"><strong>Es una forma de identidad social que marca la pertenencia a ciertos grupos que tengan en com\u00fan, una lucha por alguna forma de poder. No hay explicaci\u00f3n v\u00e1lida, no desde el contenido de los documentos b\u00e1sicos del PRI, para abanderar de manera coligada, con el PAN, una candidatura presidencial; siendo \u00e9sta, la m\u00e1s importante de todas las batallas electorales, el PRI al conjuntarse con el PAN, cual comparsa, se viste con el mismo traje: la derecha. Antihist\u00f3rico, absurdo.<span class=\"Apple-converted-space\">\u00a0<\/span><\/strong><\/span><\/p>\n<p class=\"p1\"><span style=\"font-size: 14pt;\"><b>Antihist\u00f3rico. <\/b>Contrario al m\u00e9todo hist\u00f3rico; que al evaluar un problema, no tiene en cuenta el factor hist\u00f3rico; que obstaculiza la evoluci\u00f3n hist\u00f3rica o no se ajusta a ella.<span class=\"Apple-converted-space\">\u00a0<\/span><\/span><\/p>\n<p class=\"p1\"><span style=\"font-size: 14pt;\"><b>Oportunismo. <\/b>Actitud de la persona que generalmente, en sociedad, se acomoda a las circunstancias para obtener provecho, subordinando, incluso, sus propios principios.<span class=\"Apple-converted-space\">\u00a0<\/span><\/span><\/p>\n<p class=\"p1\"><span style=\"font-size: 18pt;\"><strong>Bajo esas circunstancias, el PRI se asume como parte de la doctrina pol\u00edtica conservadora, contrario a su tendencia ideol\u00f3gica, que lo vincula a la corriente social-dem\u00f3crata de los partidos pol\u00edticos contempor\u00e1neos. Se vuelve inconcebible, que el PRI, en sus 94 a\u00f1os de haber transitado como un Partido Revolucionario de Centro Derecha &#8211; Centro Izquierda, se al\u00ede y se subordine a su adversario pol\u00edtico de casi 100 A\u00f1os. Por 78 a\u00f1os, el PAN fue opositor del PRI, por 12 a\u00f1os, el PRI fue opositor del PAN.<span class=\"Apple-converted-space\">\u00a0<\/span><\/strong><\/span><\/p>\n<p class=\"p1\"><span style=\"font-size: 14pt;\">En toda su historia, el PRI, siempre particip\u00f3 en las elecciones presidenciales con candidatos surgidos de sus filas. Habiendo una sola excepci\u00f3n, con Jose Antonio Meade, que lo impuso Pe\u00f1a Nieto; Meade, declarado por s\u00ed mismo, no-priista.<span class=\"Apple-converted-space\">\u00a0<\/span><\/span><\/p>\n<p>&nbsp;<\/p>\n<p class=\"p1\"><span style=\"font-size: 18pt; color: #139eca;\"><b>DIGNIDAD<\/b><\/span><\/p>\n<p class=\"p1\"><span style=\"font-size: 14pt;\">Significa que un individuo siente respeto por s\u00ed mismo y se valora al mismo tiempo, que es respetado y valorado. <b>Dignidad pol\u00edtica. <\/b>Esta reflexi\u00f3n alude a una determinada manera de comportarse, que deber\u00eda caracterizar la actuaci\u00f3n de los pol\u00edticos. Se dice que los pol\u00edticos, tienen dignidad, cuando sus acciones las llevan a la pr\u00e1ctica con grandeza y honor; con decoro.<span class=\"Apple-converted-space\">\u00a0<\/span><\/span><\/p>\n<p class=\"p1\"><span style=\"font-size: 18pt;\"><strong>Contin\u00fae Alejandro Moreno o no, como Presidente del CEN del PRI, para el periodo electoral del 2024, es indigno, que para entonces, a 95 a\u00f1os de haberse fundado dicho partido pol\u00edtico y siempre haber participado en todas, absolutamente todas, las elecciones presidenciales, con candidato surgido de sus filas y lo haga, ahora en una aberrante alianza con la derecha pol\u00edtica. Es la desverg\u00fcenza m\u00e1s ofensiva para lo que queda del PRI.<span class=\"Apple-converted-space\">\u00a0<\/span><\/strong><\/span><\/p>\n<p class=\"p1\"><span style=\"font-size: 14pt;\">Para junio del 2023, Alejandro Moreno, habr\u00e1 sumado 12 derrotas estatales, al frente del PRI; siendo la peor debacle pol\u00edtica en sus casi 100 a\u00f1os de existir el partido. El desorden y desconcierto que ha provocado Alejandro Moreno en el PRI lo tiene al borde de su desaparici\u00f3n, y si al caso, en presencia pol\u00edtica p\u00edrrica.<span class=\"Apple-converted-space\">\u00a0<\/span><\/span><\/p>\n<p class=\"p1\"><span style=\"font-size: 14pt;\">Al analizar que al PRI, PAN, PRD, ya se les enred\u00f3 la pita, es porque las movilizaciones ciudadanas, no son causa y efecto de sus liderazgos. El conglomerado ciudadano, de ambas concentraciones, no sabr\u00e1 para d\u00f3nde hacerse en el 2024. Al considerar que las movilizaciones ciudadanas de la oposici\u00f3n son una alianza entre diferentes grupos, organizaciones, redes y movimientos que se constituyen en una alianza colectiva y se asumen de forma corresponsable en actos de interlocuci\u00f3n pol\u00edtica para promover cambios en el sistema de gobierno actual y en virtud de que son esencialmente apartidistas, y dado que los candidatos de elecci\u00f3n popular s\u00f3lo son posibles mediante los partidos pol\u00edticos, y en consecuencia no pueden abanderar por s\u00ed mismas a esos candidatos, todos aquellos manifestantes de ambas concentraciones del 13 de noviembre del 2022 y el 26 de febrero del 2023, tendr\u00e1n que escoger entre la abstenci\u00f3n o por alguno de los candidatos que los partidos pol\u00edticos abanderen, lo que va en contra de sus anhelos demandantes pues en s\u00ed, se declaran apartidistas.<span class=\"Apple-converted-space\">\u00a0<\/span><\/span><\/p>\n<p class=\"p1\"><span style=\"font-size: 18pt;\"><strong>Se les enreda la pita al PRI, PAN y PRD, porque para atraer a la ciudadan\u00eda al comento y sin discusi\u00f3n alguna, tendr\u00edan que abanderar una candidatura ciudadana (no partidista); es decir, que no sea militante o dirigente de alguno de estos partidos. Como esto no va a suceder as\u00ed, esas movilizaciones sociales en las que se cargaron y camuflajearon; Marko Cort\u00e9s, Alejandro Moreno y Jes\u00fas Zambrano; es posible que muy poca trascendencia e influencia lleguen a tener en las elecciones del 2024.<span class=\"Apple-converted-space\">\u00a0 <\/span>Su influencia est\u00e1 en otro sentido, en otro campo de batalla. Todo al tiempo. <span class=\"Apple-converted-space\">\u00a0<\/span><\/strong><\/span><\/p>\n<p class=\"p1\"><span style=\"font-size: 14pt;\">A contrario sensu, las movilizaciones ciudadanas del 27 de noviembre de 2022 y la del 18 de marzo del 2023, s\u00ed son esencialmente partidistas, convocadas por el gobierno del presidente AMLO y por Morena, el punto es, que estas movilizaciones, seguramente tendr\u00e1n un efecto positivo en las elecciones del 2024, y otros de Morena y aliados. El Presidente AMLO, ha dado a conocer, que si los adversarios contin\u00faan convocando a marchas, \u00e9l, y Morena, seguir\u00e1n promoviendo otras que confronten y comparen, unas con otras. Esto tiene una raz\u00f3n pol\u00edtica poderosa de fuerza y estabilidad, por las cuales el gobierno, el Presidente, se hacen ver con sustento social. Situaciones necesarias para la garant\u00eda de estabilidad de un gobierno fortalecido y legitimado, as\u00ed como para las se\u00f1ales al resto del mundo, de un gobierno s\u00f3lidamente apoyado por la gente, mayoritariamente.<\/span><\/p>\n<p>&nbsp;<\/p>\n<hr \/>\n<p>&nbsp;<\/p>\n<p><strong><span style=\"font-size: 18pt;\">Correo: <span class=\"s1\"><a href=\"mailto:flormarcc2@gmail.com\">flormarcc2@gmail.com<\/a><\/span><\/span><\/strong><\/p>\n<p>&nbsp;<\/p>\n<p><img data-recalc-dims=\"1\" loading=\"lazy\" decoding=\"async\" class=\"aligncenter wp-image-14351\" src=\"https:\/\/i0.wp.com\/politicosaldesnudo.com.mx\/wp-content\/uploads\/2023\/01\/FIRMA-EDITORIAL-PD-300x37.png?resize=800%2C98&#038;ssl=1\" alt=\"\" width=\"800\" height=\"98\" srcset=\"https:\/\/i0.wp.com\/politicosaldesnudo.com.mx\/wp-content\/uploads\/2023\/01\/FIRMA-EDITORIAL-PD.png?resize=300%2C37&amp;ssl=1 300w, https:\/\/i0.wp.com\/politicosaldesnudo.com.mx\/wp-content\/uploads\/2023\/01\/FIRMA-EDITORIAL-PD.png?resize=1024%2C125&amp;ssl=1 1024w, https:\/\/i0.wp.com\/politicosaldesnudo.com.mx\/wp-content\/uploads\/2023\/01\/FIRMA-EDITORIAL-PD.png?resize=768%2C94&amp;ssl=1 768w, https:\/\/i0.wp.com\/politicosaldesnudo.com.mx\/wp-content\/uploads\/2023\/01\/FIRMA-EDITORIAL-PD.png?resize=1536%2C188&amp;ssl=1 1536w, https:\/\/i0.wp.com\/politicosaldesnudo.com.mx\/wp-content\/uploads\/2023\/01\/FIRMA-EDITORIAL-PD.png?resize=2048%2C250&amp;ssl=1 2048w, https:\/\/i0.wp.com\/politicosaldesnudo.com.mx\/wp-content\/uploads\/2023\/01\/FIRMA-EDITORIAL-PD.png?w=1600&amp;ssl=1 1600w, https:\/\/i0.wp.com\/politicosaldesnudo.com.mx\/wp-content\/uploads\/2023\/01\/FIRMA-EDITORIAL-PD.png?w=2400&amp;ssl=1 2400w\" sizes=\"auto, (max-width: 800px) 100vw, 800px\" \/><\/p>\n<p>&nbsp;<\/p>\n<p>&nbsp;<\/p>\n<p>&nbsp;<\/p>\n<p>&nbsp;<\/p>\n<p>&nbsp;<\/p>\n<p>&nbsp;<\/p>\n<p>&nbsp;<\/p>\n","protected":false},"excerpt":{"rendered":"<p>&nbsp; Por Carlos O. Silva Bandala La pregunta con la que se inicia este mini ensayo pol\u00edtico es: \u00bfQu\u00e9 tanto<\/p>\n","protected":false},"author":4,"featured_media":11705,"comment_status":"closed","ping_status":"closed","sticky":false,"template":"","format":"standard","meta":{"colormag_page_container_layout":"default_layout","colormag_page_sidebar_layout":"default_layout","_jetpack_memberships_contains_paid_content":false,"footnotes":"","jetpack_publicize_message":"","jetpack_publicize_feature_enabled":true,"jetpack_social_post_already_shared":false,"jetpack_social_options":{"image_generator_settings":{"template":"highway","default_image_id":0,"font":"","enabled":false},"version":2}},"categories":[26],"tags":[447,2373,930,63,103,2167,318,283,226,1418],"class_list":["post-17170","post","type-post","status-publish","format-standard","has-post-thumbnail","hentry","category-columnistas","tag-alejandro-moreno","tag-marchas","tag-marko-cortes","tag-morena","tag-pan","tag-plan-b","tag-prd","tag-presidente","tag-pri","tag-scnj"],"jetpack_publicize_connections":[],"jetpack_featured_media_url":"https:\/\/i0.wp.com\/politicosaldesnudo.com.mx\/wp-content\/uploads\/2022\/10\/CARLOS-O.-SILVA-BANDALA.png?fit=1816%2C1016&ssl=1","jetpack-related-posts":[],"jetpack_sharing_enabled":true,"_links":{"self":[{"href":"https:\/\/politicosaldesnudo.com.mx\/index.php\/wp-json\/wp\/v2\/posts\/17170","targetHints":{"allow":["GET"]}}],"collection":[{"href":"https:\/\/politicosaldesnudo.com.mx\/index.php\/wp-json\/wp\/v2\/posts"}],"about":[{"href":"https:\/\/politicosaldesnudo.com.mx\/index.php\/wp-json\/wp\/v2\/types\/post"}],"author":[{"embeddable":true,"href":"https:\/\/politicosaldesnudo.com.mx\/index.php\/wp-json\/wp\/v2\/users\/4"}],"replies":[{"embeddable":true,"href":"https:\/\/politicosaldesnudo.com.mx\/index.php\/wp-json\/wp\/v2\/comments?post=17170"}],"version-history":[{"count":0,"href":"https:\/\/politicosaldesnudo.com.mx\/index.php\/wp-json\/wp\/v2\/posts\/17170\/revisions"}],"wp:featuredmedia":[{"embeddable":true,"href":"https:\/\/politicosaldesnudo.com.mx\/index.php\/wp-json\/wp\/v2\/media\/11705"}],"wp:attachment":[{"href":"https:\/\/politicosaldesnudo.com.mx\/index.php\/wp-json\/wp\/v2\/media?parent=17170"}],"wp:term":[{"taxonomy":"category","embeddable":true,"href":"https:\/\/politicosaldesnudo.com.mx\/index.php\/wp-json\/wp\/v2\/categories?post=17170"},{"taxonomy":"post_tag","embeddable":true,"href":"https:\/\/politicosaldesnudo.com.mx\/index.php\/wp-json\/wp\/v2\/tags?post=17170"}],"curies":[{"name":"wp","href":"https:\/\/api.w.org\/{rel}","templated":true}]}}