{"id":17175,"date":"2023-03-13T00:30:08","date_gmt":"2023-03-13T06:30:08","guid":{"rendered":"https:\/\/politicosaldesnudo.com.mx\/?p=17175"},"modified":"2023-03-12T23:21:04","modified_gmt":"2023-03-13T05:21:04","slug":"nostalgia-por-la-ignorancia-politica-2","status":"publish","type":"post","link":"https:\/\/politicosaldesnudo.com.mx\/index.php\/2023\/03\/13\/nostalgia-por-la-ignorancia-politica-2\/","title":{"rendered":"Nostalgia por la ignorancia pol\u00edtica"},"content":{"rendered":"<p class=\"p1\">\n<p>&nbsp;<\/p>\n<p class=\"p1\"><span style=\"font-size: 18pt;\"><b>Por \u00c1ngel \u00c1lvaro Pe\u00f1a<\/b><\/span><\/p>\n<p class=\"p1\"><span style=\"font-size: 14pt;\">El ejercicio pol\u00edtico, la discusi\u00f3n de las ideas, el debate en la casa, la calle y el caf\u00e9 estaba pr\u00e1cticamente prohibido en M\u00e9xico. La represi\u00f3n que se ejerc\u00eda contra quienes intentaban llegar al mundo de la pol\u00edtica era castigado hasta con c\u00e1rcel, por quienes ahora se denominan dem\u00f3cratas.<\/span><\/p>\n<p class=\"p1\"><span style=\"font-size: 18pt;\"><strong>La falta de costumbre de que las ideas pol\u00edticas se ventilen en todos lados, algunos nost\u00e1lgicos del pasado le llaman polarizaci\u00f3n. Como su sorpresa es tan grande al ver que la pol\u00edtica est\u00e1 al alcance de todos no saben c\u00f3mo interpretar el presente porque nunca entendieron el pasado, menos a\u00fan para aquellos que muestran un total desconocimiento de la historia.<\/strong><\/span><\/p>\n<p class=\"p1\"><span style=\"font-size: 18pt;\"><strong>Habituados a que anteriormente un solo partido, ahora en decadencia, ganaba, por las buenas o por las malas, las elecciones. Con la inercia del mandato centralizado en el Poder Ejecutivo que lo mismo dominaba al Poder Judicial que el Legislativo, la nueva era de la pol\u00edtica les muestra que nunca supieron nada y que s\u00f3lo obedec\u00eda. La rutina es para los mediocres el mejor camino de la vida porque as\u00ed no deben pensar ni trabajar, simplemente se vive del erario, se roba lo que se puede y todo mundo feliz.<\/strong><\/span><\/p>\n<p class=\"p1\"><span style=\"font-size: 14pt;\">La pr\u00e1ctica pol\u00edtica es resultado de un aprendizaje social que se muestra todos los d\u00edas en M\u00e9xico en todos sus habitantes, esto quieren desconocerlo quienes cierran los ojos a la realidad y s\u00f3lo viven en el pasado.<\/span><\/p>\n<p class=\"p1\"><span style=\"font-size: 14pt;\">Pero antes de que los h\u00e1bitos se convirtieran en vicios, llega la opci\u00f3n que escogi\u00f3 la poblaci\u00f3n de participar activamente en pol\u00edtica, m\u00e1s all\u00e1 del limitado espacio que se circunscrib\u00eda a las urnas. La clase media entendi\u00f3 que debe salir a la calle, pero no para confrontarse con otros sino para mostrarse como una fuerza diversa y dispersa. La marcha no defend\u00eda al INE ni atacaba al Plan B electoral, lo que los un\u00eda era el rechazo al gobierno de L\u00f3pez Obrador, y en esa circunstancia debe ser tomado en cuenta. Lo dem\u00e1s es pura vanidad.<\/span><\/p>\n<p class=\"p1\"><span style=\"font-size: 18pt; color: #139eca;\"><strong>Los mexicanos no est\u00e1n divididos, tampoco enfrentados, muchos menos polarizados. En las calles no se ven y se insultan unos y otros, a pesar de que los conservadores mantienen una carga importante de odio y resentimiento. Los mexicanos siguen celebrando juntos la Navidad, el 15 de septiembre, hasta la llegada de la primavera juntos. Los hijos de quienes piensan diferente van a la misma escuela.<\/strong><\/span><\/p>\n<p class=\"p1\"><span style=\"font-size: 14pt;\">Los conservadores no conocen la represi\u00f3n en carne propia por eso la provocan, menos a\u00fan saben lo que es en realidad una sociedad polarizada por eso la evocan, ellos creen que exagerando el estado de la realidad social van a desgastar al gobierno. Al contrario, lo fortalecen por la fragilidad de sus posturas y la ingenuidad de sus intenciones, producto de la falta de experiencia en el ejercicio pol\u00edtico. Incluso falta de cultura pol\u00edtica, porque de conocerse, aunque sea en la teor\u00eda, la actual situaci\u00f3n del pa\u00eds no la ver\u00edan como polarizaci\u00f3n sino como una toma de conciencia donde cada quien toma su lugar en la historia.<\/span><\/p>\n<p class=\"p1\"><span style=\"font-size: 18pt;\"><strong>Debemos entender que el conocimiento de la pol\u00edtica mexicana fue secuestrado por los propios pol\u00edticos del antiguo r\u00e9gimen, con la ayuda de los medios de informaci\u00f3n que daban a conocer lo que consideraban era propio para menores de edad, sin que descubrieran el verdadero rostro de las administraciones ahogadas en la corrupci\u00f3n. En el pasado se impon\u00edan frases, como \u201chablar de pol\u00edtica es una historia sin fin\u201d, o, \u201ctodos los pol\u00edticos son iguales\u201d, o \u201cde pol\u00edtica y religi\u00f3n nunca hay acuerdo\u201d, o \u201cla pol\u00edtica es cosa de hombres\u201d, etc.<\/strong><\/span><\/p>\n<p class=\"p1\"><span style=\"font-size: 14pt;\">Es decir, la participaci\u00f3n pol\u00edtica era un ejercicio para iluminados, ya hora que se adopta una postura definida en medio de familias, grupos de trabajo, gremios, etc., le llaman ingenuamente polarizaci\u00f3n.<\/span><\/p>\n<p class=\"p1\"><span style=\"font-size: 18pt;\"><strong>En el M\u00e9xico de hoy debe haber s\u00f3lo delincuentes que deben ser castigados y justicia, pero encontramos que hay jueces que est\u00e1n en subasta y delincuentes que se amparan en el fuero o el cargo p\u00fablico para alcanzar la impunidad.<\/strong><\/span><\/p>\n<p class=\"p1\"><span style=\"font-size: 14pt;\">Aunque haya gente que diga que al Presidente las cosas le salen mal, el resentimiento de los opositores dice lo contrario, porque la econom\u00eda, el empleo, el peso, las obras p\u00fablicas van muy bien y Morena en las urnas va en caballo de hacienda para ganar las dos gubernaturas el 4 de junio del Estado de M\u00e9xico y Coahuila. Quien equivoca la estrategia y las t\u00e1cticas es la oposici\u00f3n, no el gobierno.<\/span><\/p>\n<p><img data-recalc-dims=\"1\" loading=\"lazy\" decoding=\"async\" class=\"aligncenter wp-image-17177 size-large\" src=\"https:\/\/i0.wp.com\/politicosaldesnudo.com.mx\/wp-content\/uploads\/2023\/03\/P-INE-POLARIZACION-1024x573.png?resize=800%2C448&#038;ssl=1\" alt=\"\" width=\"800\" height=\"448\" srcset=\"https:\/\/i0.wp.com\/politicosaldesnudo.com.mx\/wp-content\/uploads\/2023\/03\/P-INE-POLARIZACION.png?resize=1024%2C573&amp;ssl=1 1024w, https:\/\/i0.wp.com\/politicosaldesnudo.com.mx\/wp-content\/uploads\/2023\/03\/P-INE-POLARIZACION.png?resize=300%2C168&amp;ssl=1 300w, https:\/\/i0.wp.com\/politicosaldesnudo.com.mx\/wp-content\/uploads\/2023\/03\/P-INE-POLARIZACION.png?resize=768%2C430&amp;ssl=1 768w, https:\/\/i0.wp.com\/politicosaldesnudo.com.mx\/wp-content\/uploads\/2023\/03\/P-INE-POLARIZACION.png?resize=1536%2C859&amp;ssl=1 1536w, https:\/\/i0.wp.com\/politicosaldesnudo.com.mx\/wp-content\/uploads\/2023\/03\/P-INE-POLARIZACION.png?w=1816&amp;ssl=1 1816w, https:\/\/i0.wp.com\/politicosaldesnudo.com.mx\/wp-content\/uploads\/2023\/03\/P-INE-POLARIZACION.png?w=1600&amp;ssl=1 1600w\" sizes=\"auto, (max-width: 800px) 100vw, 800px\" \/><\/p>\n<p>&nbsp;<\/p>\n<p class=\"p1\"><span style=\"font-size: 18pt; color: #139eca;\"><b>LA PEQUE\u00d1A OPOSICI\u00d3N<span class=\"Apple-converted-space\">\u00a0<\/span><\/b><\/span><\/p>\n<p class=\"p1\"><span style=\"font-size: 18pt;\"><strong>La oposici\u00f3n en los \u00faltimos cuatro a\u00f1os ha dado bandazos que intentan burlar la memoria de los mexicanos. Votan contra las pensiones para adultos mayores y se dicen defensores del pueblo; votan por el feminismo, y les proh\u00edben a las mujeres mandar sobre su propio cuerpo. Los panistas denuncian feminicidios y es uno de los partidos donde hay m\u00e1s hombres que maltratan mujeres, ah\u00ed est\u00e1 Javier Lozano, quien oculta que su hijo es un violador; Enrique Vargas, el tambi\u00e9n panista que le peg\u00f3 a su t\u00eda; Gabriel Quadri, quien fue obligado a ofrecer una disculpa p\u00fablica a una legisladora por decirle se\u00f1or; el senador Ismael Cabeza de Vaca, que fue sorprendido y denunciado por perseguir a la menor de edad Fernanda Moreno, para mantener intimidad en 2018; el diputado local del PAN, Ricardo Rubio, acusado de golpear a su esposa, etc.<\/strong><\/span><\/p>\n<p class=\"p1\"><span style=\"font-size: 14pt;\">El 6 de marzo de 2013, el PAN fue denunciado por la ex secretaria de Educaci\u00f3n, Josefina V\u00e1zquez Mota, y por las militantes de ser una fuerza pol\u00edtica que se resiste a abrir espacios a las mujeres.<\/span><\/p>\n<p class=\"p1\"><span style=\"font-size: 14pt;\">Pero aqu\u00ed no acaba el discurso que los exhibe como traidores a la patria. Sistem\u00e1ticamente se resistieron los panistas a la presencia de la Guardia Nacional en las calles y carreteras del pa\u00eds, votaron en congresos locales, la C\u00e1mara de Diputados y el senado contra esta estrategia de seguridad; ahora se desgarran las vestiduras para que militares de Estados Unidos entren a territorio nacional armados, tr\u00e1tese de polic\u00edas, agentes o militares, lo cual habla de la nula capacidad nacionalista de estos opositores que parecieran haber nacido en el pa\u00eds equivocado.<\/span><\/p>\n<p class=\"p1\"><span style=\"font-size: 14pt;\">Los opositores defienden m\u00e1s a 4 ciudadanos estadunidenses, tres de ellos con antecedentes penales, que a los migrantes mexicanos que meren en su intento por una vida mejor en el vecino del norte. Es con ese pretexto que se convierten en un puente para los militares estadounidenses en territorio mexicano.<\/span><\/p>\n<p class=\"p1\"><span style=\"font-size: 18pt;\"><strong>En varias ocasiones fueron nombrados los opositores como traidores a la patria, desde el momento en que se negaron a darle a la CFE el control de la energ\u00eda el\u00e9ctrica, apoyando abiertamente a empresas que han encarecido este servicio en pa\u00edses como Espa\u00f1a donde los usuarios deben pagar tarifas alt\u00edsimas.<\/strong><\/span><\/p>\n<p class=\"p1\"><span style=\"font-size: 14pt;\">En la Constituci\u00f3n Mexicana la pena de muerte qued\u00f3 abolida el 5 de diciembre de 2005 por Vicente Fox. En el art\u00edculo 22 se plasmaba que eran acreedores de la pena de muerte los traidores a la patria, en tiempos de guerra.<\/span><\/p>\n<p class=\"p1\"><span style=\"font-size: 14pt;\">Los opositores son capaces de quemar su casa por ver arder la del vecino, porque ellos no tienen casa, ni nacionalidad, ni bandera, ni identidad. Su patria es el dinero y su ideolog\u00eda los privilegios.<\/span><\/p>\n<p class=\"p1\"><span style=\"font-size: 18pt;\"><strong>En M\u00e9xico hay contrincantes que pueden definirse entre quienes defiende al actual gobierno, quienes no lo defienden y quienes desde la trinchera del pasado cometieron il\u00edcitos en la administraci\u00f3n p\u00fablica y se escudaron en sus cargos impunemente.<\/strong><\/span><\/p>\n<p>&nbsp;<\/p>\n<p class=\"p1\"><span style=\"font-size: 18pt; color: #139eca;\"><b>PEGA Y CORRE<\/b><\/span><\/p>\n<p class=\"p1\"><span style=\"font-size: 14pt;\">El secretario general de la OPEP, Haitham Al Ghais, visit\u00f3 M\u00e9xico y asegur\u00f3 que las pol\u00edticas energ\u00e9ticas que M\u00e9xico est\u00e1 implementando, principalmente por la construcci\u00f3n de la refiner\u00eda de Dos Bocas, en Tabasco, no s\u00f3lo el beneficio al pa\u00eds, sino tambi\u00e9n va a contribuir con la seguridad energ\u00e9tica del mundo.<\/span><\/p>\n<p>&nbsp;<\/p>\n<p><em><span style=\"font-size: 18pt;\"><strong>Esta columna se publica los lunes, mi\u00e9rcoles y viernes<\/strong><\/span><\/em><\/p>\n<p>&nbsp;<\/p>\n<hr \/>\n<p>&nbsp;<\/p>\n<p><img data-recalc-dims=\"1\" loading=\"lazy\" decoding=\"async\" class=\"aligncenter wp-image-14351\" src=\"https:\/\/i0.wp.com\/politicosaldesnudo.com.mx\/wp-content\/uploads\/2023\/01\/FIRMA-EDITORIAL-PD-300x37.png?resize=800%2C98&#038;ssl=1\" alt=\"\" width=\"800\" height=\"98\" srcset=\"https:\/\/i0.wp.com\/politicosaldesnudo.com.mx\/wp-content\/uploads\/2023\/01\/FIRMA-EDITORIAL-PD.png?resize=300%2C37&amp;ssl=1 300w, https:\/\/i0.wp.com\/politicosaldesnudo.com.mx\/wp-content\/uploads\/2023\/01\/FIRMA-EDITORIAL-PD.png?resize=1024%2C125&amp;ssl=1 1024w, https:\/\/i0.wp.com\/politicosaldesnudo.com.mx\/wp-content\/uploads\/2023\/01\/FIRMA-EDITORIAL-PD.png?resize=768%2C94&amp;ssl=1 768w, https:\/\/i0.wp.com\/politicosaldesnudo.com.mx\/wp-content\/uploads\/2023\/01\/FIRMA-EDITORIAL-PD.png?resize=1536%2C188&amp;ssl=1 1536w, https:\/\/i0.wp.com\/politicosaldesnudo.com.mx\/wp-content\/uploads\/2023\/01\/FIRMA-EDITORIAL-PD.png?resize=2048%2C250&amp;ssl=1 2048w, https:\/\/i0.wp.com\/politicosaldesnudo.com.mx\/wp-content\/uploads\/2023\/01\/FIRMA-EDITORIAL-PD.png?w=1600&amp;ssl=1 1600w, https:\/\/i0.wp.com\/politicosaldesnudo.com.mx\/wp-content\/uploads\/2023\/01\/FIRMA-EDITORIAL-PD.png?w=2400&amp;ssl=1 2400w\" sizes=\"auto, (max-width: 800px) 100vw, 800px\" \/><\/p>\n<p>&nbsp;<\/p>\n<p>&nbsp;<\/p>\n<p>&nbsp;<\/p>\n<p>&nbsp;<\/p>\n","protected":false},"excerpt":{"rendered":"<p>&nbsp; Por \u00c1ngel \u00c1lvaro Pe\u00f1a El ejercicio pol\u00edtico, la discusi\u00f3n de las ideas, el debate en la casa, la calle<\/p>\n","protected":false},"author":4,"featured_media":3775,"comment_status":"closed","ping_status":"closed","sticky":false,"template":"","format":"standard","meta":{"colormag_page_container_layout":"default_layout","colormag_page_sidebar_layout":"default_layout","_jetpack_memberships_contains_paid_content":false,"footnotes":"","jetpack_publicize_message":"","jetpack_publicize_feature_enabled":true,"jetpack_social_post_already_shared":false,"jetpack_social_options":{"image_generator_settings":{"template":"highway","default_image_id":0,"font":"","enabled":false},"version":2}},"categories":[26],"tags":[42,63,452,103,2374],"class_list":["post-17175","post","type-post","status-publish","format-standard","has-post-thumbnail","hentry","category-columnistas","tag-mexico","tag-morena","tag-oposicion","tag-pan","tag-polarizacion"],"jetpack_publicize_connections":[],"jetpack_featured_media_url":"https:\/\/i0.wp.com\/politicosaldesnudo.com.mx\/wp-content\/uploads\/2022\/04\/A%CC%81NGEL-A%CC%81LVARO-PEN%CC%83A1.png?fit=1816%2C1016&ssl=1","jetpack-related-posts":[],"jetpack_sharing_enabled":true,"_links":{"self":[{"href":"https:\/\/politicosaldesnudo.com.mx\/index.php\/wp-json\/wp\/v2\/posts\/17175","targetHints":{"allow":["GET"]}}],"collection":[{"href":"https:\/\/politicosaldesnudo.com.mx\/index.php\/wp-json\/wp\/v2\/posts"}],"about":[{"href":"https:\/\/politicosaldesnudo.com.mx\/index.php\/wp-json\/wp\/v2\/types\/post"}],"author":[{"embeddable":true,"href":"https:\/\/politicosaldesnudo.com.mx\/index.php\/wp-json\/wp\/v2\/users\/4"}],"replies":[{"embeddable":true,"href":"https:\/\/politicosaldesnudo.com.mx\/index.php\/wp-json\/wp\/v2\/comments?post=17175"}],"version-history":[{"count":0,"href":"https:\/\/politicosaldesnudo.com.mx\/index.php\/wp-json\/wp\/v2\/posts\/17175\/revisions"}],"wp:featuredmedia":[{"embeddable":true,"href":"https:\/\/politicosaldesnudo.com.mx\/index.php\/wp-json\/wp\/v2\/media\/3775"}],"wp:attachment":[{"href":"https:\/\/politicosaldesnudo.com.mx\/index.php\/wp-json\/wp\/v2\/media?parent=17175"}],"wp:term":[{"taxonomy":"category","embeddable":true,"href":"https:\/\/politicosaldesnudo.com.mx\/index.php\/wp-json\/wp\/v2\/categories?post=17175"},{"taxonomy":"post_tag","embeddable":true,"href":"https:\/\/politicosaldesnudo.com.mx\/index.php\/wp-json\/wp\/v2\/tags?post=17175"}],"curies":[{"name":"wp","href":"https:\/\/api.w.org\/{rel}","templated":true}]}}