{"id":17180,"date":"2023-03-13T00:35:17","date_gmt":"2023-03-13T06:35:17","guid":{"rendered":"https:\/\/politicosaldesnudo.com.mx\/?p=17180"},"modified":"2023-03-13T12:18:57","modified_gmt":"2023-03-13T18:18:57","slug":"monreal-y-dante-al-rescate-de-franco-castan-a-dos-anos-de-injusticia","status":"publish","type":"post","link":"https:\/\/politicosaldesnudo.com.mx\/index.php\/2023\/03\/13\/monreal-y-dante-al-rescate-de-franco-castan-a-dos-anos-de-injusticia\/","title":{"rendered":"Monreal y Dante al rescate de Franco Cast\u00e1n, a dos a\u00f1os de injusticia"},"content":{"rendered":"<p>&nbsp;<\/p>\n<p class=\"p1\" style=\"text-align: center;\"><span style=\"font-size: 18pt;\"><b>&lt;&lt; La detenci\u00f3n arbitraria de ultrajes a la autoridad s\u00f3lo muestra el grado de autoritarismo que impera en Veracruz &gt;&gt;<\/b><\/span><\/p>\n<p>&nbsp;<\/p>\n<p>&nbsp;<\/p>\n<p class=\"p1\"><span style=\"font-size: 18pt;\"><b>Por \u00c1ngel \u00c1lvaro Pe\u00f1a<\/b><\/span><\/p>\n<p class=\"p1\"><span style=\"font-size: 18pt; color: #139eca;\"><strong>Hoy cumple dos a\u00f1os en la c\u00e1rcel el exsecretario de Gobierno de Veracruz, Rogelio Franco Cast\u00e1n, quien fue detenido por elementos de la Fiscal\u00eda General estatal, el 13 de marzo de 2021, por el delito de ultrajes a la autoridad.<\/strong><\/span><\/p>\n<p class=\"p1\"><span style=\"font-size: 14pt;\">A la fecha no tiene juicio, las audiencias se aplazan indefinidamente y contin\u00faa purgando un delito desconocido por el ex dirigente del PRD estatal de Veracruz.<\/span><\/p>\n<p class=\"p1\"><span style=\"font-size: 18pt;\"><strong>Desde que el gobierno estatal jugaba con la libertad de cientos de veracruzanos, dos senadores salieron a la defensa de la justicia, m\u00e1s all\u00e1 de la filiaci\u00f3n partidista y de las consignas pol\u00edticas, Ricardo Monreal, de Morena, y Dante Delgado, de Movimiento Ciudadano.<\/strong><\/span><\/p>\n<p class=\"p1\"><span style=\"font-size: 14pt;\">Juntos han encabezado la lucha por la liberaci\u00f3n de las personas encarceladas por el injusto y autoritario delito de ultrajes a la autoridad, en alg\u00fan momento tanto Dante como Monreal denunciaron la violaci\u00f3n a los derechos humanos que implica este delito y se comprometieron a liberar a todos los que fueron encarcelados por esa herramienta de represi\u00f3n pol\u00edtica. Los familiares de los presos por este motivo conf\u00edan en las gestiones y denuncias que puedan hacer estos senadores que coinciden en la exigencia de su liberaci\u00f3n. M\u00e1s a\u00fan, trat\u00e1ndose de un compa\u00f1ero legislador, que, m\u00e1s all\u00e1 de las diferencias de colores y consignas pol\u00edticas, mantienen lazos de hermandad. La confrontaci\u00f3n parlamentaria sirve para afianzar los ideales de quienes defienden diferentes causas y no para crear enemigos.<\/span><\/p>\n<p>&nbsp;<\/p>\n<p class=\"p1\"><span style=\"font-size: 18pt; color: #139eca;\"><b>MONREAL Y DANTE<\/b><\/span><\/p>\n<p class=\"p1\"><span style=\"font-size: 18pt;\"><strong>En el caso de Monreal logr\u00f3 que seis j\u00f3venes que hab\u00edan sido detenidos acusados de secuestro, fueran liberados luego de que se comprob\u00f3 su inocencia y s\u00f3lo quedaba vivo el delito de ultrajes a la autoridad, ahora va por la liberaci\u00f3n de todos los que por este motivo siguen encarcelados, entre ellos Rogelio Franco.<\/strong><\/span><\/p>\n<p>&nbsp;<\/p>\n<p><img data-recalc-dims=\"1\" loading=\"lazy\" decoding=\"async\" class=\"aligncenter wp-image-17183 size-large\" src=\"https:\/\/i0.wp.com\/politicosaldesnudo.com.mx\/wp-content\/uploads\/2023\/03\/P-FRANCO-CASTAN-2-1024x573.png?resize=800%2C448&#038;ssl=1\" alt=\"\" width=\"800\" height=\"448\" srcset=\"https:\/\/i0.wp.com\/politicosaldesnudo.com.mx\/wp-content\/uploads\/2023\/03\/P-FRANCO-CASTAN-2.png?resize=1024%2C573&amp;ssl=1 1024w, https:\/\/i0.wp.com\/politicosaldesnudo.com.mx\/wp-content\/uploads\/2023\/03\/P-FRANCO-CASTAN-2.png?resize=300%2C168&amp;ssl=1 300w, https:\/\/i0.wp.com\/politicosaldesnudo.com.mx\/wp-content\/uploads\/2023\/03\/P-FRANCO-CASTAN-2.png?resize=768%2C430&amp;ssl=1 768w, https:\/\/i0.wp.com\/politicosaldesnudo.com.mx\/wp-content\/uploads\/2023\/03\/P-FRANCO-CASTAN-2.png?resize=1536%2C859&amp;ssl=1 1536w, https:\/\/i0.wp.com\/politicosaldesnudo.com.mx\/wp-content\/uploads\/2023\/03\/P-FRANCO-CASTAN-2.png?w=1816&amp;ssl=1 1816w, https:\/\/i0.wp.com\/politicosaldesnudo.com.mx\/wp-content\/uploads\/2023\/03\/P-FRANCO-CASTAN-2.png?w=1600&amp;ssl=1 1600w\" sizes=\"auto, (max-width: 800px) 100vw, 800px\" \/><\/p>\n<p>&nbsp;<\/p>\n<p class=\"p1\"><span style=\"font-size: 18pt;\"><strong>En el caso de Dante Delgado, sabe lo que significa un injusto encierro en la c\u00e1rcel, por motivos pol\u00edticos y como parte la persecuci\u00f3n de los enemigos que quisieron que pagara por un delito del que era inocente seg\u00fan se comprob\u00f3 finalmente. Ha sido uno de los mejores gobernadores de la entidad, se ha ganado el aprecio de los veracruzanos.<\/strong><\/span><\/p>\n<p class=\"p1\"><span style=\"font-size: 14pt;\">Es por es lo que tanto uno como otro toman esta bandera para impulsar la justicia, sin importar si les beneficia o perjudica enfrentar a los implicados en el encarcelamiento ilegal.<\/span><\/p>\n<p class=\"p1\"><span style=\"font-size: 14pt;\">Aunque en este proceso constante de represi\u00f3n quienes ahora est\u00e1n presos pueden considerarse afortunados ya que hubo enemigos pol\u00edticos de algunos poderosos que fueron eliminados. En los \u00faltimos cinco a\u00f1os candidatos, pol\u00edtico y ex funcionarios p\u00fablicos han sido asesinados, de tal suerte que ante el autoritarismo estar preso es ganancia.<\/span><\/p>\n<p class=\"p1\"><span style=\"font-size: 18pt; color: #139eca;\"><strong>Tanto Ricardo Monreal como Dante Delgado est\u00e1n en un momento de fortalecimiento social sin precedente que pueden llevarlos a, uno a la candidatura a la Presidencia de la Rep\u00fablica y a otro, a la de la gubernatura de Veracruz, el paso que dan es un riesgo que corren en nombre de la justicia y la legalidad.<\/strong><\/span><\/p>\n<p class=\"p1\"><span style=\"font-size: 14pt;\">Desde el momento mismo de la detenci\u00f3n de Rogelio Franco, hubo una serie de arbitrariedades que tienen que ver con la violaci\u00f3n a sus derechos elementales. Se le invent\u00f3 que hab\u00eda agredido a un polic\u00eda a grado <span style=\"font-size: 18pt;\">tal<\/span> que le rompiera la camisola al uniformado, cuando hay videos de la detenci\u00f3n donde se hace evidente que actu\u00f3 de manera pac\u00edfica.<\/span><\/p>\n<p class=\"p1\"><span style=\"font-size: 18pt;\"><strong>El asunto ha llegado a politizarse de tal manera que trascendi\u00f3 las fronteras del estado ya que en el momento de ser detenido por una ley que hab\u00eda sido derogada a\u00f1os antes y que pareciera haberse vuelto a la vigencia para detenerlo, de tal suerte que se le llam\u00f3 Ley Franco, al delito de ultrajes a la autoridad.<\/strong><\/span><\/p>\n<p>&nbsp;<\/p>\n<p><img data-recalc-dims=\"1\" loading=\"lazy\" decoding=\"async\" class=\"aligncenter wp-image-17184 size-large\" src=\"https:\/\/i0.wp.com\/politicosaldesnudo.com.mx\/wp-content\/uploads\/2023\/03\/P-FRANCO-CASTAN-3-1024x573.png?resize=800%2C448&#038;ssl=1\" alt=\"\" width=\"800\" height=\"448\" srcset=\"https:\/\/i0.wp.com\/politicosaldesnudo.com.mx\/wp-content\/uploads\/2023\/03\/P-FRANCO-CASTAN-3.png?resize=1024%2C573&amp;ssl=1 1024w, https:\/\/i0.wp.com\/politicosaldesnudo.com.mx\/wp-content\/uploads\/2023\/03\/P-FRANCO-CASTAN-3.png?resize=300%2C168&amp;ssl=1 300w, https:\/\/i0.wp.com\/politicosaldesnudo.com.mx\/wp-content\/uploads\/2023\/03\/P-FRANCO-CASTAN-3.png?resize=768%2C430&amp;ssl=1 768w, https:\/\/i0.wp.com\/politicosaldesnudo.com.mx\/wp-content\/uploads\/2023\/03\/P-FRANCO-CASTAN-3.png?resize=1536%2C859&amp;ssl=1 1536w, https:\/\/i0.wp.com\/politicosaldesnudo.com.mx\/wp-content\/uploads\/2023\/03\/P-FRANCO-CASTAN-3.png?w=1816&amp;ssl=1 1816w, https:\/\/i0.wp.com\/politicosaldesnudo.com.mx\/wp-content\/uploads\/2023\/03\/P-FRANCO-CASTAN-3.png?w=1600&amp;ssl=1 1600w\" sizes=\"auto, (max-width: 800px) 100vw, 800px\" \/><\/p>\n<p>&nbsp;<\/p>\n<p class=\"p1\"><span style=\"font-size: 18pt;\"><strong>Se cuestion\u00f3 que esta detenci\u00f3n se realice dos d\u00edas despu\u00e9s de que el partido de Morena presentara ante el OPLE de Veracruz una queja en contra de la candidatura de Rogelio Franco, quien contender\u00e1 por una diputaci\u00f3n federal de representaci\u00f3n proporcional por parte de este instituto pol\u00edtico.<\/strong><\/span><\/p>\n<p class=\"p1\"><span style=\"font-size: 18pt; color: #139eca;\"><strong>Rogelio Franco tom\u00f3 posesi\u00f3n como diputado federal el 29 de agosto de 2021, desde el Cereso de La Toma, en Amatl\u00e1n, Veracruz, donde se encuentra recluido desde esa fecha.<\/strong><\/span><\/p>\n<p>&nbsp;<\/p>\n<p>&nbsp;<\/p>\n<p class=\"p1\"><span style=\"font-size: 18pt; color: #139eca;\"><b>COMPA\u00d1ERO OLVIDADO POR AMLO<\/b><\/span><\/p>\n<p class=\"p1\"><span style=\"font-size: 18pt;\"><strong>Franco Cast\u00e1n envi\u00f3 una carta al presidente de la Mesa de Decanos, Augusto G\u00f3mez Villanueva, para garantizar el pleno ejercicio de sus derechos pol\u00edticos. As\u00ed, cuando se llam\u00f3 a cada uno de los legisladores para elegir a la Mesa Directiva para el primer a\u00f1o de la 65 Legislatura, se cant\u00f3 el nombre de Franco Cast\u00e1n para que votara.<\/strong><\/span><\/p>\n<p class=\"p1\"><span style=\"font-size: 18pt; color: #139eca;\"><strong>Rogelio Franco Cast\u00e1n fue compa\u00f1ero de Andr\u00e9s Manuel L\u00f3pez Obrador, cuando \u00e9ste encabezaba ese partido, lo acompa\u00f1\u00f3 en diferentes jornadas de lucha y estuvo presente en el cierre de Avenida Reforma en 2006, cuando se exig\u00eda voto por voto, casilla por casilla ante el fraude electoral de Felipe Calder\u00f3n Hinojosa.<\/strong><\/span><\/p>\n<p class=\"p1\"><span style=\"font-size: 14pt;\">Es decir, el Presidente de la Rep\u00fablica sabe perfectamente qui\u00e9n es Rogelio Franco, probablemente por eso protege las decisiones injustas del gobernador de la entidad al mantenerlo de manera artificial e injusta preso.<\/span><\/p>\n<p>&nbsp;<\/p>\n<p><img data-recalc-dims=\"1\" loading=\"lazy\" decoding=\"async\" class=\"aligncenter wp-image-17182 size-large\" src=\"https:\/\/i0.wp.com\/politicosaldesnudo.com.mx\/wp-content\/uploads\/2023\/03\/P-FRANCO-CASTAN-1-1024x573.png?resize=800%2C448&#038;ssl=1\" alt=\"\" width=\"800\" height=\"448\" srcset=\"https:\/\/i0.wp.com\/politicosaldesnudo.com.mx\/wp-content\/uploads\/2023\/03\/P-FRANCO-CASTAN-1.png?resize=1024%2C573&amp;ssl=1 1024w, https:\/\/i0.wp.com\/politicosaldesnudo.com.mx\/wp-content\/uploads\/2023\/03\/P-FRANCO-CASTAN-1.png?resize=300%2C168&amp;ssl=1 300w, https:\/\/i0.wp.com\/politicosaldesnudo.com.mx\/wp-content\/uploads\/2023\/03\/P-FRANCO-CASTAN-1.png?resize=768%2C430&amp;ssl=1 768w, https:\/\/i0.wp.com\/politicosaldesnudo.com.mx\/wp-content\/uploads\/2023\/03\/P-FRANCO-CASTAN-1.png?resize=1536%2C859&amp;ssl=1 1536w, https:\/\/i0.wp.com\/politicosaldesnudo.com.mx\/wp-content\/uploads\/2023\/03\/P-FRANCO-CASTAN-1.png?w=1816&amp;ssl=1 1816w, https:\/\/i0.wp.com\/politicosaldesnudo.com.mx\/wp-content\/uploads\/2023\/03\/P-FRANCO-CASTAN-1.png?w=1600&amp;ssl=1 1600w\" sizes=\"auto, (max-width: 800px) 100vw, 800px\" \/><\/p>\n<p>&nbsp;<\/p>\n<p class=\"p1\"><span style=\"font-size: 18pt;\"><strong>Jes\u00fas Zambrano Grijalva, presidente nacional del PRD, acus\u00f3 que por motivos pol\u00edticos detuvieron en Veracruz al dirigente perredista, Rogelio Franco Cast\u00e1n, pues dijo que las acusaciones por supuesta violencia intrafamiliar se basan en una denuncia que nunca fue comprobada.<\/strong><\/span><\/p>\n<p class=\"p1\"><span style=\"font-size: 14pt;\">El camino de Rogelio Franco a su actual situaci\u00f3n no s\u00f3lo ha sido injusto sino lleno de traiciones, porque desde hace varios a\u00f1os, fue el l\u00edder natural del perredismo en Veracruz, donde ense\u00f1o todo lo que deb\u00eda saber Jes\u00fas Vel\u00e1zquez, quien se ofreci\u00f3 como abogado defensor en el momento mismo que supo de la detenci\u00f3n, pero su intervenci\u00f3n no s\u00f3lo no sirvi\u00f3 de nada sino que fue c\u00f3mplice de los jueces que aplazaban sus audiencias para ganar tiempo y quedarse finalmente con su curul, ya que al mismo tiempo era su suplente en la C\u00e1mara de Diputados.<\/span><\/p>\n<p class=\"p1\"><span style=\"font-size: 18pt;\"><strong>Un a\u00f1o antes dela detenci\u00f3n de Franco Cast\u00e1n se supo de denuncia en su contra por violencia familiar, cometida en contra de su exesposa Guillermina Alvarado. Las tres hijas del perredista rechazaron que su padre haya agredido a su mam\u00e1. Esta fue la segunda traici\u00f3n que recibi\u00f3 Rogelio, sin que por ello fuera la \u00faltima.<\/strong><\/span><\/p>\n<p class=\"p1\"><span style=\"font-size: 14pt;\">\u00abDe manera ilegal y con falsas acusaciones detuvieron a nuestro compa\u00f1ero dirigente\u00bb, expres\u00f3 Zambrano Grijalva, quien asever\u00f3 que las acusaciones por supuesta violencia intrafamiliar se basan en una denuncia que nunca fue comprobada\u00bb.<\/span><\/p>\n<p class=\"p1\"><span style=\"font-size: 14pt;\">El coordinador parlamentario del PRD en la C\u00e1mara de Diputados, Luis \u00c1ngel Espinoza Ch\u00e1zaro, sostuvo que el Poder Judicial veracruzano no puede mantener preso a un diputado federal en funciones y con fuero. Tambi\u00e9n plante\u00f3 que, una vez electo como presidente de la C\u00e1mara, Sergio Guti\u00e9rrez Luna, tiene que velar por la inviolabilidad del fuero de todos los diputados. Pero su paisano, tambi\u00e9n veracruzano lo traicion\u00f3 tambi\u00e9n y no hizo nada por liberarlo.<\/span><\/p>\n<p class=\"p1\"><span style=\"font-size: 18pt; color: #139eca;\"><strong>La traici\u00f3n que recibi\u00f3 Franco Cast\u00e1n, como parte del plan orquestado en su contra, &#8211;cuyo origen puede ser el palacio de gobierno, la secretaria de gobierno estatal o el Palacio Nacional\u2014fue la del l\u00edder nacional del PRD, Jes\u00fas Zambrano, quien abandon\u00f3 la protesta una vez que la atenci\u00f3n de la clase pol\u00edtica se hab\u00eda desviado hacia otras actividades y dej\u00f3 el activismo en favor de su libertad para concentrarse en que no lo dejaran fuera de la alianza opositora.<\/strong><\/span><\/p>\n<p class=\"p1\"><span style=\"font-size: 14pt;\">A m\u00e1s de un a\u00f1o de que el pleno de la Suprema Corte de Justicia de la Naci\u00f3n declarara inconstitucional e invalid\u00f3 el delito de ultrajes a la autoridad, contemplado en el art\u00edculo 331 del C\u00f3digo Penal del Estado de Veracruz, al menos 800 personas detenidas inicialmente por eso permanecen en la c\u00e1rcel, al reclasificarles el mismo por el delito contra las instituciones de Seguridad P\u00fablica e imputarles otros cr\u00edmenes m\u00e1s.<\/span><\/p>\n<p class=\"p1\"><span style=\"font-size: 14pt;\">Para los abogados que pugnaron por la derogaci\u00f3n del delito, lo que hizo el gobierno de Cuitl\u00e1huac Garc\u00eda fue simular que cumpl\u00eda con lo dispuesto en la Corte y usar otro delito para detener a rivales pol\u00edticos o personas inc\u00f3modas.<\/span><\/p>\n<p class=\"p1\"><span style=\"font-size: 14pt;\">Tambi\u00e9n fueron detenidos por ese delito y liberados meses despu\u00e9s el alcalde de Jes\u00fas Carranza, Pasiano Rueda Canseco; seis j\u00f3venes detenidos en una plaza en Xalapa que en video de seguridad qued\u00f3 grabado que nunca existi\u00f3 delito de ultrajes.<\/span><\/p>\n<p class=\"p1\"><span style=\"font-size: 18pt;\"><strong>Rafael G\u00f3mez Casas, vicepresidente del Colegio de Abogados de la Rep\u00fablica mexicana, se\u00f1al\u00f3: \u201cEs una simulaci\u00f3n que estamos viviendo en la aplicaci\u00f3n de la ley en el estado de Veracruz, porque actualmente hacen la reclasificaci\u00f3n al delito contra las instituciones previsto por el art\u00edculo 371 del C\u00f3digo Penal Veracruzano. Qu\u00e9 pasa, el anterior delito que fue derogado, que era el de ultrajes, ahorita los jueces a trav\u00e9s de la l\u00ednea que reciben es reclasificar el delito y se quedan presos, esto es muy grave\u201d.<\/strong><\/span><\/p>\n<p>&nbsp;<\/p>\n<p><img data-recalc-dims=\"1\" loading=\"lazy\" decoding=\"async\" class=\"aligncenter wp-image-17186 size-large\" src=\"https:\/\/i0.wp.com\/politicosaldesnudo.com.mx\/wp-content\/uploads\/2023\/03\/P-FRANCO-CASTAN-5-1024x573.png?resize=800%2C448&#038;ssl=1\" alt=\"\" width=\"800\" height=\"448\" srcset=\"https:\/\/i0.wp.com\/politicosaldesnudo.com.mx\/wp-content\/uploads\/2023\/03\/P-FRANCO-CASTAN-5.png?resize=1024%2C573&amp;ssl=1 1024w, https:\/\/i0.wp.com\/politicosaldesnudo.com.mx\/wp-content\/uploads\/2023\/03\/P-FRANCO-CASTAN-5.png?resize=300%2C168&amp;ssl=1 300w, https:\/\/i0.wp.com\/politicosaldesnudo.com.mx\/wp-content\/uploads\/2023\/03\/P-FRANCO-CASTAN-5.png?resize=768%2C430&amp;ssl=1 768w, https:\/\/i0.wp.com\/politicosaldesnudo.com.mx\/wp-content\/uploads\/2023\/03\/P-FRANCO-CASTAN-5.png?resize=1536%2C859&amp;ssl=1 1536w, https:\/\/i0.wp.com\/politicosaldesnudo.com.mx\/wp-content\/uploads\/2023\/03\/P-FRANCO-CASTAN-5.png?w=1816&amp;ssl=1 1816w, https:\/\/i0.wp.com\/politicosaldesnudo.com.mx\/wp-content\/uploads\/2023\/03\/P-FRANCO-CASTAN-5.png?w=1600&amp;ssl=1 1600w\" sizes=\"auto, (max-width: 800px) 100vw, 800px\" \/><\/p>\n<p>&nbsp;<\/p>\n<p class=\"p1\"><span style=\"font-size: 18pt; color: #139eca;\"><strong>Los que lograron salir de la c\u00e1rcel, lo hicieron mediante amparos promovidos por sus abogados, pues ni el Congreso del Estado, ni el gobernador Cuitl\u00e1huac Garc\u00eda Jim\u00e9nez, publicaron en los tiempos establecidos, en la Gaceta Oficial del estado, la resoluci\u00f3n de la corte para derogar el delito.<\/strong><\/span><\/p>\n<p class=\"p1\"><span style=\"font-size: 18pt;\"><strong>El 28 de enero del 2022, un mes antes del fallo de la SCJN, la fiscal General de Veracruz, Ver\u00f3nica Hern\u00e1ndez Gi\u00e1dans, inform\u00f3 en comparecencia ante el Congreso local, que en las c\u00e1rceles de Veracruz hab\u00eda mil 033 personas presas por ultrajes a la autoridad.<\/strong><\/span><\/p>\n<p class=\"p1\"><span style=\"font-size: 14pt;\">En conferencias de prensa del 1 de marzo del 2022, el mandatario se\u00f1al\u00f3 que solo 200 presos saldr\u00edan de la c\u00e1rcel al derogarse el delito, pues a la mayor\u00eda ya les hab\u00edan abierto otras carpetas de investigaci\u00f3n y cumplimentado \u00f3rdenes de aprehensi\u00f3n por otros delitos. Rogelio Franco Cast\u00e1n sigue preso, sin juicio, sin proceso justo, sin sentencia desde hace dos a\u00f1os.<\/span><\/p>\n<p class=\"p1\"><span style=\"font-size: 18pt; color: #139eca;\"><strong>Ahora es compromiso de Dante Delgado y Ricardo Monreal impulsar la justicia para que deje de haber en M\u00e9xico presos de conciencia.<\/strong><\/span><\/p>\n<p>&nbsp;<\/p>\n<p>&nbsp;<\/p>\n<p>&nbsp;<\/p>\n","protected":false},"excerpt":{"rendered":"<p>&nbsp; &lt;&lt; La detenci\u00f3n arbitraria de ultrajes a la autoridad s\u00f3lo muestra el grado de autoritarismo que impera en Veracruz<\/p>\n","protected":false},"author":4,"featured_media":17185,"comment_status":"closed","ping_status":"closed","sticky":false,"template":"","format":"standard","meta":{"colormag_page_container_layout":"default_layout","colormag_page_sidebar_layout":"default_layout","_jetpack_memberships_contains_paid_content":false,"footnotes":"","jetpack_publicize_message":"","jetpack_publicize_feature_enabled":true,"jetpack_social_post_already_shared":false,"jetpack_social_options":{"image_generator_settings":{"template":"highway","default_image_id":0,"font":"","enabled":false},"version":2}},"categories":[30],"tags":[124,701,63,318,1817,98,989,100],"class_list":["post-17180","post","type-post","status-publish","format-standard","has-post-thumbnail","hentry","category-estados","tag-cuitlahuac-garcia-jimenez","tag-dante-delgado","tag-morena","tag-prd","tag-preso","tag-ricardo-monreal","tag-rogelio-franco-castan","tag-veracruz"],"jetpack_publicize_connections":[],"jetpack_featured_media_url":"https:\/\/i0.wp.com\/politicosaldesnudo.com.mx\/wp-content\/uploads\/2023\/03\/P-FRANCO-CASTAN-MONREAL-DANTE.png?fit=1816%2C1016&ssl=1","jetpack-related-posts":[],"jetpack_sharing_enabled":true,"_links":{"self":[{"href":"https:\/\/politicosaldesnudo.com.mx\/index.php\/wp-json\/wp\/v2\/posts\/17180","targetHints":{"allow":["GET"]}}],"collection":[{"href":"https:\/\/politicosaldesnudo.com.mx\/index.php\/wp-json\/wp\/v2\/posts"}],"about":[{"href":"https:\/\/politicosaldesnudo.com.mx\/index.php\/wp-json\/wp\/v2\/types\/post"}],"author":[{"embeddable":true,"href":"https:\/\/politicosaldesnudo.com.mx\/index.php\/wp-json\/wp\/v2\/users\/4"}],"replies":[{"embeddable":true,"href":"https:\/\/politicosaldesnudo.com.mx\/index.php\/wp-json\/wp\/v2\/comments?post=17180"}],"version-history":[{"count":0,"href":"https:\/\/politicosaldesnudo.com.mx\/index.php\/wp-json\/wp\/v2\/posts\/17180\/revisions"}],"wp:featuredmedia":[{"embeddable":true,"href":"https:\/\/politicosaldesnudo.com.mx\/index.php\/wp-json\/wp\/v2\/media\/17185"}],"wp:attachment":[{"href":"https:\/\/politicosaldesnudo.com.mx\/index.php\/wp-json\/wp\/v2\/media?parent=17180"}],"wp:term":[{"taxonomy":"category","embeddable":true,"href":"https:\/\/politicosaldesnudo.com.mx\/index.php\/wp-json\/wp\/v2\/categories?post=17180"},{"taxonomy":"post_tag","embeddable":true,"href":"https:\/\/politicosaldesnudo.com.mx\/index.php\/wp-json\/wp\/v2\/tags?post=17180"}],"curies":[{"name":"wp","href":"https:\/\/api.w.org\/{rel}","templated":true}]}}