{"id":17288,"date":"2023-03-15T07:40:53","date_gmt":"2023-03-15T13:40:53","guid":{"rendered":"https:\/\/politicosaldesnudo.com.mx\/?p=17288"},"modified":"2023-03-15T07:43:50","modified_gmt":"2023-03-15T13:43:50","slug":"decreto-de-biden-endurece-medidas-para-la-venta-de-armas-en-eu","status":"publish","type":"post","link":"https:\/\/politicosaldesnudo.com.mx\/index.php\/2023\/03\/15\/decreto-de-biden-endurece-medidas-para-la-venta-de-armas-en-eu\/","title":{"rendered":"Decreto de Joe Biden endurece medidas para la venta de armas en Estados Unidos"},"content":{"rendered":"<p>&nbsp;<\/p>\n<p class=\"p1\"><span style=\"font-size: 14pt;\"><em><strong>MONTEREY PARK, CAL.<\/strong><\/em><strong>\u00a0El presidente Joe Biden<\/strong> anunci\u00f3 una nueva salva de medidas para<strong> limitar la circulaci\u00f3n de las armas de fuego<\/strong>, pero record\u00f3 que el Congreso debe <strong>imponer restricciones contra los tiroteos que se suceden a\u00f1o tras a\u00f1o<\/strong>.<\/span><\/p>\n<p class=\"p1\"><span style=\"font-size: 18pt;\"><strong>En un tono sombr\u00edo, Biden se dirigi\u00f3 a la comunidad inmigrante de Monterey Park, en California, y record\u00f3 a cada una de las 11 v\u00edctimas de la matanza cometida el 21 de enero durante las celebraciones del A\u00f1o Nuevo Lunar.<\/strong><\/span><\/p>\n<p class=\"p1\"><span style=\"font-size: 14pt;\">Joe Biden record\u00f3 por ejemplo a la abuela que cantaba karaoke, la profesora de baile de 72 a\u00f1os del Star Ballroom donde ocurri\u00f3 la masacre o la mujer a la que le gustaba jugar a las cartas y compartir verduras de su huerta con sus vecinos y amigos. Intent\u00f3 as\u00ed personalizar para que las v\u00edctimas no queden reducidas a estad\u00edsticas que no paran de aumentar.<\/span><\/p>\n<p>&nbsp;<\/p>\n<blockquote>\n<p class=\"p1\"><span style=\"font-size: 14pt;\">Proh\u00edban las armas de asalto\u201d, dijo, entre v\u00edtores de unas 200 personas. \u201cH\u00e1ganlo ahora. \u00a1Basta ya! Hagan algo. Hagan algo grande\u201d<\/span><\/p>\n<\/blockquote>\n<p>&nbsp;<\/p>\n<p class=\"p1\"><span style=\"font-size: 18pt;\"><strong>Pero el presidente Joe Biden sabe que el Congreso est\u00e1 dividido, con un Senado en manos de los dem\u00f3cratas y la C\u00e1mara de Representantes bajo control de los republicanos. Y estos \u00faltimos han rechazado durante d\u00e9cadas leyes m\u00e1s estrictas sobre la compra de armas.<\/strong><\/span><\/p>\n<p>&nbsp;<\/p>\n<p class=\"p1\"><img data-recalc-dims=\"1\" loading=\"lazy\" decoding=\"async\" class=\"aligncenter wp-image-17289 size-large\" src=\"https:\/\/i0.wp.com\/politicosaldesnudo.com.mx\/wp-content\/uploads\/2023\/03\/P-VENTA-DE-ARMAS-BIDEN-1-1024x573.png?resize=800%2C448&#038;ssl=1\" alt=\"\" width=\"800\" height=\"448\" srcset=\"https:\/\/i0.wp.com\/politicosaldesnudo.com.mx\/wp-content\/uploads\/2023\/03\/P-VENTA-DE-ARMAS-BIDEN-1.png?resize=1024%2C573&amp;ssl=1 1024w, https:\/\/i0.wp.com\/politicosaldesnudo.com.mx\/wp-content\/uploads\/2023\/03\/P-VENTA-DE-ARMAS-BIDEN-1.png?resize=300%2C168&amp;ssl=1 300w, https:\/\/i0.wp.com\/politicosaldesnudo.com.mx\/wp-content\/uploads\/2023\/03\/P-VENTA-DE-ARMAS-BIDEN-1.png?resize=768%2C430&amp;ssl=1 768w, https:\/\/i0.wp.com\/politicosaldesnudo.com.mx\/wp-content\/uploads\/2023\/03\/P-VENTA-DE-ARMAS-BIDEN-1.png?resize=1536%2C859&amp;ssl=1 1536w, https:\/\/i0.wp.com\/politicosaldesnudo.com.mx\/wp-content\/uploads\/2023\/03\/P-VENTA-DE-ARMAS-BIDEN-1.png?w=1816&amp;ssl=1 1816w, https:\/\/i0.wp.com\/politicosaldesnudo.com.mx\/wp-content\/uploads\/2023\/03\/P-VENTA-DE-ARMAS-BIDEN-1.png?w=1600&amp;ssl=1 1600w\" sizes=\"auto, (max-width: 800px) 100vw, 800px\" \/><\/p>\n<p>&nbsp;<\/p>\n<p class=\"p1\"><span style=\"color: #139eca;\"><strong><span style=\"font-size: 18pt;\">DECRETO RESTRICTIVO<\/span><\/strong><\/span><\/p>\n<p class=\"p1\"><span style=\"font-size: 18pt;\"><strong>La medida m\u00e1s importante de las promulgadas este martes es un decreto que endurece las normas sobre la verificaci\u00f3n de antecedentes.<\/strong><\/span><\/p>\n<p class=\"p1\"><span style=\"font-size: 14pt;\">Las encuestas demuestran un apoyo popular abrumador a una regla general que requiere que se verifiquen los antecedentes penales de cualquier persona que compre un arma de fuego.<\/span><\/p>\n<p class=\"p1\"><span style=\"font-size: 18pt;\"><strong>Los congresistas republicanos se oponen alegando que merma el derecho constitucional a poseer armas y que deber\u00eda decidirlo cada estado en particular.<\/strong><\/span><\/p>\n<p class=\"p1\"><span style=\"font-size: 14pt;\">En la actualidad solo los comerciantes con licencia federal, responsables de menos de la mitad de las ventas de armas, deben realizar verificaciones de antecedentes en todo el pa\u00eds, aunque algunos estados han impuesto requisitos adicionales.<\/span><\/p>\n<p class=\"p1\"><span style=\"font-size: 18pt;\"><strong>La medida de Joe Biden ordena al fiscal general a tomar medidas dr\u00e1sticas contra los vendedores que incumplan los controles.<\/strong><\/span><\/p>\n<p>&nbsp;<\/p>\n<blockquote>\n<p class=\"p1\"><span style=\"font-size: 14pt;\">Es solo sentido com\u00fan: verificar si alguien es un delincuente o un maltratador dom\u00e9stico antes de comprar un arma\u201d, dijo el presidente<\/span><\/p>\n<\/blockquote>\n<p>&nbsp;<\/p>\n<p class=\"p1\"><span style=\"font-size: 18pt; color: #139eca;\"><strong>Seg\u00fan Joe Biden el decreto u orden ejecutiva, que el presidente puede aplicar sin la aprobaci\u00f3n del Congreso, tambi\u00e9n apretar\u00e1 las tuercas a los traficantes de armas.<\/strong><\/span><\/p>\n<p>&nbsp;<\/p>\n<blockquote>\n<p class=\"p1\"><span style=\"font-size: 14pt;\">Conducir\u00e1 a un estudio independiente que exponga \u201cc\u00f3mo los fabricantes de armas comercializan agresivamente armas de fuego entre civiles, especialmente menores de edad, incluso mediante el uso de im\u00e1genes militares\u201d, afirm\u00f3.<\/span><\/p>\n<\/blockquote>\n<p>&nbsp;<\/p>\n<p class=\"p1\"><span style=\"font-size: 14pt;\">El fiscal general tambi\u00e9n deber\u00e1 publicar informes oficiales que nombran a los traficantes de armas de fuego que violan las leyes.<\/span><\/p>\n<p>&nbsp;<\/p>\n<blockquote>\n<p class=\"p1\"><span style=\"font-size: 14pt;\">La t\u00e1ctica del nombre y la verg\u00fcenza ayudar\u00e1 a los congresistas a \u201ctomar medidas en\u00e9rgicas\u201d, estim\u00f3 el presidente dem\u00f3crata.<\/span><\/p>\n<\/blockquote>\n<p>&nbsp;<\/p>\n<p class=\"p1\"><span style=\"font-size: 18pt; color: #139eca;\"><strong>Seg\u00fan el recuento de Gun Violence Archive, 8.415 personas han muerto por armas de fuego en lo que va del a\u00f1o en Estados Unidos, m\u00e1s de la mitad de ellas por suicidio.<\/strong><\/span><\/p>\n<p class=\"p1\"><span style=\"font-size: 18pt;\"><strong>El sitio registr\u00f3 durante el mismo per\u00edodo 110 tiroteos que hirieron o mataron a por lo menos cuatro personas, sin incluir al tirador.<\/strong><\/span><\/p>\n<p>&nbsp;<\/p>\n<p>&nbsp;<\/p>\n<p>&nbsp;<\/p>\n<p>&nbsp;<\/p>\n","protected":false},"excerpt":{"rendered":"<p>&nbsp; MONTEREY PARK, CAL.\u00a0El presidente Joe Biden anunci\u00f3 una nueva salva de medidas para limitar la circulaci\u00f3n de las armas<\/p>\n","protected":false},"author":4,"featured_media":17290,"comment_status":"closed","ping_status":"closed","sticky":false,"template":"","format":"standard","meta":{"colormag_page_container_layout":"default_layout","colormag_page_sidebar_layout":"default_layout","_jetpack_memberships_contains_paid_content":false,"footnotes":"","jetpack_publicize_message":"","jetpack_publicize_feature_enabled":true,"jetpack_social_post_already_shared":false,"jetpack_social_options":{"image_generator_settings":{"template":"highway","default_image_id":0,"font":"","enabled":false},"version":2}},"categories":[28],"tags":[340,269,81,862,2385],"class_list":["post-17288","post","type-post","status-publish","format-standard","has-post-thumbnail","hentry","category-internacional","tag-armas","tag-estados-unidos","tag-joe-biden","tag-republicanos","tag-venta-de-armas"],"jetpack_publicize_connections":[],"jetpack_featured_media_url":"https:\/\/i0.wp.com\/politicosaldesnudo.com.mx\/wp-content\/uploads\/2023\/03\/P-VENTA-DE-ARMAS-BIDEN-2.png?fit=1816%2C1016&ssl=1","jetpack-related-posts":[],"jetpack_sharing_enabled":true,"_links":{"self":[{"href":"https:\/\/politicosaldesnudo.com.mx\/index.php\/wp-json\/wp\/v2\/posts\/17288","targetHints":{"allow":["GET"]}}],"collection":[{"href":"https:\/\/politicosaldesnudo.com.mx\/index.php\/wp-json\/wp\/v2\/posts"}],"about":[{"href":"https:\/\/politicosaldesnudo.com.mx\/index.php\/wp-json\/wp\/v2\/types\/post"}],"author":[{"embeddable":true,"href":"https:\/\/politicosaldesnudo.com.mx\/index.php\/wp-json\/wp\/v2\/users\/4"}],"replies":[{"embeddable":true,"href":"https:\/\/politicosaldesnudo.com.mx\/index.php\/wp-json\/wp\/v2\/comments?post=17288"}],"version-history":[{"count":0,"href":"https:\/\/politicosaldesnudo.com.mx\/index.php\/wp-json\/wp\/v2\/posts\/17288\/revisions"}],"wp:featuredmedia":[{"embeddable":true,"href":"https:\/\/politicosaldesnudo.com.mx\/index.php\/wp-json\/wp\/v2\/media\/17290"}],"wp:attachment":[{"href":"https:\/\/politicosaldesnudo.com.mx\/index.php\/wp-json\/wp\/v2\/media?parent=17288"}],"wp:term":[{"taxonomy":"category","embeddable":true,"href":"https:\/\/politicosaldesnudo.com.mx\/index.php\/wp-json\/wp\/v2\/categories?post=17288"},{"taxonomy":"post_tag","embeddable":true,"href":"https:\/\/politicosaldesnudo.com.mx\/index.php\/wp-json\/wp\/v2\/tags?post=17288"}],"curies":[{"name":"wp","href":"https:\/\/api.w.org\/{rel}","templated":true}]}}