{"id":17318,"date":"2023-03-16T06:00:46","date_gmt":"2023-03-16T12:00:46","guid":{"rendered":"https:\/\/politicosaldesnudo.com.mx\/?p=17318"},"modified":"2023-03-16T06:45:31","modified_gmt":"2023-03-16T12:45:31","slug":"la-politica-por-camino-inadecuado","status":"publish","type":"post","link":"https:\/\/politicosaldesnudo.com.mx\/index.php\/2023\/03\/16\/la-politica-por-camino-inadecuado\/","title":{"rendered":"La pol\u00edtica por camino inadecuado"},"content":{"rendered":"<p>&nbsp;<\/p>\n<p><span style=\"font-size: 14pt;\"><span style=\"font-size: 18pt;\"><strong>Por Alberto Woolrich Ort\u00edz<\/strong><\/span><\/span><\/p>\n<p class=\"p1\"><span style=\"font-size: 14pt;\">En un M\u00e9xico agobiado por profundos problemas, especialmente jur\u00eddico-pol\u00edticos, resulta arduo y penoso aventurar un esquema del futuro de nuestra Rep\u00fablica. Desde luego la academia de Derecho Penal del Colegio Nacional de Abogados Foro de M\u00e9xico, A.C. expresa su inconformidad con el pensamiento de Andr\u00e9s Manuel L\u00f3pez Obrador, vinculado con su pol\u00edtica de concederle \u201cabrazos y besos\u201d a los forajidos del derecho.<span class=\"Apple-converted-space\">\u00a0<\/span><\/span><\/p>\n<p class=\"p1\"><span style=\"font-size: 14pt;\">Aunque la pol\u00edtica y la justicia se reconocen en el texto de nuestra constituci\u00f3n republicana, la Cuarta Transformaci\u00f3n de la naci\u00f3n tiende en forma evidente a una err\u00f3nea interpretaci\u00f3n de ella en lo general, mientras que en lo particular se dedica a pisotearla con su omisi\u00f3n al cumplimiento del deber de guardarla. Ello le parece lo adecuado para dar continuidad a su poder. Contrariamente a lo pensado por ciertas autoridades defensoras de la actual innovaci\u00f3n, en el ayer Fran\u00e7ois-Ren\u00e9 de Chateaubriand, consider\u00f3 que: \u201cLa verdad pol\u00edtica, cualquiera que sea en sus formas, no es m\u00e1s que el orden, la justicia y la libertad\u201d.<\/span><\/p>\n<p class=\"p1\"><span style=\"font-size: 14pt;\">La experiencia de la abogac\u00eda independiente de la Rep\u00fablica ha demostrado que en materia de justicia se debe de buscar el \u00e9xito para el justiciable, ello se logra a trav\u00e9s del respeto absoluto que se de a la aplicaci\u00f3n e interpretaci\u00f3n de las leyes y las pol\u00edticas para lograrlo deben de ser contrarias a conceder \u201cabrazos y besos\u201d a la delincuencia.<\/span><\/p>\n<p class=\"p1\"><span style=\"font-size: 14pt;\">Nuestra Carta Magna <\/span>\u2014<span style=\"font-size: 14pt;\">qui\u00e9rase o no reconocer<\/span>\u2014 <span style=\"font-size: 14pt;\">atraviesa en la actualidad por una crisis profunda y en ocasiones impensable. M\u00e9xico antes del neoliberalismo hab\u00eda logrado racionales logros en t\u00f3picos de justicia, legalidad y seguridad; ahora sufre en nuestros d\u00edas el embate de la narco-pol\u00edtica que lo lleva por un camino inadecuado que rompe con nuestra tradici\u00f3n constitucionalista.<\/span><\/p>\n<p class=\"p1\"><span style=\"font-size: 14pt;\">Las grandes impunidades a la delincuencia del poder, la continuidad a la protecci\u00f3n de la narco-justicia, la vejaci\u00f3n a la ley, la corrupci\u00f3n de m\u00faltiples agentes del ministerio p\u00fablico, fiscales, jueces, magistrados y a\u00fan ministros de la suprema corte, el olvido y supresi\u00f3n de investigar a c\u00e1rteles inmobiliarios que portan y han portado togas de servidores p\u00fablicos y largos etc.,\u00a0 son caminos que conducen al fracaso de la pol\u00edtica, de la justicia y por ende de M\u00e9xico.<span class=\"Apple-converted-space\">\u00a0<\/span><\/span><\/p>\n<p class=\"p1\"><span style=\"font-size: 14pt;\">Vivimos en una \u00e9poca en que las soluciones no est\u00e1n establecidas, se olvida que para encontrar el camino s\u00f3lo basta aplicar la ley, \u201cse hace camino al andar\u201d por las veredas de la ley, es decir, la ley encuentra soluciones que no se necesitan ensayar sino aplicar.<span class=\"Apple-converted-space\">\u00a0<\/span><\/span><\/p>\n<p class=\"p1\"><span style=\"font-size: 14pt;\">\u00bfHasta cu\u00e1ndo entender\u00e1 ello la pol\u00edtica de \u201cabrazos y besos\u201d?<\/span><\/p>\n<p>&nbsp;<\/p>\n<p class=\"p3\"><span style=\"font-size: 18pt;\"><strong>Es cuanto. <\/strong><\/span><\/p>\n<p>&nbsp;<\/p>\n<hr \/>\n<p>&nbsp;<\/p>\n<p class=\"p1\"><strong><span style=\"font-size: 18pt;\">Presidente de la Academia de Derecho Penal<\/span><\/strong><\/p>\n<p class=\"p1\"><strong><span style=\"font-size: 18pt;\">del Colegio de Abogados de M\u00e9xico, A.C.<\/span><\/strong><\/p>\n<p>&nbsp;<\/p>\n<p>&nbsp;<\/p>\n<p><img data-recalc-dims=\"1\" loading=\"lazy\" decoding=\"async\" class=\"aligncenter wp-image-14351\" src=\"https:\/\/i0.wp.com\/politicosaldesnudo.com.mx\/wp-content\/uploads\/2023\/01\/FIRMA-EDITORIAL-PD-300x37.png?resize=800%2C98&#038;ssl=1\" alt=\"\" width=\"800\" height=\"98\" srcset=\"https:\/\/i0.wp.com\/politicosaldesnudo.com.mx\/wp-content\/uploads\/2023\/01\/FIRMA-EDITORIAL-PD.png?resize=300%2C37&amp;ssl=1 300w, https:\/\/i0.wp.com\/politicosaldesnudo.com.mx\/wp-content\/uploads\/2023\/01\/FIRMA-EDITORIAL-PD.png?resize=1024%2C125&amp;ssl=1 1024w, https:\/\/i0.wp.com\/politicosaldesnudo.com.mx\/wp-content\/uploads\/2023\/01\/FIRMA-EDITORIAL-PD.png?resize=768%2C94&amp;ssl=1 768w, https:\/\/i0.wp.com\/politicosaldesnudo.com.mx\/wp-content\/uploads\/2023\/01\/FIRMA-EDITORIAL-PD.png?resize=1536%2C188&amp;ssl=1 1536w, https:\/\/i0.wp.com\/politicosaldesnudo.com.mx\/wp-content\/uploads\/2023\/01\/FIRMA-EDITORIAL-PD.png?resize=2048%2C250&amp;ssl=1 2048w, https:\/\/i0.wp.com\/politicosaldesnudo.com.mx\/wp-content\/uploads\/2023\/01\/FIRMA-EDITORIAL-PD.png?w=1600&amp;ssl=1 1600w, https:\/\/i0.wp.com\/politicosaldesnudo.com.mx\/wp-content\/uploads\/2023\/01\/FIRMA-EDITORIAL-PD.png?w=2400&amp;ssl=1 2400w\" sizes=\"auto, (max-width: 800px) 100vw, 800px\" \/><\/p>\n<p>&nbsp;<\/p>\n<p>&nbsp;<\/p>\n<p>&nbsp;<\/p>\n","protected":false},"excerpt":{"rendered":"<p>&nbsp; Por Alberto Woolrich Ort\u00edz En un M\u00e9xico agobiado por profundos problemas, especialmente jur\u00eddico-pol\u00edticos, resulta arduo y penoso aventurar un<\/p>\n","protected":false},"author":4,"featured_media":3845,"comment_status":"closed","ping_status":"closed","sticky":false,"template":"","format":"standard","meta":{"colormag_page_container_layout":"default_layout","colormag_page_sidebar_layout":"default_layout","_jetpack_memberships_contains_paid_content":false,"footnotes":"","jetpack_publicize_message":"","jetpack_publicize_feature_enabled":true,"jetpack_social_post_already_shared":false,"jetpack_social_options":{"image_generator_settings":{"template":"highway","default_image_id":0,"font":"","enabled":false},"version":2}},"categories":[26],"tags":[],"class_list":["post-17318","post","type-post","status-publish","format-standard","has-post-thumbnail","hentry","category-columnistas"],"jetpack_publicize_connections":[],"jetpack_featured_media_url":"https:\/\/i0.wp.com\/politicosaldesnudo.com.mx\/wp-content\/uploads\/2022\/04\/CABEZAL-ALBERTO-WOOD.png?fit=1816%2C1016&ssl=1","jetpack-related-posts":[],"jetpack_sharing_enabled":true,"_links":{"self":[{"href":"https:\/\/politicosaldesnudo.com.mx\/index.php\/wp-json\/wp\/v2\/posts\/17318","targetHints":{"allow":["GET"]}}],"collection":[{"href":"https:\/\/politicosaldesnudo.com.mx\/index.php\/wp-json\/wp\/v2\/posts"}],"about":[{"href":"https:\/\/politicosaldesnudo.com.mx\/index.php\/wp-json\/wp\/v2\/types\/post"}],"author":[{"embeddable":true,"href":"https:\/\/politicosaldesnudo.com.mx\/index.php\/wp-json\/wp\/v2\/users\/4"}],"replies":[{"embeddable":true,"href":"https:\/\/politicosaldesnudo.com.mx\/index.php\/wp-json\/wp\/v2\/comments?post=17318"}],"version-history":[{"count":0,"href":"https:\/\/politicosaldesnudo.com.mx\/index.php\/wp-json\/wp\/v2\/posts\/17318\/revisions"}],"wp:featuredmedia":[{"embeddable":true,"href":"https:\/\/politicosaldesnudo.com.mx\/index.php\/wp-json\/wp\/v2\/media\/3845"}],"wp:attachment":[{"href":"https:\/\/politicosaldesnudo.com.mx\/index.php\/wp-json\/wp\/v2\/media?parent=17318"}],"wp:term":[{"taxonomy":"category","embeddable":true,"href":"https:\/\/politicosaldesnudo.com.mx\/index.php\/wp-json\/wp\/v2\/categories?post=17318"},{"taxonomy":"post_tag","embeddable":true,"href":"https:\/\/politicosaldesnudo.com.mx\/index.php\/wp-json\/wp\/v2\/tags?post=17318"}],"curies":[{"name":"wp","href":"https:\/\/api.w.org\/{rel}","templated":true}]}}