{"id":17322,"date":"2023-03-16T06:15:37","date_gmt":"2023-03-16T12:15:37","guid":{"rendered":"https:\/\/politicosaldesnudo.com.mx\/?p=17322"},"modified":"2023-03-16T06:49:17","modified_gmt":"2023-03-16T12:49:17","slug":"la-nueva-ley-del-registro-civil","status":"publish","type":"post","link":"https:\/\/politicosaldesnudo.com.mx\/index.php\/2023\/03\/16\/la-nueva-ley-del-registro-civil\/","title":{"rendered":"La nueva ley del Registro Civil"},"content":{"rendered":"<p class=\"p1\">\n<p>&nbsp;<\/p>\n<p class=\"p1\" style=\"text-align: center;\"><span style=\"font-size: 18pt;\"><strong>&lt;&lt; Se pretende concentrar toda la informaci\u00f3n ciudadana en Gobernaci\u00f3n &gt;&gt;<\/strong><\/span><\/p>\n<p class=\"p1\" style=\"text-align: center;\"><span style=\"font-size: 18pt;\"><strong>&lt;&lt; Adem\u00e1s de un formato \u00fanico en materia de registro de poblaci\u00f3n &gt;&gt;<\/strong><\/span><\/p>\n<p class=\"p1\" style=\"text-align: center;\"><span style=\"font-size: 18pt;\"><strong>&lt;&lt; Benito Ju\u00e1rez expidi\u00f3 en Veracruz en 1859 la Ley Org\u00e1nica del RC &gt;&gt;<\/strong><\/span><\/p>\n<p>&nbsp;<\/p>\n<p>&nbsp;<\/p>\n<p class=\"p1\"><span style=\"font-size: 18pt;\"><strong>Por Miguel \u00c1ngel Cristiani Gonz\u00e1lez<\/strong><\/span><\/p>\n<p class=\"p1\"><span style=\"font-size: 14pt;\">Con 311 votos de Morena, PT, PVEM y PRI, el pleno de la C\u00e1mara de Diputados aprob\u00f3 la expedici\u00f3n de la Ley General de Operaciones de los Registros Civiles, que faculta al Ejecutivo Federal para concentrar y administrar la Base de Datos Nacional del Registro Civil y con el objetivo de garantizar el derecho a la identidad de las personas y el acceso a los documentos y constancias correspondientes.<\/span><\/p>\n<p class=\"p1\"><span style=\"font-size: 14pt;\">Las fracciones del PAN, MC y PRD, rechazaron la propuesta con 131 votos en contra y 17 abstenciones, coincidieron en que la nueva legislaci\u00f3n vulnera los derechos a la identidad y le otorga el control jur\u00eddico de los datos personales a la Secretar\u00eda de Gobernaci\u00f3n (Segob), adem\u00e1s de que establece el uso de un formato \u00fanico en materia de registro de poblaci\u00f3n, mediante datos personales sensibles, incluyendo datos biom\u00e9tricos.<\/span><\/p>\n<p class=\"p1\"><span style=\"font-size: 14pt;\">Es un paso m\u00e1s hacia el control por parte del gobierno, de la informaci\u00f3n de todos los ciudadanos mexicanos.<\/span><\/p>\n<p class=\"p1\"><span style=\"font-size: 14pt;\">Ya fue aprobada en la C\u00e1mara de Diputados, ahora pasa al Senado para seguramente tambi\u00e9n ser aprobada y ser publicada para entrar en vigor.<\/span><\/p>\n<p class=\"p1\"><span style=\"font-size: 14pt;\">Conviene recordar respecto a dicha legislaci\u00f3n que fue el 28 de julio de 1859, en plena guerra civil en nuestro pa\u00eds, el gobierno liberal dirigido por Benito Ju\u00e1rez expidi\u00f3 la Ley Org\u00e1nica del Registro Civil, dando con ello otro paso esencial para lograr la secularizaci\u00f3n de los distintos \u00e1mbitos p\u00fablicos que se encontraban en manos de la Iglesia Cat\u00f3lica.<\/span><\/p>\n<p class=\"p1\"><span style=\"font-size: 14pt;\">Como parte de las llamadas Leyes de Reforma, se encuentra la Ley Org\u00e1nica del Registro Civil, expedida el 28 de julio de 1859, en Veracruz. Con ello, el Estado se estableci\u00f3 como el centro primordial de otorgamiento y control del registro de la poblaci\u00f3n.\u00a0Aunque ahora el registro es mucho m\u00e1s amplio porque comprende hasta los datos biom\u00e9dicos.<\/span><\/p>\n<p class=\"p1\"><span style=\"font-size: 14pt;\">En ese entonces, para poner el ejemplo, el presidente Benito Ju\u00e1rez acudi\u00f3 al registro civil para que su hija Margarita fuera la primera en ser anotada, en el libro que hoy todav\u00eda se encuentra en el puerto de Veracruz.<\/span><\/p>\n<p>&nbsp;<\/p>\n<p class=\"p1\"><span style=\"font-size: 18pt;\"><strong>Pero \u00bfQu\u00e9 es el Registro Civil Estatal y para qu\u00e9 sirve hasta ahora?<\/strong><\/span><\/p>\n<p class=\"p1\"><span style=\"font-size: 14pt;\">El Registro Civil Estatal es la instituci\u00f3n encargada de registrar y dar publicidad a los actos del estado civil de las personas, como el nacimiento, el matrimonio, el divorcio, la adopci\u00f3n y la muerte. Estos actos se inscriben en las oficinas del Registro Civil que se encuentran distribuidas en todo el territorio nacional.<\/span><\/p>\n<p class=\"p1\"><span style=\"font-size: 14pt;\">El Registro Civil Estatal tiene como finalidad garantizar el derecho a la identidad de las personas y otorgarles seguridad jur\u00eddica. Al inscribir un acto del estado civil, se genera un documento oficial llamado acta, que contiene los datos personales y las circunstancias del hecho registrado. Las actas son documentos p\u00fablicos que tienen valor probatorio y pueden ser solicitados por los interesados o sus representantes legales.<\/span><\/p>\n<p class=\"p1\"><span style=\"font-size: 14pt;\">El Registro Civil Estatal tambi\u00e9n ofrece otros servicios relacionados con los actos del estado civil, como la expedici\u00f3n de copias certificadas de las actas, la correcci\u00f3n de datos o errores en las mismas, la actualizaci\u00f3n de informaci\u00f3n, la b\u00fasqueda de antecedentes registrales, la apostilla o legalizaci\u00f3n de documentos para su uso en el extranjero y la inscripci\u00f3n de actas extranjeras.<\/span><\/p>\n<p class=\"p1\"><span style=\"font-size: 14pt;\">Por cierto, que hay que reconocer, que tanto en el Registro Civil Estatal en la capital, como en el del municipio de Xalapa, el personal que se encarga de atender y tramitar todas las solicitudes que se presentan, trabajan con una gran amabilidad y hasta cordialidad, cosa que no sucede en todas las oficinas de gobierno.<\/span><\/p>\n<p class=\"p1\"><span style=\"font-size: 14pt;\">En esta semana estuvimos tanto en el Registro Civil de Xalapa, que encabeza el oficial maestro Jos\u00e9 Luis Mart\u00ednez Corona y en el Estatal -enfrente del Palacio Legislativo- a cargo del maestro Carlos C\u00f3rdoba Vega y en ambos casos fuimos testigos de la manera respetuosa y gentileza con que se orienta y resuelven todas las solicitudes, de los distintos casos, que son de todo el estado, desde que les agregaron en su municipio otro nombre, que ya no aparece en su lugar de origen porque se quem\u00f3 el archivo y ahora se tiene que sacar una copia del acta de nacimiento, en fin, un sinn\u00famero de historias, que en algunos casos representan verdaderas tragedias de vida.<\/span><\/p>\n<p>&nbsp;<\/p>\n<hr \/>\n<p>&nbsp;<\/p>\n<p class=\"p1\"><span style=\"font-size: 18pt;\"><strong>Cont\u00e1ctanos en nuestras redes sociales:<\/strong><\/span><\/p>\n<p class=\"p1\"><span style=\"font-size: 18pt;\"><strong><a href=\"https:\/\/www.canva.com\/design\/DAEN5B9DWgs\/ZCHd2Z8KueYjlg_d59Op3A\/view\">https:\/\/www.canva.com\/design\/DAEN5B9DWgs\/ZCHd2Z8KueYjlg_d59Op3A\/view<\/a><\/strong><\/span><\/p>\n<p>&nbsp;<\/p>\n<p><img data-recalc-dims=\"1\" loading=\"lazy\" decoding=\"async\" class=\"aligncenter wp-image-14351\" src=\"https:\/\/i0.wp.com\/politicosaldesnudo.com.mx\/wp-content\/uploads\/2023\/01\/FIRMA-EDITORIAL-PD-300x37.png?resize=800%2C98&#038;ssl=1\" alt=\"\" width=\"800\" height=\"98\" srcset=\"https:\/\/i0.wp.com\/politicosaldesnudo.com.mx\/wp-content\/uploads\/2023\/01\/FIRMA-EDITORIAL-PD.png?resize=300%2C37&amp;ssl=1 300w, https:\/\/i0.wp.com\/politicosaldesnudo.com.mx\/wp-content\/uploads\/2023\/01\/FIRMA-EDITORIAL-PD.png?resize=1024%2C125&amp;ssl=1 1024w, https:\/\/i0.wp.com\/politicosaldesnudo.com.mx\/wp-content\/uploads\/2023\/01\/FIRMA-EDITORIAL-PD.png?resize=768%2C94&amp;ssl=1 768w, https:\/\/i0.wp.com\/politicosaldesnudo.com.mx\/wp-content\/uploads\/2023\/01\/FIRMA-EDITORIAL-PD.png?resize=1536%2C188&amp;ssl=1 1536w, https:\/\/i0.wp.com\/politicosaldesnudo.com.mx\/wp-content\/uploads\/2023\/01\/FIRMA-EDITORIAL-PD.png?resize=2048%2C250&amp;ssl=1 2048w, https:\/\/i0.wp.com\/politicosaldesnudo.com.mx\/wp-content\/uploads\/2023\/01\/FIRMA-EDITORIAL-PD.png?w=1600&amp;ssl=1 1600w, https:\/\/i0.wp.com\/politicosaldesnudo.com.mx\/wp-content\/uploads\/2023\/01\/FIRMA-EDITORIAL-PD.png?w=2400&amp;ssl=1 2400w\" sizes=\"auto, (max-width: 800px) 100vw, 800px\" \/><\/p>\n<p>&nbsp;<\/p>\n<p>&nbsp;<\/p>\n<p>&nbsp;<\/p>\n<p>&nbsp;<\/p>\n<p>&nbsp;<\/p>\n<p>&nbsp;<\/p>\n<p>&nbsp;<\/p>\n<p>&nbsp;<\/p>\n<p>&nbsp;<\/p>\n<p>&nbsp;<\/p>\n","protected":false},"excerpt":{"rendered":"<p>&nbsp; &lt;&lt; Se pretende concentrar toda la informaci\u00f3n ciudadana en Gobernaci\u00f3n &gt;&gt; &lt;&lt; Adem\u00e1s de un formato \u00fanico en materia<\/p>\n","protected":false},"author":4,"featured_media":3789,"comment_status":"closed","ping_status":"closed","sticky":false,"template":"","format":"standard","meta":{"colormag_page_container_layout":"default_layout","colormag_page_sidebar_layout":"default_layout","_jetpack_memberships_contains_paid_content":false,"footnotes":"","jetpack_publicize_message":"","jetpack_publicize_feature_enabled":true,"jetpack_social_post_already_shared":false,"jetpack_social_options":{"image_generator_settings":{"template":"highway","default_image_id":0,"font":"","enabled":false},"version":2}},"categories":[26],"tags":[],"class_list":["post-17322","post","type-post","status-publish","format-standard","has-post-thumbnail","hentry","category-columnistas"],"jetpack_publicize_connections":[],"jetpack_featured_media_url":"https:\/\/i0.wp.com\/politicosaldesnudo.com.mx\/wp-content\/uploads\/2022\/04\/CRISTIANI.png?fit=1816%2C1016&ssl=1","jetpack-related-posts":[],"jetpack_sharing_enabled":true,"_links":{"self":[{"href":"https:\/\/politicosaldesnudo.com.mx\/index.php\/wp-json\/wp\/v2\/posts\/17322","targetHints":{"allow":["GET"]}}],"collection":[{"href":"https:\/\/politicosaldesnudo.com.mx\/index.php\/wp-json\/wp\/v2\/posts"}],"about":[{"href":"https:\/\/politicosaldesnudo.com.mx\/index.php\/wp-json\/wp\/v2\/types\/post"}],"author":[{"embeddable":true,"href":"https:\/\/politicosaldesnudo.com.mx\/index.php\/wp-json\/wp\/v2\/users\/4"}],"replies":[{"embeddable":true,"href":"https:\/\/politicosaldesnudo.com.mx\/index.php\/wp-json\/wp\/v2\/comments?post=17322"}],"version-history":[{"count":0,"href":"https:\/\/politicosaldesnudo.com.mx\/index.php\/wp-json\/wp\/v2\/posts\/17322\/revisions"}],"wp:featuredmedia":[{"embeddable":true,"href":"https:\/\/politicosaldesnudo.com.mx\/index.php\/wp-json\/wp\/v2\/media\/3789"}],"wp:attachment":[{"href":"https:\/\/politicosaldesnudo.com.mx\/index.php\/wp-json\/wp\/v2\/media?parent=17322"}],"wp:term":[{"taxonomy":"category","embeddable":true,"href":"https:\/\/politicosaldesnudo.com.mx\/index.php\/wp-json\/wp\/v2\/categories?post=17322"},{"taxonomy":"post_tag","embeddable":true,"href":"https:\/\/politicosaldesnudo.com.mx\/index.php\/wp-json\/wp\/v2\/tags?post=17322"}],"curies":[{"name":"wp","href":"https:\/\/api.w.org\/{rel}","templated":true}]}}