{"id":17344,"date":"2023-03-16T08:10:00","date_gmt":"2023-03-16T14:10:00","guid":{"rendered":"https:\/\/politicosaldesnudo.com.mx\/?p=17344"},"modified":"2023-03-16T08:13:22","modified_gmt":"2023-03-16T14:13:22","slug":"en-la-recta-final-banco-mifiel-continua-subastando-por-citibanamex","status":"publish","type":"post","link":"https:\/\/politicosaldesnudo.com.mx\/index.php\/2023\/03\/16\/en-la-recta-final-banco-mifiel-continua-subastando-por-citibanamex\/","title":{"rendered":"En la recta final, Banco Mifiel continua subastando por Citibanamex"},"content":{"rendered":"<p class=\"p1\"><span style=\"font-size: 14pt;\"><em><strong>CIUDAD DE M\u00c9XICO.<\/strong> <\/em>El <strong>banco Mifel<\/strong> contin\u00faa en <strong>la puja<\/strong> para la <strong>adquisici\u00f3n de la unidad de banca minorista en el pa\u00eds<\/strong> del gigante <strong>estadounidense Citigroup<\/strong>, dijo el jefe de la entidad, Daniel Becker.<\/span><\/p>\n<p class=\"p1\"><span style=\"font-size: 18pt;\"><strong>A principios del a\u00f1o pasado, Citi anunci\u00f3 que vender\u00eda sus operaciones de Citibanamex, lo que despert\u00f3 el inter\u00e9s de varios posibles compradores, muchos de los cuales han venido abandonando el proceso.<\/strong><\/span><\/p>\n<p>&nbsp;<\/p>\n<blockquote>\n<p class=\"p1\"><span style=\"font-size: 14pt;\">S\u00ed, seguimos en el proceso\u201d, dijo Daniel Becker en la antesala de una convenci\u00f3n bancaria que se lleva a cabo esta semana en M\u00e9rida<\/span><\/p>\n<\/blockquote>\n<p>&nbsp;<\/p>\n<p class=\"p1\"><span style=\"font-size: 14pt;\">Otro posible grupo de inversionistas estar\u00eda encabezado por el magnate Germ\u00e1n Larrea, quien es due\u00f1o de la gigante minera Grupo M\u00e9xico.<\/span><\/p>\n<p class=\"p1\"><span style=\"font-size: 18pt;\"><strong>Tras el anuncio de la venta del negocio de la banca de consumo -sucursales y cuentas de los clientes, acervo cultural que incluye edificios en el Centro Hist\u00f3rico; el negocio de cr\u00e9dito de n\u00f3mina, tarjetas, hipotecas, auto y pymes, as\u00ed como Afores y seguros- en enero de 2022, despert\u00f3 el inter\u00e9s de instituciones como Inbursa, Santander y Banorte; adem\u00e1s de empresarios como Ricardo Salinas Pliego y Javier Garza.<\/strong><\/span><\/p>\n<p class=\"p1\"><span style=\"font-size: 14pt;\">Sin embargo, poco a poco dejaron de tener inter\u00e9s en Citibanamex, dejando en la recta final a Mifel con Daniel Becker y Grupo M\u00e9xico con Germ\u00e1n Larrea.<\/span><\/p>\n<p>&nbsp;<\/p>\n<p>&nbsp;<\/p>\n<p>&nbsp;<\/p>\n<p>&nbsp;<\/p>\n<p>&nbsp;<\/p>\n","protected":false},"excerpt":{"rendered":"<p>CIUDAD DE M\u00c9XICO. El banco Mifel contin\u00faa en la puja para la adquisici\u00f3n de la unidad de banca minorista en<\/p>\n","protected":false},"author":4,"featured_media":17347,"comment_status":"closed","ping_status":"closed","sticky":false,"template":"","format":"standard","meta":{"colormag_page_container_layout":"default_layout","colormag_page_sidebar_layout":"default_layout","_jetpack_memberships_contains_paid_content":false,"footnotes":"","jetpack_publicize_message":"","jetpack_publicize_feature_enabled":true,"jetpack_social_post_already_shared":false,"jetpack_social_options":{"image_generator_settings":{"template":"highway","default_image_id":0,"font":"","enabled":false},"version":2}},"categories":[2050],"tags":[2392,392,2393,2394],"class_list":["post-17344","post","type-post","status-publish","format-standard","has-post-thumbnail","hentry","category-economia","tag-banca-mifiel","tag-citibanamex","tag-daniel-becker","tag-german-larrea"],"jetpack_publicize_connections":[],"jetpack_featured_media_url":"https:\/\/i0.wp.com\/politicosaldesnudo.com.mx\/wp-content\/uploads\/2023\/03\/P-BANAMEX.png?fit=1816%2C1016&ssl=1","jetpack-related-posts":[],"jetpack_sharing_enabled":true,"_links":{"self":[{"href":"https:\/\/politicosaldesnudo.com.mx\/index.php\/wp-json\/wp\/v2\/posts\/17344","targetHints":{"allow":["GET"]}}],"collection":[{"href":"https:\/\/politicosaldesnudo.com.mx\/index.php\/wp-json\/wp\/v2\/posts"}],"about":[{"href":"https:\/\/politicosaldesnudo.com.mx\/index.php\/wp-json\/wp\/v2\/types\/post"}],"author":[{"embeddable":true,"href":"https:\/\/politicosaldesnudo.com.mx\/index.php\/wp-json\/wp\/v2\/users\/4"}],"replies":[{"embeddable":true,"href":"https:\/\/politicosaldesnudo.com.mx\/index.php\/wp-json\/wp\/v2\/comments?post=17344"}],"version-history":[{"count":0,"href":"https:\/\/politicosaldesnudo.com.mx\/index.php\/wp-json\/wp\/v2\/posts\/17344\/revisions"}],"wp:featuredmedia":[{"embeddable":true,"href":"https:\/\/politicosaldesnudo.com.mx\/index.php\/wp-json\/wp\/v2\/media\/17347"}],"wp:attachment":[{"href":"https:\/\/politicosaldesnudo.com.mx\/index.php\/wp-json\/wp\/v2\/media?parent=17344"}],"wp:term":[{"taxonomy":"category","embeddable":true,"href":"https:\/\/politicosaldesnudo.com.mx\/index.php\/wp-json\/wp\/v2\/categories?post=17344"},{"taxonomy":"post_tag","embeddable":true,"href":"https:\/\/politicosaldesnudo.com.mx\/index.php\/wp-json\/wp\/v2\/tags?post=17344"}],"curies":[{"name":"wp","href":"https:\/\/api.w.org\/{rel}","templated":true}]}}