{"id":17399,"date":"2023-03-17T11:13:17","date_gmt":"2023-03-17T17:13:17","guid":{"rendered":"https:\/\/politicosaldesnudo.com.mx\/?p=17399"},"modified":"2023-03-17T11:24:33","modified_gmt":"2023-03-17T17:24:33","slug":"corte-penal-internacional-pide-detener-a-putin-por-crimenes-de-guerra","status":"publish","type":"post","link":"https:\/\/politicosaldesnudo.com.mx\/index.php\/2023\/03\/17\/corte-penal-internacional-pide-detener-a-putin-por-crimenes-de-guerra\/","title":{"rendered":"Corte Penal Internacional pide detener a Putin por cr\u00edmenes de guerra en Ucrania"},"content":{"rendered":"<p>&nbsp;<\/p>\n<p class=\"p1\"><span style=\"font-size: 14pt;\"><em><strong>LA HAYA, PA\u00cdSES BAJOS.<\/strong><\/em> La <strong>Corte Penal Internacional<\/strong> anunci\u00f3 este viernes que <strong>ha emitido una orden de detenci\u00f3n contra el presidente ruso Vlad\u00edmir Putin<\/strong> por cr\u00edmenes de guerra, debido a su <strong>presunta implicaci\u00f3n en el secuestro de ni\u00f1os en Ucrania<\/strong>.<\/span><\/p>\n<p class=\"p1\"><span style=\"font-size: 18pt;\"><strong>El vocero del Kremlin, Dmitry Peskov, dijo que Rusia no reconoce a la Corte Penal Internacional y considera que sus decisiones son \u201clegalmente nulas\u201d.<\/strong><\/span><\/p>\n<p class=\"p1\"><span style=\"font-size: 18pt;\"><strong>A\u00f1adi\u00f3 que la decisi\u00f3n de la corte de emitir una orden de arresto contra Putin es \u201cindignante e inaceptable\u201d.<\/strong><\/span><\/p>\n<p class=\"p1\"><span style=\"font-size: 14pt;\">En un comunicado, el tribunal afirm\u00f3 que Putin \u201ces presuntamente responsable del crimen de guerra de deportaci\u00f3n ilegal de poblaci\u00f3n (ni\u00f1os) y del de traslado ilegal de poblaci\u00f3n (ni\u00f1os) desde las zonas ocupadas de Ucrania hacia la Federaci\u00f3n Rusa\u201d.<\/span><\/p>\n<p class=\"p1\"><span style=\"font-size: 18pt;\"><strong>La CPI tambi\u00e9n emiti\u00f3 el viernes una orden de detenci\u00f3n contra Maria Alekseyevna Lvova-Belova, comisionada para los derechos de la infancia de la Oficina del Presidente de la Federaci\u00f3n Rusa, por imputaciones similares.<\/strong><\/span><\/p>\n<p class=\"p1\"><span style=\"font-size: 14pt;\">El presidente de la corte, Piotr Hofmanski, dijo en un video que si bien los jueces de la CPI emitieron las \u00f3rdenes, depender\u00e1 de la comunidad internacional hacerlas cumplir. La CPI no tiene una fuerza policial propia para hacer cumplir las \u00f3rdenes.<\/span><\/p>\n<p>&nbsp;<\/p>\n<blockquote>\n<p class=\"p1\"><span style=\"font-size: 14pt;\">La CPI est\u00e1 haciendo su parte de trabajo como tribunal de justicia. Los jueces emitieron \u00f3rdenes de arresto. La ejecuci\u00f3n depende de la cooperaci\u00f3n internacional\u201d<\/span><\/p>\n<\/blockquote>\n<p>&nbsp;<\/p>\n<p class=\"p1\"><span style=\"font-size: 18pt;\"><strong>Un posible juicio a alg\u00fan ruso en la CPI sigue siendo una posibilidad muy remota, ya que Mosc\u00fa no reconoce la jurisdicci\u00f3n del tribunal \u2014una posici\u00f3n reafirmada a principios de esta semana por el portavoz del Kremlin, Dmitry Peskov\u2014 y no extradita a sus ciudadanos.<\/strong><\/span><\/p>\n<p class=\"p1\"><span style=\"font-size: 14pt;\">Ucrania tampoco es miembro de la corte, pero le ha otorgado a la CPI jurisdicci\u00f3n sobre su territorio y el fiscal de la CPI, Karim Khan, la ha visitado cuatro veces desde que abri\u00f3 una investigaci\u00f3n hace un a\u00f1o.<\/span><\/p>\n<p class=\"p1\"><span style=\"font-size: 14pt;\">La CPI dijo que su sala de cuestiones preliminares hall\u00f3 que exist\u00edan \u201cfundamentos suficientes para creer que cada sospechoso tiene responsabilidad por el crimen de guerra de deportaci\u00f3n ilegal de poblaci\u00f3n y transferencia ilegal de poblaci\u00f3n de las zonas ocupadas de Ucrania a la Federaci\u00f3n Rusia en perjuicio de ni\u00f1os ucranianos\u201d.<\/span><\/p>\n<p class=\"p1\"><span style=\"font-size: 18pt;\"><strong>El jueves, una investigaci\u00f3n respaldada por la ONU mencion\u00f3 los ataques rusos a civiles en Ucrania, as\u00ed como tortura sistem\u00e1tica y matanzas en zonas ocupadas, entre otros presuntos actos que constituyen cr\u00edmenes de guerra y posiblemente de lesa humanidad.<\/strong><\/span><\/p>\n<p class=\"p1\"><span style=\"font-size: 14pt;\">La amplia investigaci\u00f3n tambi\u00e9n descubri\u00f3 cr\u00edmenes contra ucranianos cometidos en territorio ruso, como impedir que ni\u00f1os ucranianos deportados se reunieran con sus familias, un sistema de \u201cfiltraci\u00f3n\u201d que apuntaba a identificar a ucranianos para encarcelarlos, torturarlos y someterlos a condiciones de detenci\u00f3n infrahumanas.<\/span><\/p>\n<p class=\"p1\"><span style=\"font-size: 14pt;\">Sin embargo, la CPI puso el viernes el rostro de Putin en las denuncias de secuestro de ni\u00f1os.<\/span><\/p>\n<p>&nbsp;<\/p>\n<p>&nbsp;<\/p>\n<p>&nbsp;<\/p>\n<p>&nbsp;<\/p>\n","protected":false},"excerpt":{"rendered":"<p>&nbsp; LA HAYA, PA\u00cdSES BAJOS. La Corte Penal Internacional anunci\u00f3 este viernes que ha emitido una orden de detenci\u00f3n contra<\/p>\n","protected":false},"author":4,"featured_media":17400,"comment_status":"closed","ping_status":"closed","sticky":false,"template":"","format":"standard","meta":{"colormag_page_container_layout":"default_layout","colormag_page_sidebar_layout":"default_layout","_jetpack_memberships_contains_paid_content":false,"footnotes":"","jetpack_publicize_message":"","jetpack_publicize_feature_enabled":true,"jetpack_social_post_already_shared":false,"jetpack_social_options":{"image_generator_settings":{"template":"highway","default_image_id":0,"font":"","enabled":false},"version":2}},"categories":[28],"tags":[2407,119,1237,2406,74,399,1687],"class_list":["post-17399","post","type-post","status-publish","format-standard","has-post-thumbnail","hentry","category-internacional","tag-cpi","tag-detencion","tag-guerra","tag-putin","tag-rusia","tag-ucrania","tag-vladirmir-putin"],"jetpack_publicize_connections":[],"jetpack_featured_media_url":"https:\/\/i0.wp.com\/politicosaldesnudo.com.mx\/wp-content\/uploads\/2023\/03\/P-VLADIMIR-PUTIN.png?fit=1816%2C1016&ssl=1","jetpack-related-posts":[],"jetpack_sharing_enabled":true,"_links":{"self":[{"href":"https:\/\/politicosaldesnudo.com.mx\/index.php\/wp-json\/wp\/v2\/posts\/17399","targetHints":{"allow":["GET"]}}],"collection":[{"href":"https:\/\/politicosaldesnudo.com.mx\/index.php\/wp-json\/wp\/v2\/posts"}],"about":[{"href":"https:\/\/politicosaldesnudo.com.mx\/index.php\/wp-json\/wp\/v2\/types\/post"}],"author":[{"embeddable":true,"href":"https:\/\/politicosaldesnudo.com.mx\/index.php\/wp-json\/wp\/v2\/users\/4"}],"replies":[{"embeddable":true,"href":"https:\/\/politicosaldesnudo.com.mx\/index.php\/wp-json\/wp\/v2\/comments?post=17399"}],"version-history":[{"count":0,"href":"https:\/\/politicosaldesnudo.com.mx\/index.php\/wp-json\/wp\/v2\/posts\/17399\/revisions"}],"wp:featuredmedia":[{"embeddable":true,"href":"https:\/\/politicosaldesnudo.com.mx\/index.php\/wp-json\/wp\/v2\/media\/17400"}],"wp:attachment":[{"href":"https:\/\/politicosaldesnudo.com.mx\/index.php\/wp-json\/wp\/v2\/media?parent=17399"}],"wp:term":[{"taxonomy":"category","embeddable":true,"href":"https:\/\/politicosaldesnudo.com.mx\/index.php\/wp-json\/wp\/v2\/categories?post=17399"},{"taxonomy":"post_tag","embeddable":true,"href":"https:\/\/politicosaldesnudo.com.mx\/index.php\/wp-json\/wp\/v2\/tags?post=17399"}],"curies":[{"name":"wp","href":"https:\/\/api.w.org\/{rel}","templated":true}]}}