{"id":17567,"date":"2023-03-21T11:19:05","date_gmt":"2023-03-21T17:19:05","guid":{"rendered":"https:\/\/politicosaldesnudo.com.mx\/?p=17567"},"modified":"2023-03-21T11:56:23","modified_gmt":"2023-03-21T17:56:23","slug":"explota-fabrica-clandestina-de-pirotecnia-en-morelos-se-registran-varios-muertos-y-heridos-video","status":"publish","type":"post","link":"https:\/\/politicosaldesnudo.com.mx\/index.php\/2023\/03\/21\/explota-fabrica-clandestina-de-pirotecnia-en-morelos-se-registran-varios-muertos-y-heridos-video\/","title":{"rendered":"Explota fabrica clandestina de pirotecnia en Morelos, se registran varios muertos y heridos [Video]"},"content":{"rendered":"<p>&nbsp;<\/p>\n<p class=\"p2\"><span style=\"font-size: 14pt;\"><em><strong>TOTOLAPAN, MORELOS.<\/strong> <\/em><strong>Una fuerte explosi\u00f3n en un polvor\u00edn<\/strong> dentro de un inmueble de <strong>pirotecnia clandestina en Totolapan, Morelos<\/strong>, dej\u00f3 siete personas <strong>muertas y 15 heridas, entre ellas un adulto mayor y dos menores de edad<\/strong>, quienes se encuentran hospitalizados.<\/span><\/p>\n<p class=\"p2\"><span style=\"font-size: 18pt;\"><strong>Protecci\u00f3n Civil asegur\u00f3 que de las 15 personas heridas, tres fueron trasladadas a unidades hospitalarias y el resto recibi\u00f3 atenci\u00f3n en el lugar, mientras que la Secretar\u00eda de Salud, a trav\u00e9s de Servicios de Salud de Morelos (SSM), indic\u00f3 que acudi\u00f3 personal del Centro Regulador de Urgencias M\u00e9dicas (CRUM) para brindar atenci\u00f3n prehospitalaria.<\/strong><\/span><\/p>\n<p>&nbsp;<\/p>\n<div style=\"width: 320px;\" class=\"wp-video\"><video class=\"wp-video-shortcode\" id=\"video-17567-1\" width=\"320\" height=\"568\" preload=\"metadata\" controls=\"controls\"><source type=\"video\/mp4\" src=\"https:\/\/politicosaldesnudo.com.mx\/wp-content\/uploads\/2023\/03\/EXPLOSION-MORELOS.mp4?_=1\" \/><a href=\"https:\/\/politicosaldesnudo.com.mx\/wp-content\/uploads\/2023\/03\/EXPLOSION-MORELOS.mp4\">https:\/\/politicosaldesnudo.com.mx\/wp-content\/uploads\/2023\/03\/EXPLOSION-MORELOS.mp4<\/a><\/video><\/div>\n<p>&nbsp;<\/p>\n<p class=\"p2\"><span style=\"font-size: 14pt;\">El presidente municipal, Sergio Omar Livera Chavarria confirm\u00f3 que elementos del Servicio M\u00e9dico Forense (Semefo) contin\u00faan trabajando en el levantamiento de cad\u00e1veres, as\u00ed como de restos humanos que por el impacto fueron esparcidos.<\/span><\/p>\n<p>&nbsp;<\/p>\n<blockquote>\n<p class=\"p2\"><span style=\"font-size: 14pt;\">Estaremos en espera de que la Fiscal\u00eda nos corrobor\u00e9 el levantamiento de cad\u00e1veres y confirme tambi\u00e9n hasta donde lleg\u00f3 la expansi\u00f3n de restos de personas. Los da\u00f1os que la detonaci\u00f3n provoc\u00f3 es de aproximadamente entre 500 y 800 metros a la redonda\u201d, confirm\u00f3 Sergio Omar Livera<\/span><\/p>\n<\/blockquote>\n<p>&nbsp;<\/p>\n<p class=\"p2\"><span style=\"font-size: 18pt;\"><strong>Agreg\u00f3 que derivado de la explosi\u00f3n se colaps\u00f3 uno de los techos de la zona en donde trabajan la pirotecnia, por lo que tambi\u00e9n se tendr\u00e1 que remover el escombro para ver si se encuentran m\u00e1s personas.<\/strong><\/span><\/p>\n<p class=\"p2\"><span style=\"font-size: 14pt;\">El edil Sergio Omar Livera indic\u00f3 que los trabajos continuar\u00e1n durante la ma\u00f1ana de este martes para proseguir con el recuento de los da\u00f1os.<\/span><\/p>\n<p>&nbsp;<\/p>\n<blockquote>\n<p class=\"p2\"><span style=\"font-size: 14pt;\">Tuvimos cristales rotos, puertas, cortinas de locales da\u00f1adas, y todo esto se estar\u00e1 contabilizando, el n\u00famero de hogares afectados en el transcurso de la noche y el d\u00eda de ma\u00f1ana\u201d<\/span><\/p>\n<\/blockquote>\n<p>&nbsp;<\/p>\n<p>&nbsp;<\/p>\n<p>&nbsp;<\/p>\n<p>&nbsp;<\/p>\n<p>&nbsp;<\/p>\n","protected":false},"excerpt":{"rendered":"<p>&nbsp; TOTOLAPAN, MORELOS. Una fuerte explosi\u00f3n en un polvor\u00edn dentro de un inmueble de pirotecnia clandestina en Totolapan, Morelos, dej\u00f3 [&hellip;]<\/p>\n","protected":false},"author":4,"featured_media":17568,"comment_status":"closed","ping_status":"closed","sticky":false,"template":"","format":"standard","meta":{"site-sidebar-layout":"default","site-content-layout":"","ast-site-content-layout":"default","site-content-style":"default","site-sidebar-style":"default","ast-global-header-display":"","ast-banner-title-visibility":"","ast-main-header-display":"","ast-hfb-above-header-display":"","ast-hfb-below-header-display":"","ast-hfb-mobile-header-display":"","site-post-title":"","ast-breadcrumbs-content":"","ast-featured-img":"","footer-sml-layout":"","ast-disable-related-posts":"","theme-transparent-header-meta":"","adv-header-id-meta":"","stick-header-meta":"","header-above-stick-meta":"","header-main-stick-meta":"","header-below-stick-meta":"","astra-migrate-meta-layouts":"default","ast-page-background-enabled":"default","ast-page-background-meta":{"desktop":{"background-color":"var(--ast-global-color-5)","background-image":"","background-repeat":"repeat","background-position":"center center","background-size":"auto","background-attachment":"scroll","background-type":"","background-media":"","overlay-type":"","overlay-color":"","overlay-opacity":"","overlay-gradient":""},"tablet":{"background-color":"","background-image":"","background-repeat":"repeat","background-position":"center center","background-size":"auto","background-attachment":"scroll","background-type":"","background-media":"","overlay-type":"","overlay-color":"","overlay-opacity":"","overlay-gradient":""},"mobile":{"background-color":"","background-image":"","background-repeat":"repeat","background-position":"center center","background-size":"auto","background-attachment":"scroll","background-type":"","background-media":"","overlay-type":"","overlay-color":"","overlay-opacity":"","overlay-gradient":""}},"ast-content-background-meta":{"desktop":{"background-color":"var(--ast-global-color-4)","background-image":"","background-repeat":"repeat","background-position":"center center","background-size":"auto","background-attachment":"scroll","background-type":"","background-media":"","overlay-type":"","overlay-color":"","overlay-opacity":"","overlay-gradient":""},"tablet":{"background-color":"var(--ast-global-color-4)","background-image":"","background-repeat":"repeat","background-position":"center center","background-size":"auto","background-attachment":"scroll","background-type":"","background-media":"","overlay-type":"","overlay-color":"","overlay-opacity":"","overlay-gradient":""},"mobile":{"background-color":"var(--ast-global-color-4)","background-image":"","background-repeat":"repeat","background-position":"center center","background-size":"auto","background-attachment":"scroll","background-type":"","background-media":"","overlay-type":"","overlay-color":"","overlay-opacity":"","overlay-gradient":""}},"_jetpack_newsletter_access":"","_jetpack_dont_email_post_to_subs":false,"_jetpack_newsletter_tier_id":0,"_jetpack_memberships_contains_paywalled_content":false,"_jetpack_feature_clip_id":0,"_jetpack_memberships_contains_paid_content":false,"footnotes":"","jetpack_publicize_message":"","jetpack_publicize_feature_enabled":true,"jetpack_social_post_already_shared":false,"jetpack_social_options":{"image_generator_settings":{"template":"highway","default_image_id":0,"font":"","enabled":false},"version":2},"jetpack_post_was_ever_published":false},"categories":[30],"tags":[445,2437,2064],"class_list":["post-17567","post","type-post","status-publish","format-standard","has-post-thumbnail","hentry","category-estados","tag-explosion","tag-morelos","tag-pirotecnia"],"yoast_head":"<!-- This site is optimized with the Yoast SEO plugin v28.3 - https:\/\/yoast.com\/product\/yoast-seo-wordpress\/ -->\n<title>Explota fabrica clandestina de pirotecnia en Morelos, se registran varios muertos y heridos [Video] - Pol\u00edticos al Desnudo<\/title>\n<meta name=\"robots\" content=\"index, follow, max-snippet:-1, max-image-preview:large, max-video-preview:-1\" \/>\n<link rel=\"canonical\" href=\"https:\/\/politicosaldesnudo.com.mx\/index.php\/2023\/03\/21\/explota-fabrica-clandestina-de-pirotecnia-en-morelos-se-registran-varios-muertos-y-heridos-video\/\" \/>\n<meta property=\"og:locale\" content=\"es_ES\" \/>\n<meta property=\"og:type\" content=\"article\" \/>\n<meta property=\"og:title\" content=\"Explota fabrica clandestina de pirotecnia en Morelos, se registran varios muertos y heridos [Video] - Pol\u00edticos al Desnudo\" \/>\n<meta property=\"og:description\" content=\"&nbsp; TOTOLAPAN, MORELOS. Una fuerte explosi\u00f3n en un polvor\u00edn dentro de un inmueble de pirotecnia clandestina en Totolapan, Morelos, dej\u00f3 [&hellip;]\" \/>\n<meta property=\"og:url\" content=\"https:\/\/politicosaldesnudo.com.mx\/index.php\/2023\/03\/21\/explota-fabrica-clandestina-de-pirotecnia-en-morelos-se-registran-varios-muertos-y-heridos-video\/\" \/>\n<meta property=\"og:site_name\" content=\"Pol\u00edticos al Desnudo\" \/>\n<meta property=\"article:publisher\" content=\"https:\/\/www.facebook.com\/PoliticosAD\" \/>\n<meta property=\"article:published_time\" content=\"2023-03-21T17:19:05+00:00\" \/>\n<meta property=\"article:modified_time\" content=\"2023-03-21T17:56:23+00:00\" \/>\n<meta property=\"og:image\" content=\"https:\/\/i0.wp.com\/politicosaldesnudo.com.mx\/wp-content\/uploads\/2023\/03\/P-EXPLOSION-MORELOS.png?fit=1816%2C1016&ssl=1\" \/>\n\t<meta property=\"og:image:width\" content=\"1816\" \/>\n\t<meta property=\"og:image:height\" content=\"1016\" \/>\n\t<meta property=\"og:image:type\" content=\"image\/png\" \/>\n<meta name=\"author\" content=\"Redacci\u00f3n Pol\u00edticos\" \/>\n<meta name=\"twitter:card\" content=\"summary_large_image\" \/>\n<meta name=\"twitter:label1\" content=\"Escrito por\" \/>\n\t<meta name=\"twitter:data1\" content=\"Redacci\u00f3n Pol\u00edticos\" \/>\n\t<meta name=\"twitter:label2\" content=\"Tiempo de lectura\" \/>\n\t<meta name=\"twitter:data2\" content=\"2 minutos\" \/>\n<script type=\"application\/ld+json\" class=\"yoast-schema-graph\">{\"@context\":\"https:\\\/\\\/schema.org\",\"@graph\":[{\"@type\":\"Article\",\"@id\":\"https:\\\/\\\/politicosaldesnudo.com.mx\\\/index.php\\\/2023\\\/03\\\/21\\\/explota-fabrica-clandestina-de-pirotecnia-en-morelos-se-registran-varios-muertos-y-heridos-video\\\/#article\",\"isPartOf\":{\"@id\":\"https:\\\/\\\/politicosaldesnudo.com.mx\\\/index.php\\\/2023\\\/03\\\/21\\\/explota-fabrica-clandestina-de-pirotecnia-en-morelos-se-registran-varios-muertos-y-heridos-video\\\/\"},\"author\":{\"name\":\"Redacci\u00f3n Pol\u00edticos\",\"@id\":\"https:\\\/\\\/politicosaldesnudo.com.mx\\\/#\\\/schema\\\/person\\\/ef3a64e561cc3f3f5dc52fab81adde7e\"},\"headline\":\"Explota fabrica clandestina de pirotecnia en Morelos, se registran varios muertos y heridos [Video]\",\"datePublished\":\"2023-03-21T17:19:05+00:00\",\"dateModified\":\"2023-03-21T17:56:23+00:00\",\"mainEntityOfPage\":{\"@id\":\"https:\\\/\\\/politicosaldesnudo.com.mx\\\/index.php\\\/2023\\\/03\\\/21\\\/explota-fabrica-clandestina-de-pirotecnia-en-morelos-se-registran-varios-muertos-y-heridos-video\\\/\"},\"wordCount\":323,\"publisher\":{\"@id\":\"https:\\\/\\\/politicosaldesnudo.com.mx\\\/#organization\"},\"image\":{\"@id\":\"https:\\\/\\\/politicosaldesnudo.com.mx\\\/index.php\\\/2023\\\/03\\\/21\\\/explota-fabrica-clandestina-de-pirotecnia-en-morelos-se-registran-varios-muertos-y-heridos-video\\\/#primaryimage\"},\"thumbnailUrl\":\"https:\\\/\\\/i0.wp.com\\\/politicosaldesnudo.com.mx\\\/wp-content\\\/uploads\\\/2023\\\/03\\\/P-EXPLOSION-MORELOS.png?fit=1816%2C1016&ssl=1\",\"keywords\":[\"EXPLOSI\u00d3N\",\"MORELOS\",\"PIROTECNIA\"],\"articleSection\":[\"ESTADOS\"],\"inLanguage\":\"es\"},{\"@type\":\"WebPage\",\"@id\":\"https:\\\/\\\/politicosaldesnudo.com.mx\\\/index.php\\\/2023\\\/03\\\/21\\\/explota-fabrica-clandestina-de-pirotecnia-en-morelos-se-registran-varios-muertos-y-heridos-video\\\/\",\"url\":\"https:\\\/\\\/politicosaldesnudo.com.mx\\\/index.php\\\/2023\\\/03\\\/21\\\/explota-fabrica-clandestina-de-pirotecnia-en-morelos-se-registran-varios-muertos-y-heridos-video\\\/\",\"name\":\"Explota fabrica clandestina de pirotecnia en Morelos, se registran varios muertos y heridos [Video] - Pol\u00edticos al Desnudo\",\"isPartOf\":{\"@id\":\"https:\\\/\\\/politicosaldesnudo.com.mx\\\/#website\"},\"primaryImageOfPage\":{\"@id\":\"https:\\\/\\\/politicosaldesnudo.com.mx\\\/index.php\\\/2023\\\/03\\\/21\\\/explota-fabrica-clandestina-de-pirotecnia-en-morelos-se-registran-varios-muertos-y-heridos-video\\\/#primaryimage\"},\"image\":{\"@id\":\"https:\\\/\\\/politicosaldesnudo.com.mx\\\/index.php\\\/2023\\\/03\\\/21\\\/explota-fabrica-clandestina-de-pirotecnia-en-morelos-se-registran-varios-muertos-y-heridos-video\\\/#primaryimage\"},\"thumbnailUrl\":\"https:\\\/\\\/i0.wp.com\\\/politicosaldesnudo.com.mx\\\/wp-content\\\/uploads\\\/2023\\\/03\\\/P-EXPLOSION-MORELOS.png?fit=1816%2C1016&ssl=1\",\"datePublished\":\"2023-03-21T17:19:05+00:00\",\"dateModified\":\"2023-03-21T17:56:23+00:00\",\"breadcrumb\":{\"@id\":\"https:\\\/\\\/politicosaldesnudo.com.mx\\\/index.php\\\/2023\\\/03\\\/21\\\/explota-fabrica-clandestina-de-pirotecnia-en-morelos-se-registran-varios-muertos-y-heridos-video\\\/#breadcrumb\"},\"inLanguage\":\"es\",\"potentialAction\":[{\"@type\":\"ReadAction\",\"target\":[\"https:\\\/\\\/politicosaldesnudo.com.mx\\\/index.php\\\/2023\\\/03\\\/21\\\/explota-fabrica-clandestina-de-pirotecnia-en-morelos-se-registran-varios-muertos-y-heridos-video\\\/\"]}]},{\"@type\":\"ImageObject\",\"inLanguage\":\"es\",\"@id\":\"https:\\\/\\\/politicosaldesnudo.com.mx\\\/index.php\\\/2023\\\/03\\\/21\\\/explota-fabrica-clandestina-de-pirotecnia-en-morelos-se-registran-varios-muertos-y-heridos-video\\\/#primaryimage\",\"url\":\"https:\\\/\\\/i0.wp.com\\\/politicosaldesnudo.com.mx\\\/wp-content\\\/uploads\\\/2023\\\/03\\\/P-EXPLOSION-MORELOS.png?fit=1816%2C1016&ssl=1\",\"contentUrl\":\"https:\\\/\\\/i0.wp.com\\\/politicosaldesnudo.com.mx\\\/wp-content\\\/uploads\\\/2023\\\/03\\\/P-EXPLOSION-MORELOS.png?fit=1816%2C1016&ssl=1\",\"width\":1816,\"height\":1016},{\"@type\":\"BreadcrumbList\",\"@id\":\"https:\\\/\\\/politicosaldesnudo.com.mx\\\/index.php\\\/2023\\\/03\\\/21\\\/explota-fabrica-clandestina-de-pirotecnia-en-morelos-se-registran-varios-muertos-y-heridos-video\\\/#breadcrumb\",\"itemListElement\":[{\"@type\":\"ListItem\",\"position\":1,\"name\":\"Portada\",\"item\":\"https:\\\/\\\/politicosaldesnudo.com.mx\\\/\"},{\"@type\":\"ListItem\",\"position\":2,\"name\":\"Explota fabrica clandestina de pirotecnia en Morelos, se registran varios muertos y heridos [Video]\"}]},{\"@type\":\"WebSite\",\"@id\":\"https:\\\/\\\/politicosaldesnudo.com.mx\\\/#website\",\"url\":\"https:\\\/\\\/politicosaldesnudo.com.mx\\\/\",\"name\":\"Pol\u00edticos al Desnudo\",\"description\":\"\",\"publisher\":{\"@id\":\"https:\\\/\\\/politicosaldesnudo.com.mx\\\/#organization\"},\"potentialAction\":[{\"@type\":\"SearchAction\",\"target\":{\"@type\":\"EntryPoint\",\"urlTemplate\":\"https:\\\/\\\/politicosaldesnudo.com.mx\\\/?s={search_term_string}\"},\"query-input\":{\"@type\":\"PropertyValueSpecification\",\"valueRequired\":true,\"valueName\":\"search_term_string\"}}],\"inLanguage\":\"es\"},{\"@type\":\"Organization\",\"@id\":\"https:\\\/\\\/politicosaldesnudo.com.mx\\\/#organization\",\"name\":\"Pol\u00edticos al Desnudo\",\"url\":\"https:\\\/\\\/politicosaldesnudo.com.mx\\\/\",\"logo\":{\"@type\":\"ImageObject\",\"inLanguage\":\"es\",\"@id\":\"https:\\\/\\\/politicosaldesnudo.com.mx\\\/#\\\/schema\\\/logo\\\/image\\\/\",\"url\":\"https:\\\/\\\/i0.wp.com\\\/politicosaldesnudo.com.mx\\\/wp-content\\\/uploads\\\/2026\\\/08\\\/cropped-logo.webp?fit=400%2C126&ssl=1\",\"contentUrl\":\"https:\\\/\\\/i0.wp.com\\\/politicosaldesnudo.com.mx\\\/wp-content\\\/uploads\\\/2026\\\/08\\\/cropped-logo.webp?fit=400%2C126&ssl=1\",\"width\":400,\"height\":126,\"caption\":\"Pol\u00edticos al Desnudo\"},\"image\":{\"@id\":\"https:\\\/\\\/politicosaldesnudo.com.mx\\\/#\\\/schema\\\/logo\\\/image\\\/\"},\"sameAs\":[\"https:\\\/\\\/www.facebook.com\\\/PoliticosAD\"]},{\"@type\":\"Person\",\"@id\":\"https:\\\/\\\/politicosaldesnudo.com.mx\\\/#\\\/schema\\\/person\\\/ef3a64e561cc3f3f5dc52fab81adde7e\",\"name\":\"Redacci\u00f3n Pol\u00edticos\",\"url\":\"https:\\\/\\\/politicosaldesnudo.com.mx\\\/index.php\\\/author\\\/redaccion-politicos\\\/\"}]}<\/script>\n<!-- \/ Yoast SEO plugin. -->","yoast_head_json":{"title":"Explota fabrica clandestina de pirotecnia en Morelos, se registran varios muertos y heridos [Video] - Pol\u00edticos al Desnudo","robots":{"index":"index","follow":"follow","max-snippet":"max-snippet:-1","max-image-preview":"max-image-preview:large","max-video-preview":"max-video-preview:-1"},"canonical":"https:\/\/politicosaldesnudo.com.mx\/index.php\/2023\/03\/21\/explota-fabrica-clandestina-de-pirotecnia-en-morelos-se-registran-varios-muertos-y-heridos-video\/","og_locale":"es_ES","og_type":"article","og_title":"Explota fabrica clandestina de pirotecnia en Morelos, se registran varios muertos y heridos [Video] - Pol\u00edticos al Desnudo","og_description":"&nbsp; TOTOLAPAN, MORELOS. Una fuerte explosi\u00f3n en un polvor\u00edn dentro de un inmueble de pirotecnia clandestina en Totolapan, Morelos, dej\u00f3 [&hellip;]","og_url":"https:\/\/politicosaldesnudo.com.mx\/index.php\/2023\/03\/21\/explota-fabrica-clandestina-de-pirotecnia-en-morelos-se-registran-varios-muertos-y-heridos-video\/","og_site_name":"Pol\u00edticos al Desnudo","article_publisher":"https:\/\/www.facebook.com\/PoliticosAD","article_published_time":"2023-03-21T17:19:05+00:00","article_modified_time":"2023-03-21T17:56:23+00:00","og_image":[{"width":1816,"height":1016,"url":"https:\/\/i0.wp.com\/politicosaldesnudo.com.mx\/wp-content\/uploads\/2023\/03\/P-EXPLOSION-MORELOS.png?fit=1816%2C1016&ssl=1","type":"image\/png"}],"author":"Redacci\u00f3n Pol\u00edticos","twitter_card":"summary_large_image","twitter_misc":{"Escrito por":"Redacci\u00f3n Pol\u00edticos","Tiempo de lectura":"2 minutos"},"schema":{"@context":"https:\/\/schema.org","@graph":[{"@type":"Article","@id":"https:\/\/politicosaldesnudo.com.mx\/index.php\/2023\/03\/21\/explota-fabrica-clandestina-de-pirotecnia-en-morelos-se-registran-varios-muertos-y-heridos-video\/#article","isPartOf":{"@id":"https:\/\/politicosaldesnudo.com.mx\/index.php\/2023\/03\/21\/explota-fabrica-clandestina-de-pirotecnia-en-morelos-se-registran-varios-muertos-y-heridos-video\/"},"author":{"name":"Redacci\u00f3n Pol\u00edticos","@id":"https:\/\/politicosaldesnudo.com.mx\/#\/schema\/person\/ef3a64e561cc3f3f5dc52fab81adde7e"},"headline":"Explota fabrica clandestina de pirotecnia en Morelos, se registran varios muertos y heridos [Video]","datePublished":"2023-03-21T17:19:05+00:00","dateModified":"2023-03-21T17:56:23+00:00","mainEntityOfPage":{"@id":"https:\/\/politicosaldesnudo.com.mx\/index.php\/2023\/03\/21\/explota-fabrica-clandestina-de-pirotecnia-en-morelos-se-registran-varios-muertos-y-heridos-video\/"},"wordCount":323,"publisher":{"@id":"https:\/\/politicosaldesnudo.com.mx\/#organization"},"image":{"@id":"https:\/\/politicosaldesnudo.com.mx\/index.php\/2023\/03\/21\/explota-fabrica-clandestina-de-pirotecnia-en-morelos-se-registran-varios-muertos-y-heridos-video\/#primaryimage"},"thumbnailUrl":"https:\/\/i0.wp.com\/politicosaldesnudo.com.mx\/wp-content\/uploads\/2023\/03\/P-EXPLOSION-MORELOS.png?fit=1816%2C1016&ssl=1","keywords":["EXPLOSI\u00d3N","MORELOS","PIROTECNIA"],"articleSection":["ESTADOS"],"inLanguage":"es"},{"@type":"WebPage","@id":"https:\/\/politicosaldesnudo.com.mx\/index.php\/2023\/03\/21\/explota-fabrica-clandestina-de-pirotecnia-en-morelos-se-registran-varios-muertos-y-heridos-video\/","url":"https:\/\/politicosaldesnudo.com.mx\/index.php\/2023\/03\/21\/explota-fabrica-clandestina-de-pirotecnia-en-morelos-se-registran-varios-muertos-y-heridos-video\/","name":"Explota fabrica clandestina de pirotecnia en Morelos, se registran varios muertos y heridos [Video] - Pol\u00edticos al Desnudo","isPartOf":{"@id":"https:\/\/politicosaldesnudo.com.mx\/#website"},"primaryImageOfPage":{"@id":"https:\/\/politicosaldesnudo.com.mx\/index.php\/2023\/03\/21\/explota-fabrica-clandestina-de-pirotecnia-en-morelos-se-registran-varios-muertos-y-heridos-video\/#primaryimage"},"image":{"@id":"https:\/\/politicosaldesnudo.com.mx\/index.php\/2023\/03\/21\/explota-fabrica-clandestina-de-pirotecnia-en-morelos-se-registran-varios-muertos-y-heridos-video\/#primaryimage"},"thumbnailUrl":"https:\/\/i0.wp.com\/politicosaldesnudo.com.mx\/wp-content\/uploads\/2023\/03\/P-EXPLOSION-MORELOS.png?fit=1816%2C1016&ssl=1","datePublished":"2023-03-21T17:19:05+00:00","dateModified":"2023-03-21T17:56:23+00:00","breadcrumb":{"@id":"https:\/\/politicosaldesnudo.com.mx\/index.php\/2023\/03\/21\/explota-fabrica-clandestina-de-pirotecnia-en-morelos-se-registran-varios-muertos-y-heridos-video\/#breadcrumb"},"inLanguage":"es","potentialAction":[{"@type":"ReadAction","target":["https:\/\/politicosaldesnudo.com.mx\/index.php\/2023\/03\/21\/explota-fabrica-clandestina-de-pirotecnia-en-morelos-se-registran-varios-muertos-y-heridos-video\/"]}]},{"@type":"ImageObject","inLanguage":"es","@id":"https:\/\/politicosaldesnudo.com.mx\/index.php\/2023\/03\/21\/explota-fabrica-clandestina-de-pirotecnia-en-morelos-se-registran-varios-muertos-y-heridos-video\/#primaryimage","url":"https:\/\/i0.wp.com\/politicosaldesnudo.com.mx\/wp-content\/uploads\/2023\/03\/P-EXPLOSION-MORELOS.png?fit=1816%2C1016&ssl=1","contentUrl":"https:\/\/i0.wp.com\/politicosaldesnudo.com.mx\/wp-content\/uploads\/2023\/03\/P-EXPLOSION-MORELOS.png?fit=1816%2C1016&ssl=1","width":1816,"height":1016},{"@type":"BreadcrumbList","@id":"https:\/\/politicosaldesnudo.com.mx\/index.php\/2023\/03\/21\/explota-fabrica-clandestina-de-pirotecnia-en-morelos-se-registran-varios-muertos-y-heridos-video\/#breadcrumb","itemListElement":[{"@type":"ListItem","position":1,"name":"Portada","item":"https:\/\/politicosaldesnudo.com.mx\/"},{"@type":"ListItem","position":2,"name":"Explota fabrica clandestina de pirotecnia en Morelos, se registran varios muertos y heridos [Video]"}]},{"@type":"WebSite","@id":"https:\/\/politicosaldesnudo.com.mx\/#website","url":"https:\/\/politicosaldesnudo.com.mx\/","name":"Pol\u00edticos al Desnudo","description":"","publisher":{"@id":"https:\/\/politicosaldesnudo.com.mx\/#organization"},"potentialAction":[{"@type":"SearchAction","target":{"@type":"EntryPoint","urlTemplate":"https:\/\/politicosaldesnudo.com.mx\/?s={search_term_string}"},"query-input":{"@type":"PropertyValueSpecification","valueRequired":true,"valueName":"search_term_string"}}],"inLanguage":"es"},{"@type":"Organization","@id":"https:\/\/politicosaldesnudo.com.mx\/#organization","name":"Pol\u00edticos al Desnudo","url":"https:\/\/politicosaldesnudo.com.mx\/","logo":{"@type":"ImageObject","inLanguage":"es","@id":"https:\/\/politicosaldesnudo.com.mx\/#\/schema\/logo\/image\/","url":"https:\/\/i0.wp.com\/politicosaldesnudo.com.mx\/wp-content\/uploads\/2026\/08\/cropped-logo.webp?fit=400%2C126&ssl=1","contentUrl":"https:\/\/i0.wp.com\/politicosaldesnudo.com.mx\/wp-content\/uploads\/2026\/08\/cropped-logo.webp?fit=400%2C126&ssl=1","width":400,"height":126,"caption":"Pol\u00edticos al Desnudo"},"image":{"@id":"https:\/\/politicosaldesnudo.com.mx\/#\/schema\/logo\/image\/"},"sameAs":["https:\/\/www.facebook.com\/PoliticosAD"]},{"@type":"Person","@id":"https:\/\/politicosaldesnudo.com.mx\/#\/schema\/person\/ef3a64e561cc3f3f5dc52fab81adde7e","name":"Redacci\u00f3n Pol\u00edticos","url":"https:\/\/politicosaldesnudo.com.mx\/index.php\/author\/redaccion-politicos\/"}]}},"jetpack_publicize_connections":[],"jetpack-related-posts":[{"id":87996,"url":"https:\/\/politicosaldesnudo.com.mx\/index.php\/2026\/08\/23\/nuevos-autobuses-totonaco-arriban-a-poza-rica-operaran-tres-rutas-regionales\/","url_meta":{"origin":17567,"position":0},"title":"Nuevos autobuses Totonaco arriban a Poza Rica; operar\u00e1n tres rutas regionales","author":"Redacci\u00f3n Pol\u00edticos","date":"23 de agosto de 2026","format":false,"excerpt":"Los primeros autobuses del Servicio Totonaco ya se encuentran en Poza Rica como parte del proyecto con el que se busca renovar y ampliar las opciones de transporte p\u00fablico en la zona norte de Veracruz. Las unidades comenzaron a llegar durante el fin de semana y formar\u00e1n parte de una\u2026","rel":"","context":"En \u00abESTADOS\u00bb","block_context":{"text":"ESTADOS","link":"https:\/\/politicosaldesnudo.com.mx\/index.php\/category\/estados\/"},"img":{"alt_text":"","src":"https:\/\/i0.wp.com\/politicosaldesnudo.com.mx\/wp-content\/uploads\/2026\/08\/tt.jpg?fit=888%2C500&ssl=1&resize=350%2C200","width":350,"height":200,"srcset":"https:\/\/i0.wp.com\/politicosaldesnudo.com.mx\/wp-content\/uploads\/2026\/08\/tt.jpg?fit=888%2C500&ssl=1&resize=350%2C200 1x, https:\/\/i0.wp.com\/politicosaldesnudo.com.mx\/wp-content\/uploads\/2026\/08\/tt.jpg?fit=888%2C500&ssl=1&resize=525%2C300 1.5x, https:\/\/i0.wp.com\/politicosaldesnudo.com.mx\/wp-content\/uploads\/2026\/08\/tt.jpg?fit=888%2C500&ssl=1&resize=700%2C400 2x"},"classes":[]},{"id":6008,"url":"https:\/\/politicosaldesnudo.com.mx\/index.php\/2022\/05\/31\/reconocen-labor-de-susana-landeros\/","url_meta":{"origin":17567,"position":1},"title":"Reconocen labor de Susana Landeros","author":"Redacci\u00f3n Pol\u00edticos","date":"31 de mayo de 2022","format":false,"excerpt":"Morelos. En el marco de la clausura de la exposici\u00f3n \u201cMujeres Horizontes\u201d, conformada por obras del maestro oaxaque\u00f1o Rolando Rojas, en la Galer\u00eda Sixtos, de Tepotzotl\u00e1n, se reconoci\u00f3 la trayectoria de Susana Landeros Cort\u00e9s, presidenta de la Fundaci\u00f3n Fertilizando el Esfuerzo, por su destacada labor en el Estado de M\u00e9xico.\u2026","rel":"","context":"En \u00abCULTURA\u00bb","block_context":{"text":"CULTURA","link":"https:\/\/politicosaldesnudo.com.mx\/index.php\/category\/cultura\/"},"img":{"alt_text":"","src":"https:\/\/i0.wp.com\/politicosaldesnudo.com.mx\/wp-content\/uploads\/2022\/05\/P-SUSANALANDEROS4.png?fit=1200%2C671&ssl=1&resize=350%2C200","width":350,"height":200,"srcset":"https:\/\/i0.wp.com\/politicosaldesnudo.com.mx\/wp-content\/uploads\/2022\/05\/P-SUSANALANDEROS4.png?fit=1200%2C671&ssl=1&resize=350%2C200 1x, https:\/\/i0.wp.com\/politicosaldesnudo.com.mx\/wp-content\/uploads\/2022\/05\/P-SUSANALANDEROS4.png?fit=1200%2C671&ssl=1&resize=525%2C300 1.5x, https:\/\/i0.wp.com\/politicosaldesnudo.com.mx\/wp-content\/uploads\/2022\/05\/P-SUSANALANDEROS4.png?fit=1200%2C671&ssl=1&resize=700%2C400 2x, https:\/\/i0.wp.com\/politicosaldesnudo.com.mx\/wp-content\/uploads\/2022\/05\/P-SUSANALANDEROS4.png?fit=1200%2C671&ssl=1&resize=1050%2C600 3x"},"classes":[]},{"id":88057,"url":"https:\/\/politicosaldesnudo.com.mx\/index.php\/2026\/08\/25\/canada-se-suma-a-la-alerta-por-mexicali-y-advierte-sobre-violencia-y-secuestros-en-mexico\/","url_meta":{"origin":17567,"position":2},"title":"Canad\u00e1 se suma a la alerta por Mexicali y advierte sobre violencia y secuestros en M\u00e9xico","author":"Redacci\u00f3n Pol\u00edticos","date":"25 de agosto de 2026","format":false,"excerpt":"El Gobierno de Canad\u00e1 actualiz\u00f3 sus recomendaciones de viaje para M\u00e9xico e incorpor\u00f3 la alerta de seguridad emitida por Estados Unidos ante una posible amenaza en Mexicali, Baja California. El aviso estadounidense orden\u00f3 suspender durante este 25 de agosto las actividades de su personal gubernamental y los viajes oficiales hacia\u2026","rel":"","context":"En \u00abINTERNACIONAL\u00bb","block_context":{"text":"INTERNACIONAL","link":"https:\/\/politicosaldesnudo.com.mx\/index.php\/category\/internacional\/"},"img":{"alt_text":"","src":"https:\/\/i0.wp.com\/politicosaldesnudo.com.mx\/wp-content\/uploads\/2026\/08\/mapa-alerta.png?fit=1200%2C675&ssl=1&resize=350%2C200","width":350,"height":200,"srcset":"https:\/\/i0.wp.com\/politicosaldesnudo.com.mx\/wp-content\/uploads\/2026\/08\/mapa-alerta.png?fit=1200%2C675&ssl=1&resize=350%2C200 1x, https:\/\/i0.wp.com\/politicosaldesnudo.com.mx\/wp-content\/uploads\/2026\/08\/mapa-alerta.png?fit=1200%2C675&ssl=1&resize=525%2C300 1.5x, https:\/\/i0.wp.com\/politicosaldesnudo.com.mx\/wp-content\/uploads\/2026\/08\/mapa-alerta.png?fit=1200%2C675&ssl=1&resize=700%2C400 2x, https:\/\/i0.wp.com\/politicosaldesnudo.com.mx\/wp-content\/uploads\/2026\/08\/mapa-alerta.png?fit=1200%2C675&ssl=1&resize=1050%2C600 3x"},"classes":[]},{"id":88103,"url":"https:\/\/politicosaldesnudo.com.mx\/index.php\/2026\/08\/27\/rescatan-a-43-perros-de-un-infierno-clandestino-en-xalapa\/","url_meta":{"origin":17567,"position":3},"title":"Rescatan a 43 perros de un infierno clandestino en Xalapa","author":"Redacci\u00f3n Pol\u00edticos","date":"27 de agosto de 2026","format":false,"excerpt":"Los animales permanec\u00edan hacinados entre basura y plagas en una vivienda de la colonia Modelo; algunos presentan desnutrici\u00f3n, enfermedades en la piel y padecimientos transmitidos por garrapatas. Xalapa, Ver.\u2014 Un total de 43 perros fueron retirados de una vivienda donde presuntamente funcionaba un criadero clandestino, tras ser encontrados en condiciones\u2026","rel":"","context":"En \u00abESTADOS\u00bb","block_context":{"text":"ESTADOS","link":"https:\/\/politicosaldesnudo.com.mx\/index.php\/category\/estados\/"},"img":{"alt_text":"","src":"https:\/\/i0.wp.com\/politicosaldesnudo.com.mx\/wp-content\/uploads\/2026\/08\/ChatGPT-Image-27-ago-2026-17_38_17.png?fit=1200%2C675&ssl=1&resize=350%2C200","width":350,"height":200,"srcset":"https:\/\/i0.wp.com\/politicosaldesnudo.com.mx\/wp-content\/uploads\/2026\/08\/ChatGPT-Image-27-ago-2026-17_38_17.png?fit=1200%2C675&ssl=1&resize=350%2C200 1x, https:\/\/i0.wp.com\/politicosaldesnudo.com.mx\/wp-content\/uploads\/2026\/08\/ChatGPT-Image-27-ago-2026-17_38_17.png?fit=1200%2C675&ssl=1&resize=525%2C300 1.5x, https:\/\/i0.wp.com\/politicosaldesnudo.com.mx\/wp-content\/uploads\/2026\/08\/ChatGPT-Image-27-ago-2026-17_38_17.png?fit=1200%2C675&ssl=1&resize=700%2C400 2x, https:\/\/i0.wp.com\/politicosaldesnudo.com.mx\/wp-content\/uploads\/2026\/08\/ChatGPT-Image-27-ago-2026-17_38_17.png?fit=1200%2C675&ssl=1&resize=1050%2C600 3x"},"classes":[]},{"id":20510,"url":"https:\/\/politicosaldesnudo.com.mx\/index.php\/2023\/06\/01\/desde-palacio-se-ve-desastre-de-la-alianza-va-por-mexico\/","url_meta":{"origin":17567,"position":4},"title":"Desde Palacio se ve desastre de la alianza Va por M\u00e9xico","author":"Redacci\u00f3n Pol\u00edticos","date":"1 de junio de 2023","format":false,"excerpt":"\u00a0 Por Jos\u00e9 Ure\u00f1a Los objetivos presidenciales est\u00e1n a la vista: Desaparecer electoralmente al PRI y romper su alianza con el PAN y el PRD para el 2024. A la vista del Ejecutivo ambos objetivos comenzar\u00e1n a cumplirse en las elecciones del domingo pr\u00f3ximo en el Estado de M\u00e9xico, el\u2026","rel":"","context":"En \u00abOPINI\u00d3N\u00bb","block_context":{"text":"OPINI\u00d3N","link":"https:\/\/politicosaldesnudo.com.mx\/index.php\/category\/columnistas\/"},"img":{"alt_text":"","src":"https:\/\/i0.wp.com\/politicosaldesnudo.com.mx\/wp-content\/uploads\/2022\/04\/JOSE%CC%81-UREN%CC%83A-1.png?fit=1200%2C671&ssl=1&resize=350%2C200","width":350,"height":200,"srcset":"https:\/\/i0.wp.com\/politicosaldesnudo.com.mx\/wp-content\/uploads\/2022\/04\/JOSE%CC%81-UREN%CC%83A-1.png?fit=1200%2C671&ssl=1&resize=350%2C200 1x, https:\/\/i0.wp.com\/politicosaldesnudo.com.mx\/wp-content\/uploads\/2022\/04\/JOSE%CC%81-UREN%CC%83A-1.png?fit=1200%2C671&ssl=1&resize=525%2C300 1.5x, https:\/\/i0.wp.com\/politicosaldesnudo.com.mx\/wp-content\/uploads\/2022\/04\/JOSE%CC%81-UREN%CC%83A-1.png?fit=1200%2C671&ssl=1&resize=700%2C400 2x, https:\/\/i0.wp.com\/politicosaldesnudo.com.mx\/wp-content\/uploads\/2022\/04\/JOSE%CC%81-UREN%CC%83A-1.png?fit=1200%2C671&ssl=1&resize=1050%2C600 3x"},"classes":[]},{"id":87964,"url":"https:\/\/politicosaldesnudo.com.mx\/index.php\/2026\/08\/22\/veracruz-segundo-lugar-nacional-en-hallazgo-de-fosas-clandestinas-durante-18-anos\/","url_meta":{"origin":17567,"position":5},"title":"Veracruz, segundo lugar nacional en hallazgo de fosas clandestinas durante 18 a\u00f1os","author":"Redacci\u00f3n Pol\u00edticos","date":"22 de agosto de 2026","format":false,"excerpt":"La crisis de desapariciones mantiene a Veracruz entre las entidades m\u00e1s afectadas del pa\u00eds. Una investigaci\u00f3n de la Universidad Iberoamericana document\u00f3 400 fosas clandestinas en territorio veracruzano entre 2006 y 2024, cifra solamente superada por las 416 registradas en Guerrero. El estudio, denominado Trazar la ausencia, caminar la esperanza, fue\u2026","rel":"","context":"En \u00abESTADOS\u00bb","block_context":{"text":"ESTADOS","link":"https:\/\/politicosaldesnudo.com.mx\/index.php\/category\/estados\/"},"img":{"alt_text":"","src":"https:\/\/i0.wp.com\/politicosaldesnudo.com.mx\/wp-content\/uploads\/2026\/08\/1032178c-d889-4e44-a3ee-6e46cf6aeb79.png?fit=1200%2C675&ssl=1&resize=350%2C200","width":350,"height":200,"srcset":"https:\/\/i0.wp.com\/politicosaldesnudo.com.mx\/wp-content\/uploads\/2026\/08\/1032178c-d889-4e44-a3ee-6e46cf6aeb79.png?fit=1200%2C675&ssl=1&resize=350%2C200 1x, https:\/\/i0.wp.com\/politicosaldesnudo.com.mx\/wp-content\/uploads\/2026\/08\/1032178c-d889-4e44-a3ee-6e46cf6aeb79.png?fit=1200%2C675&ssl=1&resize=525%2C300 1.5x, https:\/\/i0.wp.com\/politicosaldesnudo.com.mx\/wp-content\/uploads\/2026\/08\/1032178c-d889-4e44-a3ee-6e46cf6aeb79.png?fit=1200%2C675&ssl=1&resize=700%2C400 2x, https:\/\/i0.wp.com\/politicosaldesnudo.com.mx\/wp-content\/uploads\/2026\/08\/1032178c-d889-4e44-a3ee-6e46cf6aeb79.png?fit=1200%2C675&ssl=1&resize=1050%2C600 3x"},"classes":[]}],"jetpack_sharing_enabled":true,"jetpack_featured_media_url":"https:\/\/i0.wp.com\/politicosaldesnudo.com.mx\/wp-content\/uploads\/2023\/03\/P-EXPLOSION-MORELOS.png?fit=1816%2C1016&ssl=1","_links":{"self":[{"href":"https:\/\/politicosaldesnudo.com.mx\/index.php\/wp-json\/wp\/v2\/posts\/17567","targetHints":{"allow":["GET"]}}],"collection":[{"href":"https:\/\/politicosaldesnudo.com.mx\/index.php\/wp-json\/wp\/v2\/posts"}],"about":[{"href":"https:\/\/politicosaldesnudo.com.mx\/index.php\/wp-json\/wp\/v2\/types\/post"}],"author":[{"embeddable":true,"href":"https:\/\/politicosaldesnudo.com.mx\/index.php\/wp-json\/wp\/v2\/users\/4"}],"replies":[{"embeddable":true,"href":"https:\/\/politicosaldesnudo.com.mx\/index.php\/wp-json\/wp\/v2\/comments?post=17567"}],"version-history":[{"count":0,"href":"https:\/\/politicosaldesnudo.com.mx\/index.php\/wp-json\/wp\/v2\/posts\/17567\/revisions"}],"wp:featuredmedia":[{"embeddable":true,"href":"https:\/\/politicosaldesnudo.com.mx\/index.php\/wp-json\/wp\/v2\/media\/17568"}],"wp:attachment":[{"href":"https:\/\/politicosaldesnudo.com.mx\/index.php\/wp-json\/wp\/v2\/media?parent=17567"}],"wp:term":[{"taxonomy":"category","embeddable":true,"href":"https:\/\/politicosaldesnudo.com.mx\/index.php\/wp-json\/wp\/v2\/categories?post=17567"},{"taxonomy":"post_tag","embeddable":true,"href":"https:\/\/politicosaldesnudo.com.mx\/index.php\/wp-json\/wp\/v2\/tags?post=17567"}],"curies":[{"name":"wp","href":"https:\/\/api.w.org\/{rel}","templated":true}]}}