{"id":17949,"date":"2023-03-31T07:39:54","date_gmt":"2023-03-31T13:39:54","guid":{"rendered":"https:\/\/politicosaldesnudo.com.mx\/?p=17949"},"modified":"2023-03-31T07:40:02","modified_gmt":"2023-03-31T13:40:02","slug":"aprueba-cabildo-de-tuxpan-creacion-de-refugio-para-mujeres-victimas-de-violencia","status":"publish","type":"post","link":"https:\/\/politicosaldesnudo.com.mx\/index.php\/2023\/03\/31\/aprueba-cabildo-de-tuxpan-creacion-de-refugio-para-mujeres-victimas-de-violencia\/","title":{"rendered":"Aprueba cabildo de Tuxpan creaci\u00f3n de refugio para mujeres v\u00edctimas de violencia"},"content":{"rendered":"<p>&nbsp;<\/p>\n<p class=\"p1\"><span style=\"font-size: 14pt;\"><em><strong>TUXPAN, VERACRUZ.<\/strong> <\/em>En sesi\u00f3n de cabildo, los <strong>ediles aprobaron la cuenta p\u00fablica 2022<\/strong>, adem\u00e1s de la creaci\u00f3n del <strong>refugio municipal para mujeres v\u00edctimas de violencia de g\u00e9nero<\/strong>, sus hijas e hijos.<\/span><\/p>\n<p class=\"p1\"><span style=\"font-size: 18pt;\"><strong>Tambi\u00e9n se aprob\u00f3, por unanimidad, la cancelaci\u00f3n de la obra 2022301890402, correspondiente al ejercicio fiscal 2022, con recursos provenientes del Fondo para Entidades Federativas y Municipios Productores de Hidrocarburos Mar\u00edtimos (Fefmphm).<\/strong><\/span><\/p>\n<p>&nbsp;<\/p>\n<p><img data-recalc-dims=\"1\" loading=\"lazy\" decoding=\"async\" class=\"aligncenter wp-image-17951 size-large\" src=\"https:\/\/i0.wp.com\/politicosaldesnudo.com.mx\/wp-content\/uploads\/2023\/03\/P-REFUGIO-CABILDO-2-1024x573.png?resize=800%2C448&#038;ssl=1\" alt=\"\" width=\"800\" height=\"448\" srcset=\"https:\/\/i0.wp.com\/politicosaldesnudo.com.mx\/wp-content\/uploads\/2023\/03\/P-REFUGIO-CABILDO-2.png?resize=1024%2C573&amp;ssl=1 1024w, https:\/\/i0.wp.com\/politicosaldesnudo.com.mx\/wp-content\/uploads\/2023\/03\/P-REFUGIO-CABILDO-2.png?resize=300%2C168&amp;ssl=1 300w, https:\/\/i0.wp.com\/politicosaldesnudo.com.mx\/wp-content\/uploads\/2023\/03\/P-REFUGIO-CABILDO-2.png?resize=768%2C430&amp;ssl=1 768w, https:\/\/i0.wp.com\/politicosaldesnudo.com.mx\/wp-content\/uploads\/2023\/03\/P-REFUGIO-CABILDO-2.png?resize=1536%2C859&amp;ssl=1 1536w, https:\/\/i0.wp.com\/politicosaldesnudo.com.mx\/wp-content\/uploads\/2023\/03\/P-REFUGIO-CABILDO-2.png?w=1816&amp;ssl=1 1816w, https:\/\/i0.wp.com\/politicosaldesnudo.com.mx\/wp-content\/uploads\/2023\/03\/P-REFUGIO-CABILDO-2.png?w=1600&amp;ssl=1 1600w\" sizes=\"auto, (max-width: 800px) 100vw, 800px\" \/><\/p>\n<p>&nbsp;<\/p>\n<p class=\"p1\"><span style=\"font-size: 18pt;\"><strong>Finalmente, se realiz\u00f3 el an\u00e1lisis y aprobaci\u00f3n de la reubicaci\u00f3n de la Casa Hogar Infantil del DIF Tuxpan.<span class=\"Apple-converted-space\">\u00a0<\/span><\/strong><\/span><\/p>\n<p class=\"p1\"><span style=\"font-size: 14pt;\">En estas sesiones participaron el alcalde Jos\u00e9 Manuel Pozos Castro, la s\u00edndica Beatriz Pi\u00f1a Vergara, las regidoras y regidores Amado Guti\u00e9rrez Lima, Mar\u00eda del Pilar Mart\u00ednez Matesanz, Maryanela Monroy Flores, Anah\u00ed Aguilar L\u00f3pez, Juan G\u00f3mez Garc\u00eda, Lucero Res\u00e9ndis Ambrocio, Luis Demetrio L\u00f3pez Mar\u00edn, Axel Bernal Herrera y Luciano Folgueras Pioli, as\u00ed como el secretario del Ayuntamiento de Tuxpan, Jos\u00e9 Armando Huesca Ovando.<\/span><\/p>\n<p>&nbsp;<\/p>\n<p>&nbsp;<\/p>\n<p>&nbsp;<\/p>\n","protected":false},"excerpt":{"rendered":"<p>&nbsp; TUXPAN, VERACRUZ. En sesi\u00f3n de cabildo, los ediles aprobaron la cuenta p\u00fablica 2022, adem\u00e1s de la creaci\u00f3n del refugio<\/p>\n","protected":false},"author":4,"featured_media":17950,"comment_status":"closed","ping_status":"closed","sticky":false,"template":"","format":"standard","meta":{"colormag_page_container_layout":"default_layout","colormag_page_sidebar_layout":"default_layout","_jetpack_memberships_contains_paid_content":false,"footnotes":"","jetpack_publicize_message":"","jetpack_publicize_feature_enabled":true,"jetpack_social_post_already_shared":false,"jetpack_social_options":{"image_generator_settings":{"template":"highway","default_image_id":0,"font":"","enabled":false},"version":2}},"categories":[1082],"tags":[1341,2488,70],"class_list":["post-17949","post","type-post","status-publish","format-standard","has-post-thumbnail","hentry","category-tuxpan","tag-cabildo","tag-refugio","tag-tuxpan"],"jetpack_publicize_connections":[],"jetpack_featured_media_url":"https:\/\/i0.wp.com\/politicosaldesnudo.com.mx\/wp-content\/uploads\/2023\/03\/P-REFUGIO-CABILDO-1.png?fit=1816%2C1016&ssl=1","jetpack-related-posts":[],"jetpack_sharing_enabled":true,"_links":{"self":[{"href":"https:\/\/politicosaldesnudo.com.mx\/index.php\/wp-json\/wp\/v2\/posts\/17949","targetHints":{"allow":["GET"]}}],"collection":[{"href":"https:\/\/politicosaldesnudo.com.mx\/index.php\/wp-json\/wp\/v2\/posts"}],"about":[{"href":"https:\/\/politicosaldesnudo.com.mx\/index.php\/wp-json\/wp\/v2\/types\/post"}],"author":[{"embeddable":true,"href":"https:\/\/politicosaldesnudo.com.mx\/index.php\/wp-json\/wp\/v2\/users\/4"}],"replies":[{"embeddable":true,"href":"https:\/\/politicosaldesnudo.com.mx\/index.php\/wp-json\/wp\/v2\/comments?post=17949"}],"version-history":[{"count":0,"href":"https:\/\/politicosaldesnudo.com.mx\/index.php\/wp-json\/wp\/v2\/posts\/17949\/revisions"}],"wp:featuredmedia":[{"embeddable":true,"href":"https:\/\/politicosaldesnudo.com.mx\/index.php\/wp-json\/wp\/v2\/media\/17950"}],"wp:attachment":[{"href":"https:\/\/politicosaldesnudo.com.mx\/index.php\/wp-json\/wp\/v2\/media?parent=17949"}],"wp:term":[{"taxonomy":"category","embeddable":true,"href":"https:\/\/politicosaldesnudo.com.mx\/index.php\/wp-json\/wp\/v2\/categories?post=17949"},{"taxonomy":"post_tag","embeddable":true,"href":"https:\/\/politicosaldesnudo.com.mx\/index.php\/wp-json\/wp\/v2\/tags?post=17949"}],"curies":[{"name":"wp","href":"https:\/\/api.w.org\/{rel}","templated":true}]}}