{"id":18002,"date":"2023-04-03T01:00:51","date_gmt":"2023-04-03T06:00:51","guid":{"rendered":"https:\/\/politicosaldesnudo.com.mx\/?p=18002"},"modified":"2023-04-03T00:05:30","modified_gmt":"2023-04-03T05:05:30","slug":"positivos-y-negativos-de-amlo","status":"publish","type":"post","link":"https:\/\/politicosaldesnudo.com.mx\/index.php\/2023\/04\/03\/positivos-y-negativos-de-amlo\/","title":{"rendered":"Positivos y negativos de AMLO"},"content":{"rendered":"<p>&nbsp;<\/p>\n<p class=\"p1\"><span style=\"font-size: 18pt;\"><b>Por Pepe Valencia<\/b><\/span><\/p>\n<p class=\"p1\"><span style=\"font-size: 14pt;\">Me dicen algunos lectores y amigos: \u2014\u00bfAcaso para los cr\u00edticos del presidente Andr\u00e9s Manuel L\u00f3pez Obrador nada bueno ha hecho este gobierno? \u00bfDe veras creen que Morena perder\u00e1 las pr\u00f3ximas elecciones?<\/span><\/p>\n<p class=\"p1\"><span style=\"font-size: 14pt;\">Y respondo:<\/span><\/p>\n<p class=\"p1\"><span style=\"font-size: 18pt;\"><strong>\u2014Si Delfina G\u00f3mez logra ganar la gubernatura del Estado de M\u00e9xico, entonces es probable que Morena tambi\u00e9n triunfe en las elecciones de 2024. Ser\u00eda<span class=\"Apple-converted-space\">\u00a0 <\/span>incontenible la ola guinda.<\/strong><\/span><\/p>\n<p class=\"p1\"><span style=\"font-size: 14pt;\">Y si el gobierno concluye la refiner\u00eda de Dos Bocas, el Tren Maya, el Corredor Interoce\u00e1nico del Istmo de Tehuantepec y funciona el nuevo aeropuerto (AIFA), L\u00f3pez Obrador se insertar\u00e1 en la historia como un gran<span class=\"Apple-converted-space\">\u00a0 <\/span>presidente. No hay duda de ello. \u00a1Felicidades!<\/span><\/p>\n<p class=\"p1\"><span style=\"font-size: 14pt;\">En cambio, entre los puntos negativos sobresalen el avance de la inseguridad y la corrupci\u00f3n de servidores p\u00fablicos, el manejo de la salud p\u00fablica y otros.<\/span><\/p>\n<p class=\"p1\"><span style=\"font-size: 18pt;\"><strong>Su carta pol\u00edtico-electoral m\u00e1s importante son los programas sociales, con millones de votos asegurados a su favor. \u00bfSer\u00e1n suficientes para retener el poder?<span class=\"Apple-converted-space\">\u00a0<\/span><\/strong><\/span><\/p>\n<p class=\"p1\"><span style=\"font-size: 14pt;\">El PRI gobern\u00f3 por m\u00e1s de 70 a\u00f1os. El PAN apenas dos sexenios. \u00bfCu\u00e1nto tiempo le auguran a L\u00f3pez Obrador y Morena?<\/span><\/p>\n<p>&nbsp;<\/p>\n<p class=\"p1\"><span style=\"font-size: 18pt; color: #139eca;\"><b>LA TRAGEDIA DE LOS MIGRANTES<\/b><\/span><\/p>\n<p class=\"p1\"><span style=\"font-size: 14pt;\">La tragedia de los migrantes muertos en el incendio de Ciudad Ju\u00e1rez es ya una triste e imborrable mancha en la que afloran la ineptitud, la negligencia y una<span class=\"Apple-converted-space\">\u00a0 <\/span>inaudita insensibilidad social del gobierno.<span class=\"Apple-converted-space\">\u00a0<\/span><\/span><\/p>\n<p class=\"p1\"><span style=\"font-size: 14pt;\">En vez de investigarse a fondo<span class=\"Apple-converted-space\">\u00a0 <\/span>y rodar cabezas de los funcionarios p\u00fablicos responsables, se pretende victimizar a los propios migrantes porque supuestamente ellos quemaron colchones y provocaron el incendio.<span class=\"Apple-converted-space\">\u00a0<\/span><\/span><\/p>\n<p class=\"p1\"><span style=\"font-size: 14pt;\">O sea, todo lo malo es culpa del pasado o de los mism\u00edsimos muertos del presente, sean ejecutados o por accidente.<\/span><\/p>\n<p class=\"p1\"><span style=\"font-size: 14pt;\">Por lo pronto, dos poderosos presidenciables han resultado salpicados por este lamentable acontecimiento, aunque seguramente la librar\u00e1n. Ellos son Ad\u00e1n Augusto L\u00f3pez Hern\u00e1ndez y Marcelo Ebrard Casaub\u00f3n. Se avientan la pelota uno al otro.<span class=\"Apple-converted-space\">\u00a0<\/span><\/span><\/p>\n<p class=\"p1\"><span style=\"font-size: 14pt;\">De cualquier modo, nada devolver\u00e1 la vida a los difuntos que se arriesgaron a emigrar de sus respectivos pa\u00edses en busca de una vida mejor para ellos y sus familias.<\/span><\/p>\n<p class=\"p1\"><span style=\"font-size: 14pt;\">\u00a1Qui\u00e9n no tiene un pariente, o amigos o conocidos trabajando en Estados Unidos y enviando remesas a sus seres queridos! Son millones de mexicanos que aqu\u00ed no tuvieron oportunidades de empleo y que contribuyen con miles de millones de d\u00f3lares a reactivar la econom\u00eda de su pa\u00eds.<\/span><\/p>\n<p class=\"p1\"><span style=\"font-size: 14pt;\">Igualmente vienen mujeres y hombres de Centroam\u00e9rica y el Caribe rumbo al pa\u00eds del norte, donde no siempre son bien tratados.<span class=\"Apple-converted-space\">\u00a0<\/span><\/span><\/p>\n<p>&nbsp;<\/p>\n<hr \/>\n<p>&nbsp;<\/p>\n<p><img data-recalc-dims=\"1\" loading=\"lazy\" decoding=\"async\" class=\"aligncenter wp-image-14351\" src=\"https:\/\/i0.wp.com\/politicosaldesnudo.com.mx\/wp-content\/uploads\/2023\/01\/FIRMA-EDITORIAL-PD-300x37.png?resize=800%2C98&#038;ssl=1\" alt=\"\" width=\"800\" height=\"98\" srcset=\"https:\/\/i0.wp.com\/politicosaldesnudo.com.mx\/wp-content\/uploads\/2023\/01\/FIRMA-EDITORIAL-PD.png?resize=300%2C37&amp;ssl=1 300w, https:\/\/i0.wp.com\/politicosaldesnudo.com.mx\/wp-content\/uploads\/2023\/01\/FIRMA-EDITORIAL-PD.png?resize=1024%2C125&amp;ssl=1 1024w, https:\/\/i0.wp.com\/politicosaldesnudo.com.mx\/wp-content\/uploads\/2023\/01\/FIRMA-EDITORIAL-PD.png?resize=768%2C94&amp;ssl=1 768w, https:\/\/i0.wp.com\/politicosaldesnudo.com.mx\/wp-content\/uploads\/2023\/01\/FIRMA-EDITORIAL-PD.png?resize=1536%2C188&amp;ssl=1 1536w, https:\/\/i0.wp.com\/politicosaldesnudo.com.mx\/wp-content\/uploads\/2023\/01\/FIRMA-EDITORIAL-PD.png?resize=2048%2C250&amp;ssl=1 2048w, https:\/\/i0.wp.com\/politicosaldesnudo.com.mx\/wp-content\/uploads\/2023\/01\/FIRMA-EDITORIAL-PD.png?w=1600&amp;ssl=1 1600w, https:\/\/i0.wp.com\/politicosaldesnudo.com.mx\/wp-content\/uploads\/2023\/01\/FIRMA-EDITORIAL-PD.png?w=2400&amp;ssl=1 2400w\" sizes=\"auto, (max-width: 800px) 100vw, 800px\" \/><\/p>\n<p>&nbsp;<\/p>\n<p>&nbsp;<\/p>\n<p>&nbsp;<\/p>\n<p>&nbsp;<\/p>\n<p>&nbsp;<\/p>\n<p>&nbsp;<\/p>\n<p>&nbsp;<\/p>\n<p>&nbsp;<\/p>\n<p>&nbsp;<\/p>\n","protected":false},"excerpt":{"rendered":"<p>&nbsp; Por Pepe Valencia Me dicen algunos lectores y amigos: \u2014\u00bfAcaso para los cr\u00edticos del presidente Andr\u00e9s Manuel L\u00f3pez Obrador<\/p>\n","protected":false},"author":4,"featured_media":4618,"comment_status":"closed","ping_status":"closed","sticky":false,"template":"","format":"standard","meta":{"colormag_page_container_layout":"default_layout","colormag_page_sidebar_layout":"default_layout","_jetpack_memberships_contains_paid_content":false,"footnotes":"","jetpack_publicize_message":"","jetpack_publicize_feature_enabled":true,"jetpack_social_post_already_shared":false,"jetpack_social_options":{"image_generator_settings":{"template":"highway","default_image_id":0,"font":"","enabled":false},"version":2}},"categories":[26],"tags":[],"class_list":["post-18002","post","type-post","status-publish","format-standard","has-post-thumbnail","hentry","category-columnistas"],"jetpack_publicize_connections":[],"jetpack_featured_media_url":"https:\/\/i0.wp.com\/politicosaldesnudo.com.mx\/wp-content\/uploads\/2022\/05\/EJEMPLO.png?fit=1816%2C1016&ssl=1","jetpack-related-posts":[],"jetpack_sharing_enabled":true,"_links":{"self":[{"href":"https:\/\/politicosaldesnudo.com.mx\/index.php\/wp-json\/wp\/v2\/posts\/18002","targetHints":{"allow":["GET"]}}],"collection":[{"href":"https:\/\/politicosaldesnudo.com.mx\/index.php\/wp-json\/wp\/v2\/posts"}],"about":[{"href":"https:\/\/politicosaldesnudo.com.mx\/index.php\/wp-json\/wp\/v2\/types\/post"}],"author":[{"embeddable":true,"href":"https:\/\/politicosaldesnudo.com.mx\/index.php\/wp-json\/wp\/v2\/users\/4"}],"replies":[{"embeddable":true,"href":"https:\/\/politicosaldesnudo.com.mx\/index.php\/wp-json\/wp\/v2\/comments?post=18002"}],"version-history":[{"count":0,"href":"https:\/\/politicosaldesnudo.com.mx\/index.php\/wp-json\/wp\/v2\/posts\/18002\/revisions"}],"wp:featuredmedia":[{"embeddable":true,"href":"https:\/\/politicosaldesnudo.com.mx\/index.php\/wp-json\/wp\/v2\/media\/4618"}],"wp:attachment":[{"href":"https:\/\/politicosaldesnudo.com.mx\/index.php\/wp-json\/wp\/v2\/media?parent=18002"}],"wp:term":[{"taxonomy":"category","embeddable":true,"href":"https:\/\/politicosaldesnudo.com.mx\/index.php\/wp-json\/wp\/v2\/categories?post=18002"},{"taxonomy":"post_tag","embeddable":true,"href":"https:\/\/politicosaldesnudo.com.mx\/index.php\/wp-json\/wp\/v2\/tags?post=18002"}],"curies":[{"name":"wp","href":"https:\/\/api.w.org\/{rel}","templated":true}]}}