{"id":18098,"date":"2023-04-04T16:00:21","date_gmt":"2023-04-04T21:00:21","guid":{"rendered":"https:\/\/politicosaldesnudo.com.mx\/?p=18098"},"modified":"2023-05-04T19:06:40","modified_gmt":"2023-05-05T00:06:40","slug":"8-y-9-de-abril-festival-de-semana-santa-gratuito-para-familias-tuxpenas","status":"publish","type":"post","link":"https:\/\/politicosaldesnudo.com.mx\/index.php\/2023\/04\/04\/8-y-9-de-abril-festival-de-semana-santa-gratuito-para-familias-tuxpenas\/","title":{"rendered":"8 y 9 de abril \u201cFestival de Semana Santa\u201d gratuito para familias tuxpe\u00f1as"},"content":{"rendered":"<p class=\"p1\"><span style=\"font-size: 14pt;\"><em><strong>TUXPAN, VERACRUZ.<\/strong><\/em> El Ayuntamiento de Tuxpan a trav\u00e9s de la Direcci\u00f3n de Cultura, ha preparado un <strong>Festival de Semana Santa para deleite de tuxpe\u00f1os y visitantes.<\/strong><\/span><\/p>\n<p class=\"p1\"><span style=\"font-size: 18pt;\"><strong>El festival se desarrollar\u00e1 este 8 y 9 de abril en la Plaza C\u00edvica municipal, a partir de las 18:00 horas.<\/strong><\/span><\/p>\n<p class=\"p1\"><span style=\"font-size: 18pt;\"><strong>El s\u00e1bado 8 de abril se presentar\u00e1n Edson \u201cel negrito de la Cumbia\u201d, \u201cEl Casanova y La Diva de los teclados\u201d, \u201cFiesta Time Chavo Rucos\u201d, y \u201cLos Soneros de Kachikin\u201d.<\/strong><\/span><\/p>\n<p class=\"p1\"><span style=\"font-size: 18pt;\"><strong>Asimismo, el domingo 9 de abril los asistentes podr\u00e1n disfrutar de las presentaciones del Ballet Folcl\u00f3rico Municipal \u201cXochiqu\u00e9tzal\u201d, el Ballet JAMG y \u201cFiesta Time Chavo Rucos\u201d.<\/strong><\/span><\/p>\n<p class=\"p1\"><span style=\"font-size: 14pt;\">Es importante recordar que estos eventos son gratuitos y\u00a0 familiares.<\/span><\/p>\n<p>&nbsp;<\/p>\n<p>&nbsp;<\/p>\n<p><img data-recalc-dims=\"1\" loading=\"lazy\" decoding=\"async\" class=\"aligncenter wp-image-18100 size-large\" src=\"https:\/\/i0.wp.com\/politicosaldesnudo.com.mx\/wp-content\/uploads\/2023\/04\/P-FESTIVAL-SEMANA-SANTA-2-791x1024.png?resize=791%2C1024&#038;ssl=1\" alt=\"\" width=\"791\" height=\"1024\" srcset=\"https:\/\/i0.wp.com\/politicosaldesnudo.com.mx\/wp-content\/uploads\/2023\/04\/P-FESTIVAL-SEMANA-SANTA-2.png?resize=791%2C1024&amp;ssl=1 791w, https:\/\/i0.wp.com\/politicosaldesnudo.com.mx\/wp-content\/uploads\/2023\/04\/P-FESTIVAL-SEMANA-SANTA-2.png?resize=232%2C300&amp;ssl=1 232w, https:\/\/i0.wp.com\/politicosaldesnudo.com.mx\/wp-content\/uploads\/2023\/04\/P-FESTIVAL-SEMANA-SANTA-2.png?resize=768%2C994&amp;ssl=1 768w, https:\/\/i0.wp.com\/politicosaldesnudo.com.mx\/wp-content\/uploads\/2023\/04\/P-FESTIVAL-SEMANA-SANTA-2.png?resize=1187%2C1536&amp;ssl=1 1187w, https:\/\/i0.wp.com\/politicosaldesnudo.com.mx\/wp-content\/uploads\/2023\/04\/P-FESTIVAL-SEMANA-SANTA-2.png?w=1236&amp;ssl=1 1236w\" sizes=\"auto, (max-width: 791px) 100vw, 791px\" \/><\/p>\n<p>&nbsp;<\/p>\n<p>&nbsp;<\/p>\n","protected":false},"excerpt":{"rendered":"<p>TUXPAN, VERACRUZ. El Ayuntamiento de Tuxpan a trav\u00e9s de la Direcci\u00f3n de Cultura, ha preparado un Festival de Semana Santa<\/p>\n","protected":false},"author":4,"featured_media":18099,"comment_status":"closed","ping_status":"closed","sticky":false,"template":"","format":"standard","meta":{"colormag_page_container_layout":"default_layout","colormag_page_sidebar_layout":"default_layout","_jetpack_memberships_contains_paid_content":false,"footnotes":"","jetpack_publicize_message":"","jetpack_publicize_feature_enabled":true,"jetpack_social_post_already_shared":false,"jetpack_social_options":{"image_generator_settings":{"template":"highway","default_image_id":0,"font":"","enabled":false},"version":2}},"categories":[1082],"tags":[2343,2329,2523,70,100],"class_list":["post-18098","post","type-post","status-publish","format-standard","has-post-thumbnail","hentry","category-tuxpan","tag-concierto","tag-familia","tag-semana-santa","tag-tuxpan","tag-veracruz"],"jetpack_publicize_connections":[],"jetpack_featured_media_url":"https:\/\/i0.wp.com\/politicosaldesnudo.com.mx\/wp-content\/uploads\/2023\/04\/P-FESTIVAL-SEMANA-SANTA-1.png?fit=1816%2C1016&ssl=1","jetpack-related-posts":[],"jetpack_sharing_enabled":true,"_links":{"self":[{"href":"https:\/\/politicosaldesnudo.com.mx\/index.php\/wp-json\/wp\/v2\/posts\/18098","targetHints":{"allow":["GET"]}}],"collection":[{"href":"https:\/\/politicosaldesnudo.com.mx\/index.php\/wp-json\/wp\/v2\/posts"}],"about":[{"href":"https:\/\/politicosaldesnudo.com.mx\/index.php\/wp-json\/wp\/v2\/types\/post"}],"author":[{"embeddable":true,"href":"https:\/\/politicosaldesnudo.com.mx\/index.php\/wp-json\/wp\/v2\/users\/4"}],"replies":[{"embeddable":true,"href":"https:\/\/politicosaldesnudo.com.mx\/index.php\/wp-json\/wp\/v2\/comments?post=18098"}],"version-history":[{"count":0,"href":"https:\/\/politicosaldesnudo.com.mx\/index.php\/wp-json\/wp\/v2\/posts\/18098\/revisions"}],"wp:featuredmedia":[{"embeddable":true,"href":"https:\/\/politicosaldesnudo.com.mx\/index.php\/wp-json\/wp\/v2\/media\/18099"}],"wp:attachment":[{"href":"https:\/\/politicosaldesnudo.com.mx\/index.php\/wp-json\/wp\/v2\/media?parent=18098"}],"wp:term":[{"taxonomy":"category","embeddable":true,"href":"https:\/\/politicosaldesnudo.com.mx\/index.php\/wp-json\/wp\/v2\/categories?post=18098"},{"taxonomy":"post_tag","embeddable":true,"href":"https:\/\/politicosaldesnudo.com.mx\/index.php\/wp-json\/wp\/v2\/tags?post=18098"}],"curies":[{"name":"wp","href":"https:\/\/api.w.org\/{rel}","templated":true}]}}