{"id":18620,"date":"2023-04-20T12:06:31","date_gmt":"2023-04-20T17:06:31","guid":{"rendered":"https:\/\/politicosaldesnudo.com.mx\/?p=18620"},"modified":"2023-04-20T12:08:16","modified_gmt":"2023-04-20T17:08:16","slug":"avion-presidencial-con-posibilidad-de-venta-lopez-obrador-no-revela-detalles","status":"publish","type":"post","link":"https:\/\/politicosaldesnudo.com.mx\/index.php\/2023\/04\/20\/avion-presidencial-con-posibilidad-de-venta-lopez-obrador-no-revela-detalles\/","title":{"rendered":"Avi\u00f3n presidencial con posibilidad de venta, L\u00f3pez Obrador no revela detalles"},"content":{"rendered":"<p>&nbsp;<\/p>\n<p class=\"p3\"><span style=\"font-size: 14pt;\"><em><strong>CIUDAD DE M\u00c9XICO.<\/strong> <\/em>El presidente <strong>Andr\u00e9s Manuel L\u00f3pez Obrador<\/strong> inform\u00f3 <strong>la posibilidad de la venta del avi\u00f3n TP01 Boeing 787.<\/strong><\/span><\/p>\n<p class=\"p3\"><span style=\"font-size: 18pt;\"><strong>Durante la conferencia matutina, Andr\u00e9s Manuel L\u00f3pez Obrador dijo que el conocido avi\u00f3n presidencial tiene un posible comprador y un mont\u00f3n, pero evit\u00f3 adelantar la informaci\u00f3n.<\/strong><\/span><\/p>\n<p class=\"p3\"><span style=\"font-size: 14pt;\">Esta informaci\u00f3n trasciende despu\u00e9s de ser cuestionado sobre la aeronave, pues en redes sociales se revelaba un supuesto acuerdo de venta.<\/span><\/p>\n<p>&nbsp;<\/p>\n<blockquote>\n<p class=\"p3\"><span style=\"font-size: 14pt;\">Se est\u00e1 viendo, hay la posibilidad de que se venda, no puedo decir m\u00e1s, s\u00f3lo que al obtenerse ese recurso, se va a destinar para dos hospitales, uno en Tlapa, en la monta\u00f1a de Guerrero, que es la zona m\u00e1s pobre del pa\u00eds, y otro en Tuxtepec, Oaxaca\u201d<\/span><\/p>\n<\/blockquote>\n<p>&nbsp;<\/p>\n<p><span style=\"font-size: 14pt;\">Andr\u00e9s Manuel L\u00f3pez Obrador dijo que ambos hospitales ser\u00edan parte del modelo IMSS Bienestar, destinado a la atenci\u00f3n de la poblaci\u00f3n sin seguridad social.<\/span><\/p>\n<p class=\"p3\"><span style=\"font-size: 18pt; color: #139eca;\"><strong>Al inicio de su administraci\u00f3n L\u00f3pez Obrador anunci\u00f3 que no utilizar\u00eda el avi\u00f3n presidencial por los lujos que representa.<\/strong><\/span><\/p>\n<p class=\"p3\"><span style=\"font-size: 18pt;\"><strong>As\u00ed, agreg\u00f3 que \u201chay un acuerdo, se estaba viendo, pero todav\u00eda no s\u00e9 si ya se firm\u00f3, vamos a esperar. Pero s\u00ed hay esa posibilidad\u201d.<\/strong><\/span><\/p>\n<p class=\"p3\"><span style=\"font-size: 14pt;\">Recordemos que este avi\u00f3n presidencial de super lujo fue adquirido al cierre de la administraci\u00f3n federal de Felipe Calder\u00f3n y utilizado por el presidente Enrique Pe\u00f1a Nieto.<\/span><\/p>\n<p>&nbsp;<\/p>\n","protected":false},"excerpt":{"rendered":"<p>&nbsp; CIUDAD DE M\u00c9XICO. El presidente Andr\u00e9s Manuel L\u00f3pez Obrador inform\u00f3 la posibilidad de la venta del avi\u00f3n TP01 Boeing<\/p>\n","protected":false},"author":4,"featured_media":18621,"comment_status":"closed","ping_status":"closed","sticky":false,"template":"","format":"standard","meta":{"colormag_page_container_layout":"default_layout","colormag_page_sidebar_layout":"default_layout","_jetpack_memberships_contains_paid_content":false,"footnotes":"","jetpack_publicize_message":"","jetpack_publicize_feature_enabled":true,"jetpack_social_post_already_shared":false,"jetpack_social_options":{"image_generator_settings":{"template":"highway","default_image_id":0,"font":"","enabled":false},"version":2}},"categories":[33],"tags":[95,2587],"class_list":["post-18620","post","type-post","status-publish","format-standard","has-post-thumbnail","hentry","category-nacional","tag-andres-manuel-lopez-obrador","tag-avion-presidencial"],"jetpack_publicize_connections":[],"jetpack_featured_media_url":"https:\/\/i0.wp.com\/politicosaldesnudo.com.mx\/wp-content\/uploads\/2023\/04\/P-AVION-PRESIDENCIAL-1.png?fit=1816%2C1016&ssl=1","jetpack-related-posts":[],"jetpack_sharing_enabled":true,"_links":{"self":[{"href":"https:\/\/politicosaldesnudo.com.mx\/index.php\/wp-json\/wp\/v2\/posts\/18620","targetHints":{"allow":["GET"]}}],"collection":[{"href":"https:\/\/politicosaldesnudo.com.mx\/index.php\/wp-json\/wp\/v2\/posts"}],"about":[{"href":"https:\/\/politicosaldesnudo.com.mx\/index.php\/wp-json\/wp\/v2\/types\/post"}],"author":[{"embeddable":true,"href":"https:\/\/politicosaldesnudo.com.mx\/index.php\/wp-json\/wp\/v2\/users\/4"}],"replies":[{"embeddable":true,"href":"https:\/\/politicosaldesnudo.com.mx\/index.php\/wp-json\/wp\/v2\/comments?post=18620"}],"version-history":[{"count":0,"href":"https:\/\/politicosaldesnudo.com.mx\/index.php\/wp-json\/wp\/v2\/posts\/18620\/revisions"}],"wp:featuredmedia":[{"embeddable":true,"href":"https:\/\/politicosaldesnudo.com.mx\/index.php\/wp-json\/wp\/v2\/media\/18621"}],"wp:attachment":[{"href":"https:\/\/politicosaldesnudo.com.mx\/index.php\/wp-json\/wp\/v2\/media?parent=18620"}],"wp:term":[{"taxonomy":"category","embeddable":true,"href":"https:\/\/politicosaldesnudo.com.mx\/index.php\/wp-json\/wp\/v2\/categories?post=18620"},{"taxonomy":"post_tag","embeddable":true,"href":"https:\/\/politicosaldesnudo.com.mx\/index.php\/wp-json\/wp\/v2\/tags?post=18620"}],"curies":[{"name":"wp","href":"https:\/\/api.w.org\/{rel}","templated":true}]}}