{"id":18637,"date":"2023-04-20T22:04:54","date_gmt":"2023-04-21T03:04:54","guid":{"rendered":"https:\/\/politicosaldesnudo.com.mx\/?p=18637"},"modified":"2023-04-20T22:05:07","modified_gmt":"2023-04-21T03:05:07","slug":"se-inaugura-en-tuxpan-la-segunda-edicion-de-la-expo-feria-educativa","status":"publish","type":"post","link":"https:\/\/politicosaldesnudo.com.mx\/index.php\/2023\/04\/20\/se-inaugura-en-tuxpan-la-segunda-edicion-de-la-expo-feria-educativa\/","title":{"rendered":"Se inaugura en Tuxpan la segunda edici\u00f3n de la Expo Feria Educativa"},"content":{"rendered":"<p>&nbsp;<\/p>\n<p class=\"p2\"><span style=\"font-size: 14pt;\"><em><strong>TUXPAN, VERACRUZ.<\/strong> <\/em>Se inaugura la segunda edici\u00f3n de la <strong>Expo Feria Educativa Subregi\u00f3n Tuxpan<\/strong> que organiza la <strong>Secretar\u00eda de Educaci\u00f3n de Veracruz<\/strong> a trav\u00e9s de la Subsecretar\u00eda de Educaci\u00f3n Media Superior y Superior.<span class=\"Apple-converted-space\">\u00a0<\/span><\/span><\/p>\n<p class=\"p2\"><span style=\"font-size: 14pt;\">A este evento, que se realiza en las instalaciones del Centro Regional de Educaci\u00f3n Normal \u201cDr. Gonzalo Aguirre Beltr\u00e1n\u201d (CREN), asistieron autoridades, personal docente y estudiantes de los municipios de Tuxpan, Tihuatl\u00e1n, \u00c1lamo y Tamiahua.<\/span><\/p>\n<p class=\"p2\"><span style=\"font-size: 18pt;\"><strong>El alcalde Jos\u00e9 Manuel Pozos reconoci\u00f3 la labor del Gobierno del Estado de Veracruz, de la Secretar\u00eda de Educaci\u00f3n de Veracruz, de todas las instituciones p\u00fablicas, privadas, y del Magisterio, \u201cporque hoy en Veracruz se imparte educaci\u00f3n de mucha calidad\u201d, indic\u00f3.<span class=\"Apple-converted-space\">\u00a0<\/span><\/strong><\/span><\/p>\n<p class=\"p2\"><span style=\"font-size: 14pt;\">Destac\u00f3 que en Veracruz se trabaja como nunca creando oportunidades de estudio para todos. En este sentido, resalt\u00f3 los grandes resultados del Programa Estatal de Oferta Educativa.<span class=\"Apple-converted-space\">\u00a0<\/span><\/span><\/p>\n<p>&nbsp;<\/p>\n<p><img data-recalc-dims=\"1\" loading=\"lazy\" decoding=\"async\" class=\"aligncenter wp-image-18638 size-large\" src=\"https:\/\/i0.wp.com\/politicosaldesnudo.com.mx\/wp-content\/uploads\/2023\/04\/P-FERIA-EDUCATIVA-1-1024x573.png?resize=800%2C448&#038;ssl=1\" alt=\"\" width=\"800\" height=\"448\" srcset=\"https:\/\/i0.wp.com\/politicosaldesnudo.com.mx\/wp-content\/uploads\/2023\/04\/P-FERIA-EDUCATIVA-1.png?resize=1024%2C573&amp;ssl=1 1024w, https:\/\/i0.wp.com\/politicosaldesnudo.com.mx\/wp-content\/uploads\/2023\/04\/P-FERIA-EDUCATIVA-1.png?resize=300%2C168&amp;ssl=1 300w, https:\/\/i0.wp.com\/politicosaldesnudo.com.mx\/wp-content\/uploads\/2023\/04\/P-FERIA-EDUCATIVA-1.png?resize=768%2C430&amp;ssl=1 768w, https:\/\/i0.wp.com\/politicosaldesnudo.com.mx\/wp-content\/uploads\/2023\/04\/P-FERIA-EDUCATIVA-1.png?resize=1536%2C859&amp;ssl=1 1536w, https:\/\/i0.wp.com\/politicosaldesnudo.com.mx\/wp-content\/uploads\/2023\/04\/P-FERIA-EDUCATIVA-1.png?w=1816&amp;ssl=1 1816w\" sizes=\"auto, (max-width: 800px) 100vw, 800px\" \/><\/p>\n<p>&nbsp;<\/p>\n<p class=\"p2\"><span style=\"font-size: 18pt;\"><strong>Jos\u00e9 Manuel Pozos se\u00f1al\u00f3 tambi\u00e9n que se est\u00e1 cumpliendo con la Agenda 2030 y con el compromiso de impulsar el desarrollo integral y el bienestar de ni\u00f1as, ni\u00f1os, adolescentes y j\u00f3venes.<\/strong><\/span><\/p>\n<p class=\"p2\"><span style=\"font-size: 18pt; color: #139eca;\"><strong>Adem\u00e1s, el alcalde Jos\u00e9 Manuel Pozos indic\u00f3 que esta expo servir\u00e1 a los estudiantes para conocer much\u00edsimas opciones de estudio, adem\u00e1s de poder participar en actividades enriquecedoras, eventos culturales y eventos deportivos.<\/strong><\/span><\/p>\n<p>&nbsp;<\/p>\n<p><img data-recalc-dims=\"1\" loading=\"lazy\" decoding=\"async\" class=\"aligncenter wp-image-18641 size-large\" src=\"https:\/\/i0.wp.com\/politicosaldesnudo.com.mx\/wp-content\/uploads\/2023\/04\/P-FERIA-EDUCATIVA-4-1024x573.png?resize=800%2C448&#038;ssl=1\" alt=\"\" width=\"800\" height=\"448\" srcset=\"https:\/\/i0.wp.com\/politicosaldesnudo.com.mx\/wp-content\/uploads\/2023\/04\/P-FERIA-EDUCATIVA-4.png?resize=1024%2C573&amp;ssl=1 1024w, https:\/\/i0.wp.com\/politicosaldesnudo.com.mx\/wp-content\/uploads\/2023\/04\/P-FERIA-EDUCATIVA-4.png?resize=300%2C168&amp;ssl=1 300w, https:\/\/i0.wp.com\/politicosaldesnudo.com.mx\/wp-content\/uploads\/2023\/04\/P-FERIA-EDUCATIVA-4.png?resize=768%2C430&amp;ssl=1 768w, https:\/\/i0.wp.com\/politicosaldesnudo.com.mx\/wp-content\/uploads\/2023\/04\/P-FERIA-EDUCATIVA-4.png?resize=1536%2C859&amp;ssl=1 1536w, https:\/\/i0.wp.com\/politicosaldesnudo.com.mx\/wp-content\/uploads\/2023\/04\/P-FERIA-EDUCATIVA-4.png?w=1816&amp;ssl=1 1816w\" sizes=\"auto, (max-width: 800px) 100vw, 800px\" \/><\/p>\n<p>&nbsp;<\/p>\n<p class=\"p2\"><span style=\"font-size: 14pt;\">Jos\u00e9 Manuel Pozos pidi\u00f3 al subsecretario llevar un saludo y un agradecimiento al gobernador Cuitl\u00e1huac Garc\u00eda Jim\u00e9nez y al secretario de Educaci\u00f3n Zenyazen Escobar, por el impulso que han dado a la educaci\u00f3n en el estado, de manera especial en la zona norte.<\/span><\/p>\n<p class=\"p2\"><span style=\"font-size: 14pt;\">Por su parte, el subsecretario de Educaci\u00f3n Media Superior y Superior de la SEV, Jorge Miguel Uscanga Villalba, agradeci\u00f3 al alcalde Jos\u00e9 Manuel Pozos Castro por el respaldo que siempre ha brindado para estas actividades.<\/span><\/p>\n<p class=\"p2\"><span style=\"font-size: 18pt;\"><strong>Jorge Miguel Uscanga se\u00f1al\u00f3 que \u201cla educaci\u00f3n es el camino correcto para construir la sociedad que realmente queremos y merecemos\u201d, y que por ello trabajan en conjunto los subsistemas de educaci\u00f3n media superior y superior p\u00fablicos y privados, federales y estatales, as\u00ed como la Universidad Veracruzana, para brindar el mayor n\u00famero de opciones educativas.<span class=\"Apple-converted-space\">\u00a0<\/span><\/strong><\/span><\/p>\n<p class=\"p2\"><span style=\"font-size: 18pt; color: #139eca;\"><strong>Detall\u00f3 Jorge Miguel Uscanga que en las \u00faltimas fechas se han realizado 7 expo ferias educativas, donde han participado 47 mil 311 veracruzanas y veracruzanas; adem\u00e1s se expusieron 132 proyectos productivos, m\u00e1s de 3 mil j\u00f3venes participaron en actividades deportivas y 688 en actividades art\u00edsticas; y que estos eventos han dejado una derrama econ\u00f3mica de m\u00e1s de 282 mil pesos.<span class=\"Apple-converted-space\">\u00a0<\/span><\/strong><\/span><\/p>\n<p>&nbsp;<\/p>\n<p><img data-recalc-dims=\"1\" loading=\"lazy\" decoding=\"async\" class=\"aligncenter wp-image-18640 size-large\" src=\"https:\/\/i0.wp.com\/politicosaldesnudo.com.mx\/wp-content\/uploads\/2023\/04\/P-FERIA-EDUCATIVA-3-1024x573.png?resize=800%2C448&#038;ssl=1\" alt=\"\" width=\"800\" height=\"448\" srcset=\"https:\/\/i0.wp.com\/politicosaldesnudo.com.mx\/wp-content\/uploads\/2023\/04\/P-FERIA-EDUCATIVA-3.png?resize=1024%2C573&amp;ssl=1 1024w, https:\/\/i0.wp.com\/politicosaldesnudo.com.mx\/wp-content\/uploads\/2023\/04\/P-FERIA-EDUCATIVA-3.png?resize=300%2C168&amp;ssl=1 300w, https:\/\/i0.wp.com\/politicosaldesnudo.com.mx\/wp-content\/uploads\/2023\/04\/P-FERIA-EDUCATIVA-3.png?resize=768%2C430&amp;ssl=1 768w, https:\/\/i0.wp.com\/politicosaldesnudo.com.mx\/wp-content\/uploads\/2023\/04\/P-FERIA-EDUCATIVA-3.png?resize=1536%2C859&amp;ssl=1 1536w, https:\/\/i0.wp.com\/politicosaldesnudo.com.mx\/wp-content\/uploads\/2023\/04\/P-FERIA-EDUCATIVA-3.png?w=1816&amp;ssl=1 1816w\" sizes=\"auto, (max-width: 800px) 100vw, 800px\" \/><\/p>\n<p>&nbsp;<\/p>\n<p class=\"p2\"><span style=\"font-size: 14pt;\">En su intervenci\u00f3n, Mar\u00eda Luisa Gonz\u00e1lez Berman agradeci\u00f3 haber sido considerados para ser sede de esa Expo Feria, y puntualiz\u00f3 que el prop\u00f3sito es difundir ofertas educativas a estudiantes de secundaria en la elecci\u00f3n de bachillerato, as\u00ed como brindar a estudiantes de bachillerato la opci\u00f3n para cursar una profesi\u00f3n de nivel superior en la regi\u00f3n.<span class=\"Apple-converted-space\">\u00a0<\/span><\/span><\/p>\n<p class=\"p2\"><span style=\"font-size: 18pt;\"><strong>Asimismo, Ome Tochtli, rector de la UPAV, agreg\u00f3 que esta Expo cuenta con una gran oferta de escuelas p\u00fablicas y privadas.<span class=\"Apple-converted-space\">\u00a0<\/span><\/strong><\/span><\/p>\n<p class=\"p2\"><span style=\"font-size: 14pt;\">Al finalizar, el secretario de Finanzas y Planeaci\u00f3n del Estado de Veracruz, Jos\u00e9 Luis Lima Franco disert\u00f3 una importante conferencia a los j\u00f3venes presentes, a quienes les pidi\u00f3 aprovechar la expo feria para encontrar la mejor oferta educativa.<\/span><\/p>\n<p>&nbsp;<\/p>\n<p><img data-recalc-dims=\"1\" loading=\"lazy\" decoding=\"async\" class=\"aligncenter wp-image-18642 size-large\" src=\"https:\/\/i0.wp.com\/politicosaldesnudo.com.mx\/wp-content\/uploads\/2023\/04\/P-FERIA-EDUCATIVA-5-1024x573.png?resize=800%2C448&#038;ssl=1\" alt=\"\" width=\"800\" height=\"448\" srcset=\"https:\/\/i0.wp.com\/politicosaldesnudo.com.mx\/wp-content\/uploads\/2023\/04\/P-FERIA-EDUCATIVA-5.png?resize=1024%2C573&amp;ssl=1 1024w, https:\/\/i0.wp.com\/politicosaldesnudo.com.mx\/wp-content\/uploads\/2023\/04\/P-FERIA-EDUCATIVA-5.png?resize=300%2C168&amp;ssl=1 300w, https:\/\/i0.wp.com\/politicosaldesnudo.com.mx\/wp-content\/uploads\/2023\/04\/P-FERIA-EDUCATIVA-5.png?resize=768%2C430&amp;ssl=1 768w, https:\/\/i0.wp.com\/politicosaldesnudo.com.mx\/wp-content\/uploads\/2023\/04\/P-FERIA-EDUCATIVA-5.png?resize=1536%2C859&amp;ssl=1 1536w, https:\/\/i0.wp.com\/politicosaldesnudo.com.mx\/wp-content\/uploads\/2023\/04\/P-FERIA-EDUCATIVA-5.png?w=1816&amp;ssl=1 1816w\" sizes=\"auto, (max-width: 800px) 100vw, 800px\" \/><\/p>\n<p>&nbsp;<\/p>\n<p class=\"p2\"><span style=\"font-size: 14pt;\">La inauguraci\u00f3n estuvieron presentes Eleazar Guerrero Barrera, director general de Vinculaci\u00f3n Institucional de la Secretar\u00eda de Seguridad P\u00fablica de Veracruz; Ome Tochtli M\u00e9ndez Ram\u00edrez, rector de la Universidad Popular Aut\u00f3noma de Veracruz (UPAV) y coordinador de la Segunda Expo Feria Educativa subregi\u00f3n Tuxpan.<span class=\"Apple-converted-space\">\u00a0<\/span><\/span><\/p>\n<p class=\"p2\"><span style=\"font-size: 14pt;\">Asistieron Mar\u00eda Luisa Gonz\u00e1lez Berman, directora del CREN; Claudia Hern\u00e1ndez Gonz\u00e1lez, coordinadora estatal de Expo Ferias Educativas 2023; Cuauht\u00e9moc P\u00e9rez Ju\u00e1rez, jefe de la Jurisdicci\u00f3n Sanitaria N\u00fam. 2; Miguel \u00c1ngel Elizalde Mart\u00ednez, delegado de la Coparmex regi\u00f3n Tuxpan; On\u00e9simo P\u00e9rez Ramos, delegado regional de la SEV en Tuxpan.<\/span><\/p>\n<p class=\"p2\"><span style=\"font-size: 14pt;\">Igualmente estuvieron presentes el alcalde de Tihuatl\u00e1n, Leonardo G\u00f3mez Gonz\u00e1lez; la regidora Lucero Res\u00e9ndis Ambrocio, y los regidores Juan G\u00f3mez Garc\u00eda, Luis Demetrio L\u00f3pez Mar\u00edn, Axel Bernal Herrera.<\/span><\/p>\n<p>&nbsp;<\/p>\n<p>&nbsp;<\/p>\n","protected":false},"excerpt":{"rendered":"<p>&nbsp; TUXPAN, VERACRUZ. Se inaugura la segunda edici\u00f3n de la Expo Feria Educativa Subregi\u00f3n Tuxpan que organiza la Secretar\u00eda de [&hellip;]<\/p>\n","protected":false},"author":4,"featured_media":18639,"comment_status":"closed","ping_status":"closed","sticky":false,"template":"","format":"standard","meta":{"site-sidebar-layout":"default","site-content-layout":"","ast-site-content-layout":"default","site-content-style":"default","site-sidebar-style":"default","ast-global-header-display":"","ast-banner-title-visibility":"","ast-main-header-display":"","ast-hfb-above-header-display":"","ast-hfb-below-header-display":"","ast-hfb-mobile-header-display":"","site-post-title":"","ast-breadcrumbs-content":"","ast-featured-img":"","footer-sml-layout":"","ast-disable-related-posts":"","theme-transparent-header-meta":"","adv-header-id-meta":"","stick-header-meta":"","header-above-stick-meta":"","header-main-stick-meta":"","header-below-stick-meta":"","astra-migrate-meta-layouts":"default","ast-page-background-enabled":"default","ast-page-background-meta":{"desktop":{"background-color":"var(--ast-global-color-5)","background-image":"","background-repeat":"repeat","background-position":"center center","background-size":"auto","background-attachment":"scroll","background-type":"","background-media":"","overlay-type":"","overlay-color":"","overlay-opacity":"","overlay-gradient":""},"tablet":{"background-color":"","background-image":"","background-repeat":"repeat","background-position":"center center","background-size":"auto","background-attachment":"scroll","background-type":"","background-media":"","overlay-type":"","overlay-color":"","overlay-opacity":"","overlay-gradient":""},"mobile":{"background-color":"","background-image":"","background-repeat":"repeat","background-position":"center center","background-size":"auto","background-attachment":"scroll","background-type":"","background-media":"","overlay-type":"","overlay-color":"","overlay-opacity":"","overlay-gradient":""}},"ast-content-background-meta":{"desktop":{"background-color":"var(--ast-global-color-4)","background-image":"","background-repeat":"repeat","background-position":"center center","background-size":"auto","background-attachment":"scroll","background-type":"","background-media":"","overlay-type":"","overlay-color":"","overlay-opacity":"","overlay-gradient":""},"tablet":{"background-color":"var(--ast-global-color-4)","background-image":"","background-repeat":"repeat","background-position":"center center","background-size":"auto","background-attachment":"scroll","background-type":"","background-media":"","overlay-type":"","overlay-color":"","overlay-opacity":"","overlay-gradient":""},"mobile":{"background-color":"var(--ast-global-color-4)","background-image":"","background-repeat":"repeat","background-position":"center center","background-size":"auto","background-attachment":"scroll","background-type":"","background-media":"","overlay-type":"","overlay-color":"","overlay-opacity":"","overlay-gradient":""}},"_jetpack_newsletter_access":"","_jetpack_dont_email_post_to_subs":false,"_jetpack_newsletter_tier_id":0,"_jetpack_memberships_contains_paywalled_content":false,"_jetpack_feature_clip_id":0,"_jetpack_memberships_contains_paid_content":false,"footnotes":"","jetpack_publicize_message":"","jetpack_publicize_feature_enabled":true,"jetpack_social_post_already_shared":false,"jetpack_social_options":{"image_generator_settings":{"template":"highway","default_image_id":0,"font":"","enabled":false},"version":2},"jetpack_post_was_ever_published":false},"categories":[1082],"tags":[1771,2589,576,70,100],"class_list":["post-18637","post","type-post","status-publish","format-standard","has-post-thumbnail","hentry","category-tuxpan","tag-educacion","tag-expo-feria-educativa","tag-jose-manuel-pozos","tag-tuxpan","tag-veracruz"],"yoast_head":"<!-- This site is optimized with the Yoast SEO plugin v28.3 - https:\/\/yoast.com\/product\/yoast-seo-wordpress\/ -->\n<title>Se inaugura en Tuxpan la segunda edici\u00f3n de la Expo Feria Educativa - Pol\u00edticos al Desnudo<\/title>\n<meta name=\"robots\" content=\"index, follow, max-snippet:-1, max-image-preview:large, max-video-preview:-1\" \/>\n<link rel=\"canonical\" href=\"https:\/\/politicosaldesnudo.com.mx\/index.php\/2023\/04\/20\/se-inaugura-en-tuxpan-la-segunda-edicion-de-la-expo-feria-educativa\/\" \/>\n<meta property=\"og:locale\" content=\"es_ES\" \/>\n<meta property=\"og:type\" content=\"article\" \/>\n<meta property=\"og:title\" content=\"Se inaugura en Tuxpan la segunda edici\u00f3n de la Expo Feria Educativa - Pol\u00edticos al Desnudo\" \/>\n<meta property=\"og:description\" content=\"&nbsp; TUXPAN, VERACRUZ. Se inaugura la segunda edici\u00f3n de la Expo Feria Educativa Subregi\u00f3n Tuxpan que organiza la Secretar\u00eda de [&hellip;]\" \/>\n<meta property=\"og:url\" content=\"https:\/\/politicosaldesnudo.com.mx\/index.php\/2023\/04\/20\/se-inaugura-en-tuxpan-la-segunda-edicion-de-la-expo-feria-educativa\/\" \/>\n<meta property=\"og:site_name\" content=\"Pol\u00edticos al Desnudo\" \/>\n<meta property=\"article:publisher\" content=\"https:\/\/www.facebook.com\/PoliticosAD\" \/>\n<meta property=\"article:published_time\" content=\"2023-04-21T03:04:54+00:00\" \/>\n<meta property=\"article:modified_time\" content=\"2023-04-21T03:05:07+00:00\" \/>\n<meta property=\"og:image\" content=\"https:\/\/politicosaldesnudo.com.mx\/wp-content\/uploads\/2023\/04\/P-FERIA-EDUCATIVA-2-1024x573.png\" \/>\n\t<meta property=\"og:image:width\" content=\"1024\" \/>\n\t<meta property=\"og:image:height\" content=\"573\" \/>\n\t<meta property=\"og:image:type\" content=\"image\/png\" \/>\n<meta name=\"author\" content=\"Redacci\u00f3n Pol\u00edticos\" \/>\n<meta name=\"twitter:card\" content=\"summary_large_image\" \/>\n<meta name=\"twitter:label1\" content=\"Escrito por\" \/>\n\t<meta name=\"twitter:data1\" content=\"Redacci\u00f3n Pol\u00edticos\" \/>\n\t<meta name=\"twitter:label2\" content=\"Tiempo de lectura\" \/>\n\t<meta name=\"twitter:data2\" content=\"4 minutos\" \/>\n<script type=\"application\/ld+json\" class=\"yoast-schema-graph\">{\"@context\":\"https:\\\/\\\/schema.org\",\"@graph\":[{\"@type\":\"Article\",\"@id\":\"https:\\\/\\\/politicosaldesnudo.com.mx\\\/index.php\\\/2023\\\/04\\\/20\\\/se-inaugura-en-tuxpan-la-segunda-edicion-de-la-expo-feria-educativa\\\/#article\",\"isPartOf\":{\"@id\":\"https:\\\/\\\/politicosaldesnudo.com.mx\\\/index.php\\\/2023\\\/04\\\/20\\\/se-inaugura-en-tuxpan-la-segunda-edicion-de-la-expo-feria-educativa\\\/\"},\"author\":{\"name\":\"Redacci\u00f3n Pol\u00edticos\",\"@id\":\"https:\\\/\\\/politicosaldesnudo.com.mx\\\/#\\\/schema\\\/person\\\/ef3a64e561cc3f3f5dc52fab81adde7e\"},\"headline\":\"Se inaugura en Tuxpan la segunda edici\u00f3n de la Expo Feria Educativa\",\"datePublished\":\"2023-04-21T03:04:54+00:00\",\"dateModified\":\"2023-04-21T03:05:07+00:00\",\"mainEntityOfPage\":{\"@id\":\"https:\\\/\\\/politicosaldesnudo.com.mx\\\/index.php\\\/2023\\\/04\\\/20\\\/se-inaugura-en-tuxpan-la-segunda-edicion-de-la-expo-feria-educativa\\\/\"},\"wordCount\":717,\"publisher\":{\"@id\":\"https:\\\/\\\/politicosaldesnudo.com.mx\\\/#organization\"},\"image\":{\"@id\":\"https:\\\/\\\/politicosaldesnudo.com.mx\\\/index.php\\\/2023\\\/04\\\/20\\\/se-inaugura-en-tuxpan-la-segunda-edicion-de-la-expo-feria-educativa\\\/#primaryimage\"},\"thumbnailUrl\":\"https:\\\/\\\/i0.wp.com\\\/politicosaldesnudo.com.mx\\\/wp-content\\\/uploads\\\/2023\\\/04\\\/P-FERIA-EDUCATIVA-2.png?fit=1816%2C1016&ssl=1\",\"keywords\":[\"EDUCACION\",\"EXPO FERIA EDUCATIVA\",\"JOS\u00c9 MANUEL POZOS\",\"TUXPAN\",\"VERACRUZ\"],\"articleSection\":[\"TUXPAN\"],\"inLanguage\":\"es\"},{\"@type\":\"WebPage\",\"@id\":\"https:\\\/\\\/politicosaldesnudo.com.mx\\\/index.php\\\/2023\\\/04\\\/20\\\/se-inaugura-en-tuxpan-la-segunda-edicion-de-la-expo-feria-educativa\\\/\",\"url\":\"https:\\\/\\\/politicosaldesnudo.com.mx\\\/index.php\\\/2023\\\/04\\\/20\\\/se-inaugura-en-tuxpan-la-segunda-edicion-de-la-expo-feria-educativa\\\/\",\"name\":\"Se inaugura en Tuxpan la segunda edici\u00f3n de la Expo Feria Educativa - Pol\u00edticos al Desnudo\",\"isPartOf\":{\"@id\":\"https:\\\/\\\/politicosaldesnudo.com.mx\\\/#website\"},\"primaryImageOfPage\":{\"@id\":\"https:\\\/\\\/politicosaldesnudo.com.mx\\\/index.php\\\/2023\\\/04\\\/20\\\/se-inaugura-en-tuxpan-la-segunda-edicion-de-la-expo-feria-educativa\\\/#primaryimage\"},\"image\":{\"@id\":\"https:\\\/\\\/politicosaldesnudo.com.mx\\\/index.php\\\/2023\\\/04\\\/20\\\/se-inaugura-en-tuxpan-la-segunda-edicion-de-la-expo-feria-educativa\\\/#primaryimage\"},\"thumbnailUrl\":\"https:\\\/\\\/i0.wp.com\\\/politicosaldesnudo.com.mx\\\/wp-content\\\/uploads\\\/2023\\\/04\\\/P-FERIA-EDUCATIVA-2.png?fit=1816%2C1016&ssl=1\",\"datePublished\":\"2023-04-21T03:04:54+00:00\",\"dateModified\":\"2023-04-21T03:05:07+00:00\",\"breadcrumb\":{\"@id\":\"https:\\\/\\\/politicosaldesnudo.com.mx\\\/index.php\\\/2023\\\/04\\\/20\\\/se-inaugura-en-tuxpan-la-segunda-edicion-de-la-expo-feria-educativa\\\/#breadcrumb\"},\"inLanguage\":\"es\",\"potentialAction\":[{\"@type\":\"ReadAction\",\"target\":[\"https:\\\/\\\/politicosaldesnudo.com.mx\\\/index.php\\\/2023\\\/04\\\/20\\\/se-inaugura-en-tuxpan-la-segunda-edicion-de-la-expo-feria-educativa\\\/\"]}]},{\"@type\":\"ImageObject\",\"inLanguage\":\"es\",\"@id\":\"https:\\\/\\\/politicosaldesnudo.com.mx\\\/index.php\\\/2023\\\/04\\\/20\\\/se-inaugura-en-tuxpan-la-segunda-edicion-de-la-expo-feria-educativa\\\/#primaryimage\",\"url\":\"https:\\\/\\\/i0.wp.com\\\/politicosaldesnudo.com.mx\\\/wp-content\\\/uploads\\\/2023\\\/04\\\/P-FERIA-EDUCATIVA-2.png?fit=1816%2C1016&ssl=1\",\"contentUrl\":\"https:\\\/\\\/i0.wp.com\\\/politicosaldesnudo.com.mx\\\/wp-content\\\/uploads\\\/2023\\\/04\\\/P-FERIA-EDUCATIVA-2.png?fit=1816%2C1016&ssl=1\",\"width\":1816,\"height\":1016},{\"@type\":\"BreadcrumbList\",\"@id\":\"https:\\\/\\\/politicosaldesnudo.com.mx\\\/index.php\\\/2023\\\/04\\\/20\\\/se-inaugura-en-tuxpan-la-segunda-edicion-de-la-expo-feria-educativa\\\/#breadcrumb\",\"itemListElement\":[{\"@type\":\"ListItem\",\"position\":1,\"name\":\"Portada\",\"item\":\"https:\\\/\\\/politicosaldesnudo.com.mx\\\/\"},{\"@type\":\"ListItem\",\"position\":2,\"name\":\"Se inaugura en Tuxpan la segunda edici\u00f3n de la Expo Feria Educativa\"}]},{\"@type\":\"WebSite\",\"@id\":\"https:\\\/\\\/politicosaldesnudo.com.mx\\\/#website\",\"url\":\"https:\\\/\\\/politicosaldesnudo.com.mx\\\/\",\"name\":\"Pol\u00edticos al Desnudo\",\"description\":\"\",\"publisher\":{\"@id\":\"https:\\\/\\\/politicosaldesnudo.com.mx\\\/#organization\"},\"potentialAction\":[{\"@type\":\"SearchAction\",\"target\":{\"@type\":\"EntryPoint\",\"urlTemplate\":\"https:\\\/\\\/politicosaldesnudo.com.mx\\\/?s={search_term_string}\"},\"query-input\":{\"@type\":\"PropertyValueSpecification\",\"valueRequired\":true,\"valueName\":\"search_term_string\"}}],\"inLanguage\":\"es\"},{\"@type\":\"Organization\",\"@id\":\"https:\\\/\\\/politicosaldesnudo.com.mx\\\/#organization\",\"name\":\"Pol\u00edticos al Desnudo\",\"url\":\"https:\\\/\\\/politicosaldesnudo.com.mx\\\/\",\"logo\":{\"@type\":\"ImageObject\",\"inLanguage\":\"es\",\"@id\":\"https:\\\/\\\/politicosaldesnudo.com.mx\\\/#\\\/schema\\\/logo\\\/image\\\/\",\"url\":\"https:\\\/\\\/i0.wp.com\\\/politicosaldesnudo.com.mx\\\/wp-content\\\/uploads\\\/2026\\\/08\\\/cropped-logo.webp?fit=400%2C126&ssl=1\",\"contentUrl\":\"https:\\\/\\\/i0.wp.com\\\/politicosaldesnudo.com.mx\\\/wp-content\\\/uploads\\\/2026\\\/08\\\/cropped-logo.webp?fit=400%2C126&ssl=1\",\"width\":400,\"height\":126,\"caption\":\"Pol\u00edticos al Desnudo\"},\"image\":{\"@id\":\"https:\\\/\\\/politicosaldesnudo.com.mx\\\/#\\\/schema\\\/logo\\\/image\\\/\"},\"sameAs\":[\"https:\\\/\\\/www.facebook.com\\\/PoliticosAD\"]},{\"@type\":\"Person\",\"@id\":\"https:\\\/\\\/politicosaldesnudo.com.mx\\\/#\\\/schema\\\/person\\\/ef3a64e561cc3f3f5dc52fab81adde7e\",\"name\":\"Redacci\u00f3n Pol\u00edticos\",\"url\":\"https:\\\/\\\/politicosaldesnudo.com.mx\\\/index.php\\\/author\\\/redaccion-politicos\\\/\"}]}<\/script>\n<!-- \/ Yoast SEO plugin. -->","yoast_head_json":{"title":"Se inaugura en Tuxpan la segunda edici\u00f3n de la Expo Feria Educativa - Pol\u00edticos al Desnudo","robots":{"index":"index","follow":"follow","max-snippet":"max-snippet:-1","max-image-preview":"max-image-preview:large","max-video-preview":"max-video-preview:-1"},"canonical":"https:\/\/politicosaldesnudo.com.mx\/index.php\/2023\/04\/20\/se-inaugura-en-tuxpan-la-segunda-edicion-de-la-expo-feria-educativa\/","og_locale":"es_ES","og_type":"article","og_title":"Se inaugura en Tuxpan la segunda edici\u00f3n de la Expo Feria Educativa - Pol\u00edticos al Desnudo","og_description":"&nbsp; TUXPAN, VERACRUZ. Se inaugura la segunda edici\u00f3n de la Expo Feria Educativa Subregi\u00f3n Tuxpan que organiza la Secretar\u00eda de [&hellip;]","og_url":"https:\/\/politicosaldesnudo.com.mx\/index.php\/2023\/04\/20\/se-inaugura-en-tuxpan-la-segunda-edicion-de-la-expo-feria-educativa\/","og_site_name":"Pol\u00edticos al Desnudo","article_publisher":"https:\/\/www.facebook.com\/PoliticosAD","article_published_time":"2023-04-21T03:04:54+00:00","article_modified_time":"2023-04-21T03:05:07+00:00","og_image":[{"width":1024,"height":573,"url":"https:\/\/politicosaldesnudo.com.mx\/wp-content\/uploads\/2023\/04\/P-FERIA-EDUCATIVA-2-1024x573.png","type":"image\/png"}],"author":"Redacci\u00f3n Pol\u00edticos","twitter_card":"summary_large_image","twitter_misc":{"Escrito por":"Redacci\u00f3n Pol\u00edticos","Tiempo de lectura":"4 minutos"},"schema":{"@context":"https:\/\/schema.org","@graph":[{"@type":"Article","@id":"https:\/\/politicosaldesnudo.com.mx\/index.php\/2023\/04\/20\/se-inaugura-en-tuxpan-la-segunda-edicion-de-la-expo-feria-educativa\/#article","isPartOf":{"@id":"https:\/\/politicosaldesnudo.com.mx\/index.php\/2023\/04\/20\/se-inaugura-en-tuxpan-la-segunda-edicion-de-la-expo-feria-educativa\/"},"author":{"name":"Redacci\u00f3n Pol\u00edticos","@id":"https:\/\/politicosaldesnudo.com.mx\/#\/schema\/person\/ef3a64e561cc3f3f5dc52fab81adde7e"},"headline":"Se inaugura en Tuxpan la segunda edici\u00f3n de la Expo Feria Educativa","datePublished":"2023-04-21T03:04:54+00:00","dateModified":"2023-04-21T03:05:07+00:00","mainEntityOfPage":{"@id":"https:\/\/politicosaldesnudo.com.mx\/index.php\/2023\/04\/20\/se-inaugura-en-tuxpan-la-segunda-edicion-de-la-expo-feria-educativa\/"},"wordCount":717,"publisher":{"@id":"https:\/\/politicosaldesnudo.com.mx\/#organization"},"image":{"@id":"https:\/\/politicosaldesnudo.com.mx\/index.php\/2023\/04\/20\/se-inaugura-en-tuxpan-la-segunda-edicion-de-la-expo-feria-educativa\/#primaryimage"},"thumbnailUrl":"https:\/\/i0.wp.com\/politicosaldesnudo.com.mx\/wp-content\/uploads\/2023\/04\/P-FERIA-EDUCATIVA-2.png?fit=1816%2C1016&ssl=1","keywords":["EDUCACION","EXPO FERIA EDUCATIVA","JOS\u00c9 MANUEL POZOS","TUXPAN","VERACRUZ"],"articleSection":["TUXPAN"],"inLanguage":"es"},{"@type":"WebPage","@id":"https:\/\/politicosaldesnudo.com.mx\/index.php\/2023\/04\/20\/se-inaugura-en-tuxpan-la-segunda-edicion-de-la-expo-feria-educativa\/","url":"https:\/\/politicosaldesnudo.com.mx\/index.php\/2023\/04\/20\/se-inaugura-en-tuxpan-la-segunda-edicion-de-la-expo-feria-educativa\/","name":"Se inaugura en Tuxpan la segunda edici\u00f3n de la Expo Feria Educativa - Pol\u00edticos al Desnudo","isPartOf":{"@id":"https:\/\/politicosaldesnudo.com.mx\/#website"},"primaryImageOfPage":{"@id":"https:\/\/politicosaldesnudo.com.mx\/index.php\/2023\/04\/20\/se-inaugura-en-tuxpan-la-segunda-edicion-de-la-expo-feria-educativa\/#primaryimage"},"image":{"@id":"https:\/\/politicosaldesnudo.com.mx\/index.php\/2023\/04\/20\/se-inaugura-en-tuxpan-la-segunda-edicion-de-la-expo-feria-educativa\/#primaryimage"},"thumbnailUrl":"https:\/\/i0.wp.com\/politicosaldesnudo.com.mx\/wp-content\/uploads\/2023\/04\/P-FERIA-EDUCATIVA-2.png?fit=1816%2C1016&ssl=1","datePublished":"2023-04-21T03:04:54+00:00","dateModified":"2023-04-21T03:05:07+00:00","breadcrumb":{"@id":"https:\/\/politicosaldesnudo.com.mx\/index.php\/2023\/04\/20\/se-inaugura-en-tuxpan-la-segunda-edicion-de-la-expo-feria-educativa\/#breadcrumb"},"inLanguage":"es","potentialAction":[{"@type":"ReadAction","target":["https:\/\/politicosaldesnudo.com.mx\/index.php\/2023\/04\/20\/se-inaugura-en-tuxpan-la-segunda-edicion-de-la-expo-feria-educativa\/"]}]},{"@type":"ImageObject","inLanguage":"es","@id":"https:\/\/politicosaldesnudo.com.mx\/index.php\/2023\/04\/20\/se-inaugura-en-tuxpan-la-segunda-edicion-de-la-expo-feria-educativa\/#primaryimage","url":"https:\/\/i0.wp.com\/politicosaldesnudo.com.mx\/wp-content\/uploads\/2023\/04\/P-FERIA-EDUCATIVA-2.png?fit=1816%2C1016&ssl=1","contentUrl":"https:\/\/i0.wp.com\/politicosaldesnudo.com.mx\/wp-content\/uploads\/2023\/04\/P-FERIA-EDUCATIVA-2.png?fit=1816%2C1016&ssl=1","width":1816,"height":1016},{"@type":"BreadcrumbList","@id":"https:\/\/politicosaldesnudo.com.mx\/index.php\/2023\/04\/20\/se-inaugura-en-tuxpan-la-segunda-edicion-de-la-expo-feria-educativa\/#breadcrumb","itemListElement":[{"@type":"ListItem","position":1,"name":"Portada","item":"https:\/\/politicosaldesnudo.com.mx\/"},{"@type":"ListItem","position":2,"name":"Se inaugura en Tuxpan la segunda edici\u00f3n de la Expo Feria Educativa"}]},{"@type":"WebSite","@id":"https:\/\/politicosaldesnudo.com.mx\/#website","url":"https:\/\/politicosaldesnudo.com.mx\/","name":"Pol\u00edticos al Desnudo","description":"","publisher":{"@id":"https:\/\/politicosaldesnudo.com.mx\/#organization"},"potentialAction":[{"@type":"SearchAction","target":{"@type":"EntryPoint","urlTemplate":"https:\/\/politicosaldesnudo.com.mx\/?s={search_term_string}"},"query-input":{"@type":"PropertyValueSpecification","valueRequired":true,"valueName":"search_term_string"}}],"inLanguage":"es"},{"@type":"Organization","@id":"https:\/\/politicosaldesnudo.com.mx\/#organization","name":"Pol\u00edticos al Desnudo","url":"https:\/\/politicosaldesnudo.com.mx\/","logo":{"@type":"ImageObject","inLanguage":"es","@id":"https:\/\/politicosaldesnudo.com.mx\/#\/schema\/logo\/image\/","url":"https:\/\/i0.wp.com\/politicosaldesnudo.com.mx\/wp-content\/uploads\/2026\/08\/cropped-logo.webp?fit=400%2C126&ssl=1","contentUrl":"https:\/\/i0.wp.com\/politicosaldesnudo.com.mx\/wp-content\/uploads\/2026\/08\/cropped-logo.webp?fit=400%2C126&ssl=1","width":400,"height":126,"caption":"Pol\u00edticos al Desnudo"},"image":{"@id":"https:\/\/politicosaldesnudo.com.mx\/#\/schema\/logo\/image\/"},"sameAs":["https:\/\/www.facebook.com\/PoliticosAD"]},{"@type":"Person","@id":"https:\/\/politicosaldesnudo.com.mx\/#\/schema\/person\/ef3a64e561cc3f3f5dc52fab81adde7e","name":"Redacci\u00f3n Pol\u00edticos","url":"https:\/\/politicosaldesnudo.com.mx\/index.php\/author\/redaccion-politicos\/"}]}},"jetpack_publicize_connections":[],"jetpack-related-posts":[{"id":88118,"url":"https:\/\/politicosaldesnudo.com.mx\/index.php\/2026\/08\/27\/cateo-en-tuxpan-aseguran-negocio-investigado-por-presunta-extorsion-a-avicultores\/","url_meta":{"origin":18637,"position":0},"title":"Cateo en Tuxpan: aseguran negocio investigado por presunta extorsi\u00f3n a avicultores","author":"Redacci\u00f3n Pol\u00edticos","date":"27 de agosto de 2026","format":false,"excerpt":"Un establecimiento comercial de la colonia An\u00e1huac, en Tuxpan, qued\u00f3 bajo resguardo de las autoridades tras un operativo relacionado con una investigaci\u00f3n por posibles extorsiones contra integrantes del sector av\u00edcola. La diligencia fue realizada por agentes de la Unidad Especializada en Combate al Secuestro y la Extorsi\u00f3n (UECS), quienes contaron\u2026","rel":"","context":"En \u00abESTADOS\u00bb","block_context":{"text":"ESTADOS","link":"https:\/\/politicosaldesnudo.com.mx\/index.php\/category\/estados\/"},"img":{"alt_text":"","src":"https:\/\/i0.wp.com\/politicosaldesnudo.com.mx\/wp-content\/uploads\/2026\/08\/avc-tuxpan-horizontal.png?fit=1200%2C675&ssl=1&resize=350%2C200","width":350,"height":200,"srcset":"https:\/\/i0.wp.com\/politicosaldesnudo.com.mx\/wp-content\/uploads\/2026\/08\/avc-tuxpan-horizontal.png?fit=1200%2C675&ssl=1&resize=350%2C200 1x, https:\/\/i0.wp.com\/politicosaldesnudo.com.mx\/wp-content\/uploads\/2026\/08\/avc-tuxpan-horizontal.png?fit=1200%2C675&ssl=1&resize=525%2C300 1.5x, https:\/\/i0.wp.com\/politicosaldesnudo.com.mx\/wp-content\/uploads\/2026\/08\/avc-tuxpan-horizontal.png?fit=1200%2C675&ssl=1&resize=700%2C400 2x, https:\/\/i0.wp.com\/politicosaldesnudo.com.mx\/wp-content\/uploads\/2026\/08\/avc-tuxpan-horizontal.png?fit=1200%2C675&ssl=1&resize=1050%2C600 3x"},"classes":[]},{"id":88176,"url":"https:\/\/politicosaldesnudo.com.mx\/index.php\/2026\/08\/30\/un-viaje-sin-regreso-asi-habria-ocurrido-el-asesinato-del-hermano-de-la-creadora-de-contenido-ruthi-san-en-tuxpan\/","url_meta":{"origin":18637,"position":1},"title":"Un viaje sin regreso: as\u00ed habr\u00eda ocurrido el asesinato del hermano de la creadora de contenido Ruthi San, en Tuxpan","author":"Redacci\u00f3n Pol\u00edticos","date":"30 de agosto de 2026","format":false,"excerpt":"Un servicio de transporte termin\u00f3 convertido en la escena de un crimen. Cuatro meses despu\u00e9s del homicidio de Habib Ju\u00e1rez Castellanos, taxista de Tuxpan y hermano de la creadora de contenido Ruthi San, dos personas fueron detenidas y presentadas ante un juez. La investigaci\u00f3n de la Fiscal\u00eda Regional se\u00f1ala que\u2026","rel":"","context":"En \u00abESTADOS\u00bb","block_context":{"text":"ESTADOS","link":"https:\/\/politicosaldesnudo.com.mx\/index.php\/category\/estados\/"},"img":{"alt_text":"","src":"https:\/\/i0.wp.com\/politicosaldesnudo.com.mx\/wp-content\/uploads\/2026\/08\/f957448d-9e13-44e1-acb0-03d35ff4db3c.png?fit=1200%2C675&ssl=1&resize=350%2C200","width":350,"height":200,"srcset":"https:\/\/i0.wp.com\/politicosaldesnudo.com.mx\/wp-content\/uploads\/2026\/08\/f957448d-9e13-44e1-acb0-03d35ff4db3c.png?fit=1200%2C675&ssl=1&resize=350%2C200 1x, https:\/\/i0.wp.com\/politicosaldesnudo.com.mx\/wp-content\/uploads\/2026\/08\/f957448d-9e13-44e1-acb0-03d35ff4db3c.png?fit=1200%2C675&ssl=1&resize=525%2C300 1.5x, https:\/\/i0.wp.com\/politicosaldesnudo.com.mx\/wp-content\/uploads\/2026\/08\/f957448d-9e13-44e1-acb0-03d35ff4db3c.png?fit=1200%2C675&ssl=1&resize=700%2C400 2x, https:\/\/i0.wp.com\/politicosaldesnudo.com.mx\/wp-content\/uploads\/2026\/08\/f957448d-9e13-44e1-acb0-03d35ff4db3c.png?fit=1200%2C675&ssl=1&resize=1050%2C600 3x"},"classes":[]},{"id":33280,"url":"https:\/\/politicosaldesnudo.com.mx\/index.php\/2024\/03\/12\/buscaremos-el-desarrollo-de-tuxpan-y-la-region-jv\/","url_meta":{"origin":18637,"position":2},"title":"Buscaremos el desarrollo de Tuxpan y la regi\u00f3n: JV","author":"Redacci\u00f3n Pol\u00edticos","date":"12 de marzo de 2024","format":false,"excerpt":"TUXPAN.- De acuerdo con lo mencionado en entrevista por el candidato del Movimiento de Regeneraci\u00f3n Nacional Javier Vel\u00e1zquez Vallejo, la zona norte del estado ha estado olvidada por muchos a\u00f1os, y aunque sus municipios tienen un gran potencial en diversos rubros, \u00e9stos han sido debidamente apoyados y respaldados, por lo\u2026","rel":"","context":"En \u00abTUXPAN\u00bb","block_context":{"text":"TUXPAN","link":"https:\/\/politicosaldesnudo.com.mx\/index.php\/category\/tuxpan\/"},"img":{"alt_text":"","src":"https:\/\/i0.wp.com\/politicosaldesnudo.com.mx\/wp-content\/uploads\/2024\/03\/4a-4.jpg?fit=1080%2C720&ssl=1&resize=350%2C200","width":350,"height":200,"srcset":"https:\/\/i0.wp.com\/politicosaldesnudo.com.mx\/wp-content\/uploads\/2024\/03\/4a-4.jpg?fit=1080%2C720&ssl=1&resize=350%2C200 1x, https:\/\/i0.wp.com\/politicosaldesnudo.com.mx\/wp-content\/uploads\/2024\/03\/4a-4.jpg?fit=1080%2C720&ssl=1&resize=525%2C300 1.5x, https:\/\/i0.wp.com\/politicosaldesnudo.com.mx\/wp-content\/uploads\/2024\/03\/4a-4.jpg?fit=1080%2C720&ssl=1&resize=700%2C400 2x, https:\/\/i0.wp.com\/politicosaldesnudo.com.mx\/wp-content\/uploads\/2024\/03\/4a-4.jpg?fit=1080%2C720&ssl=1&resize=1050%2C600 3x"},"classes":[]},{"id":87996,"url":"https:\/\/politicosaldesnudo.com.mx\/index.php\/2026\/08\/23\/nuevos-autobuses-totonaco-arriban-a-poza-rica-operaran-tres-rutas-regionales\/","url_meta":{"origin":18637,"position":3},"title":"Nuevos autobuses Totonaco arriban a Poza Rica; operar\u00e1n tres rutas regionales","author":"Redacci\u00f3n Pol\u00edticos","date":"23 de agosto de 2026","format":false,"excerpt":"Los primeros autobuses del Servicio Totonaco ya se encuentran en Poza Rica como parte del proyecto con el que se busca renovar y ampliar las opciones de transporte p\u00fablico en la zona norte de Veracruz. Las unidades comenzaron a llegar durante el fin de semana y formar\u00e1n parte de una\u2026","rel":"","context":"En \u00abESTADOS\u00bb","block_context":{"text":"ESTADOS","link":"https:\/\/politicosaldesnudo.com.mx\/index.php\/category\/estados\/"},"img":{"alt_text":"","src":"https:\/\/i0.wp.com\/politicosaldesnudo.com.mx\/wp-content\/uploads\/2026\/08\/tt.jpg?fit=888%2C500&ssl=1&resize=350%2C200","width":350,"height":200,"srcset":"https:\/\/i0.wp.com\/politicosaldesnudo.com.mx\/wp-content\/uploads\/2026\/08\/tt.jpg?fit=888%2C500&ssl=1&resize=350%2C200 1x, https:\/\/i0.wp.com\/politicosaldesnudo.com.mx\/wp-content\/uploads\/2026\/08\/tt.jpg?fit=888%2C500&ssl=1&resize=525%2C300 1.5x, https:\/\/i0.wp.com\/politicosaldesnudo.com.mx\/wp-content\/uploads\/2026\/08\/tt.jpg?fit=888%2C500&ssl=1&resize=700%2C400 2x"},"classes":[]},{"id":52020,"url":"https:\/\/politicosaldesnudo.com.mx\/index.php\/2024\/12\/10\/cambios-en-el-ivea\/","url_meta":{"origin":18637,"position":4},"title":"Cambios en el IVEA","author":"Redacci\u00f3n Pol\u00edticos","date":"10 de diciembre de 2024","format":false,"excerpt":"A partir de este lunes, Bibiano Herrera ser\u00e1 el nuevo Coordinador de Zona del Instituto Veracruzano de Educaci\u00f3n para los Adultos, IVEA, en sustituci\u00f3n de Yeni Elizabeth D\u00edaz Quevedo, de acuerdo a la rotaci\u00f3n de personal y cambios propuestos por el nuevo gobierno. El nuevo coordinador, se desempe\u00f1aba como T\u00e9cnico\u2026","rel":"","context":"En \u00abTUXPAN\u00bb","block_context":{"text":"TUXPAN","link":"https:\/\/politicosaldesnudo.com.mx\/index.php\/category\/tuxpan\/"},"img":{"alt_text":"","src":"https:\/\/i0.wp.com\/politicosaldesnudo.com.mx\/wp-content\/uploads\/2024\/12\/6b-1.jpg?fit=1200%2C900&ssl=1&resize=350%2C200","width":350,"height":200,"srcset":"https:\/\/i0.wp.com\/politicosaldesnudo.com.mx\/wp-content\/uploads\/2024\/12\/6b-1.jpg?fit=1200%2C900&ssl=1&resize=350%2C200 1x, https:\/\/i0.wp.com\/politicosaldesnudo.com.mx\/wp-content\/uploads\/2024\/12\/6b-1.jpg?fit=1200%2C900&ssl=1&resize=525%2C300 1.5x, https:\/\/i0.wp.com\/politicosaldesnudo.com.mx\/wp-content\/uploads\/2024\/12\/6b-1.jpg?fit=1200%2C900&ssl=1&resize=700%2C400 2x, https:\/\/i0.wp.com\/politicosaldesnudo.com.mx\/wp-content\/uploads\/2024\/12\/6b-1.jpg?fit=1200%2C900&ssl=1&resize=1050%2C600 3x"},"classes":[]},{"id":88028,"url":"https:\/\/politicosaldesnudo.com.mx\/index.php\/2026\/08\/24\/se-acabaron-las-novatadas-violentas-en-las-escuelas-normales\/","url_meta":{"origin":18637,"position":5},"title":"Se acabaron las novatadas violentas en las escuelas normales","author":"Redacci\u00f3n Pol\u00edticos","date":"24 de agosto de 2026","format":false,"excerpt":"PRIMICIAS POR VICENTE MART\u00cdNEZ A una semana del regreso a clases, la Secretar\u00eda de Educaci\u00f3n P\u00fablica fij\u00f3 una postura firme frente a las llamadas novatadas en las escuelas normales y orden\u00f3 impedir cualquier pr\u00e1ctica de iniciaci\u00f3n que implique violencia o afecte los derechos de los estudiantes. El secretario de Educaci\u00f3n\u2026","rel":"","context":"En \u00abOPINI\u00d3N\u00bb","block_context":{"text":"OPINI\u00d3N","link":"https:\/\/politicosaldesnudo.com.mx\/index.php\/category\/columnistas\/"},"img":{"alt_text":"","src":"https:\/\/i0.wp.com\/politicosaldesnudo.com.mx\/wp-content\/uploads\/2026\/08\/primicias-2408-scaled.png?fit=1200%2C659&ssl=1&resize=350%2C200","width":350,"height":200,"srcset":"https:\/\/i0.wp.com\/politicosaldesnudo.com.mx\/wp-content\/uploads\/2026\/08\/primicias-2408-scaled.png?fit=1200%2C659&ssl=1&resize=350%2C200 1x, https:\/\/i0.wp.com\/politicosaldesnudo.com.mx\/wp-content\/uploads\/2026\/08\/primicias-2408-scaled.png?fit=1200%2C659&ssl=1&resize=525%2C300 1.5x, https:\/\/i0.wp.com\/politicosaldesnudo.com.mx\/wp-content\/uploads\/2026\/08\/primicias-2408-scaled.png?fit=1200%2C659&ssl=1&resize=700%2C400 2x, https:\/\/i0.wp.com\/politicosaldesnudo.com.mx\/wp-content\/uploads\/2026\/08\/primicias-2408-scaled.png?fit=1200%2C659&ssl=1&resize=1050%2C600 3x"},"classes":[]}],"jetpack_sharing_enabled":true,"jetpack_featured_media_url":"https:\/\/i0.wp.com\/politicosaldesnudo.com.mx\/wp-content\/uploads\/2023\/04\/P-FERIA-EDUCATIVA-2.png?fit=1816%2C1016&ssl=1","_links":{"self":[{"href":"https:\/\/politicosaldesnudo.com.mx\/index.php\/wp-json\/wp\/v2\/posts\/18637","targetHints":{"allow":["GET"]}}],"collection":[{"href":"https:\/\/politicosaldesnudo.com.mx\/index.php\/wp-json\/wp\/v2\/posts"}],"about":[{"href":"https:\/\/politicosaldesnudo.com.mx\/index.php\/wp-json\/wp\/v2\/types\/post"}],"author":[{"embeddable":true,"href":"https:\/\/politicosaldesnudo.com.mx\/index.php\/wp-json\/wp\/v2\/users\/4"}],"replies":[{"embeddable":true,"href":"https:\/\/politicosaldesnudo.com.mx\/index.php\/wp-json\/wp\/v2\/comments?post=18637"}],"version-history":[{"count":0,"href":"https:\/\/politicosaldesnudo.com.mx\/index.php\/wp-json\/wp\/v2\/posts\/18637\/revisions"}],"wp:featuredmedia":[{"embeddable":true,"href":"https:\/\/politicosaldesnudo.com.mx\/index.php\/wp-json\/wp\/v2\/media\/18639"}],"wp:attachment":[{"href":"https:\/\/politicosaldesnudo.com.mx\/index.php\/wp-json\/wp\/v2\/media?parent=18637"}],"wp:term":[{"taxonomy":"category","embeddable":true,"href":"https:\/\/politicosaldesnudo.com.mx\/index.php\/wp-json\/wp\/v2\/categories?post=18637"},{"taxonomy":"post_tag","embeddable":true,"href":"https:\/\/politicosaldesnudo.com.mx\/index.php\/wp-json\/wp\/v2\/tags?post=18637"}],"curies":[{"name":"wp","href":"https:\/\/api.w.org\/{rel}","templated":true}]}}