{"id":18817,"date":"2023-04-24T22:07:17","date_gmt":"2023-04-25T03:07:17","guid":{"rendered":"https:\/\/politicosaldesnudo.com.mx\/?p=18817"},"modified":"2023-04-25T15:11:07","modified_gmt":"2023-04-25T20:11:07","slug":"garantizara-abasto-a-bajos-precios-inaugura-gobierno-de-tuxpan-tienda-diconsa-en-la-mata","status":"publish","type":"post","link":"https:\/\/politicosaldesnudo.com.mx\/index.php\/2023\/04\/24\/garantizara-abasto-a-bajos-precios-inaugura-gobierno-de-tuxpan-tienda-diconsa-en-la-mata\/","title":{"rendered":"Garantizar\u00e1 abasto a bajos precios, inaugura gobierno de Tuxpan tienda Diconsa en La Mata"},"content":{"rendered":"<p>&nbsp;<\/p>\n<p class=\"p1\"><span style=\"font-size: 14pt;\"><em><strong>TUXPAN, VERACRUZ.<\/strong> <\/em><strong>El alcalde Jos\u00e9 Manuel Pozos<\/strong>\u00a0 y la agente municipal de La Mata,<strong> Martha Laura Zarate Vicencio inauguraron una tienda Diconsa<\/strong>, que permitir\u00e1 tener abasto de productos de la canasta b\u00e1sica a buen precio.<\/span><\/p>\n<p class=\"p1\"><span style=\"font-size: 18pt;\"><strong>El alcalde Jos\u00e9 Manuel Pozos se\u00f1al\u00f3 que esta tienda representa bienestar para los habitantes de La Mata, ya que permitir\u00e1 tener abasto de la canasta b\u00e1sica a buen precio, representando un importante ahorro para las familias.<span class=\"Apple-converted-space\">\u00a0<\/span><\/strong><\/span><\/p>\n<p class=\"p1\"><span style=\"font-size: 14pt;\">Destac\u00f3 que esta es la sexta tienda comunitaria Diconsa que se pone en marcha en Tuxpan, pues anteriormente se aperturaron en las comunidades de Ca\u00f1ada Rica, H\u00e9roes de Chapultepec, Puente Don Diego, Francisco I. Madero y Macuilt\u00e9petl. <span class=\"Apple-converted-space\">\u00a0<\/span><\/span><\/p>\n<p>&nbsp;<\/p>\n<p><img data-recalc-dims=\"1\" loading=\"lazy\" decoding=\"async\" class=\"aligncenter wp-image-18819 size-large\" src=\"https:\/\/i0.wp.com\/politicosaldesnudo.com.mx\/wp-content\/uploads\/2023\/04\/P-DICONSA-TUXPAN-2-1024x573.png?resize=800%2C448&#038;ssl=1\" alt=\"\" width=\"800\" height=\"448\" srcset=\"https:\/\/i0.wp.com\/politicosaldesnudo.com.mx\/wp-content\/uploads\/2023\/04\/P-DICONSA-TUXPAN-2.png?resize=1024%2C573&amp;ssl=1 1024w, https:\/\/i0.wp.com\/politicosaldesnudo.com.mx\/wp-content\/uploads\/2023\/04\/P-DICONSA-TUXPAN-2.png?resize=300%2C168&amp;ssl=1 300w, https:\/\/i0.wp.com\/politicosaldesnudo.com.mx\/wp-content\/uploads\/2023\/04\/P-DICONSA-TUXPAN-2.png?resize=768%2C430&amp;ssl=1 768w, https:\/\/i0.wp.com\/politicosaldesnudo.com.mx\/wp-content\/uploads\/2023\/04\/P-DICONSA-TUXPAN-2.png?resize=1536%2C859&amp;ssl=1 1536w, https:\/\/i0.wp.com\/politicosaldesnudo.com.mx\/wp-content\/uploads\/2023\/04\/P-DICONSA-TUXPAN-2.png?w=1816&amp;ssl=1 1816w, https:\/\/i0.wp.com\/politicosaldesnudo.com.mx\/wp-content\/uploads\/2023\/04\/P-DICONSA-TUXPAN-2.png?w=1600&amp;ssl=1 1600w\" sizes=\"auto, (max-width: 800px) 100vw, 800px\" \/><\/p>\n<p>&nbsp;<\/p>\n<p class=\"p1\"><span style=\"font-size: 18pt;\"><strong>El mandatario municipal, Jos\u00e9 Manuel Pozos adelant\u00f3 que pr\u00f3ximamente tambi\u00e9n habr\u00e1 buenas noticias para El Jobo, Boca del Monte y la Colonia M\u00e9xico Lindo.<\/strong><\/span><\/p>\n<p class=\"p1\"><span style=\"font-size: 14pt;\">Jos\u00e9 Manuel Pozos agradeci\u00f3 la presencia de Delia Gonz\u00e1lez Cobos, auditora General del Orfis y Roberto Eduardo Sigala Aguilar, Magistrado Titular de la Sala Regional Unitaria Norte del Tribunal de Justicia Administrativa del Estado de Veracruz (Trijaev)<\/span><\/p>\n<p class=\"p1\"><span style=\"font-size: 14pt;\">Con estas acciones, el Gobierno de Tuxpan y Diconsa coadyuvan a generar seguridad alimentaria en muchas comunidades de Tuxpan.<\/span><\/p>\n<p class=\"p1\"><span style=\"font-size: 14pt;\">Adem\u00e1s tambi\u00e9n asistieron las regidoras Anah\u00ed Aguilar L\u00f3pez y Lucero Res\u00e9ndis Ambrocio y el regidor Axel Bernal Herrera.<\/span><\/p>\n<p>&nbsp;<\/p>\n","protected":false},"excerpt":{"rendered":"<p>&nbsp; TUXPAN, VERACRUZ. El alcalde Jos\u00e9 Manuel Pozos\u00a0 y la agente municipal de La Mata, Martha Laura Zarate Vicencio inauguraron<\/p>\n","protected":false},"author":4,"featured_media":18818,"comment_status":"closed","ping_status":"closed","sticky":false,"template":"","format":"standard","meta":{"colormag_page_container_layout":"default_layout","colormag_page_sidebar_layout":"default_layout","_jetpack_memberships_contains_paid_content":false,"footnotes":"","jetpack_publicize_message":"","jetpack_publicize_feature_enabled":true,"jetpack_social_post_already_shared":false,"jetpack_social_options":{"image_generator_settings":{"template":"highway","default_image_id":0,"font":"","enabled":false},"version":2}},"categories":[1082],"tags":[1288,576,1749,70,100],"class_list":["post-18817","post","type-post","status-publish","format-standard","has-post-thumbnail","hentry","category-tuxpan","tag-diconsa","tag-jose-manuel-pozos","tag-la-mata","tag-tuxpan","tag-veracruz"],"jetpack_publicize_connections":[],"jetpack_featured_media_url":"https:\/\/i0.wp.com\/politicosaldesnudo.com.mx\/wp-content\/uploads\/2023\/04\/P-DICONSA-TUXPAN-1.png?fit=1816%2C1016&ssl=1","jetpack-related-posts":[],"jetpack_sharing_enabled":true,"_links":{"self":[{"href":"https:\/\/politicosaldesnudo.com.mx\/index.php\/wp-json\/wp\/v2\/posts\/18817","targetHints":{"allow":["GET"]}}],"collection":[{"href":"https:\/\/politicosaldesnudo.com.mx\/index.php\/wp-json\/wp\/v2\/posts"}],"about":[{"href":"https:\/\/politicosaldesnudo.com.mx\/index.php\/wp-json\/wp\/v2\/types\/post"}],"author":[{"embeddable":true,"href":"https:\/\/politicosaldesnudo.com.mx\/index.php\/wp-json\/wp\/v2\/users\/4"}],"replies":[{"embeddable":true,"href":"https:\/\/politicosaldesnudo.com.mx\/index.php\/wp-json\/wp\/v2\/comments?post=18817"}],"version-history":[{"count":0,"href":"https:\/\/politicosaldesnudo.com.mx\/index.php\/wp-json\/wp\/v2\/posts\/18817\/revisions"}],"wp:featuredmedia":[{"embeddable":true,"href":"https:\/\/politicosaldesnudo.com.mx\/index.php\/wp-json\/wp\/v2\/media\/18818"}],"wp:attachment":[{"href":"https:\/\/politicosaldesnudo.com.mx\/index.php\/wp-json\/wp\/v2\/media?parent=18817"}],"wp:term":[{"taxonomy":"category","embeddable":true,"href":"https:\/\/politicosaldesnudo.com.mx\/index.php\/wp-json\/wp\/v2\/categories?post=18817"},{"taxonomy":"post_tag","embeddable":true,"href":"https:\/\/politicosaldesnudo.com.mx\/index.php\/wp-json\/wp\/v2\/tags?post=18817"}],"curies":[{"name":"wp","href":"https:\/\/api.w.org\/{rel}","templated":true}]}}