{"id":18823,"date":"2023-04-24T15:28:54","date_gmt":"2023-04-24T20:28:54","guid":{"rendered":"https:\/\/politicosaldesnudo.com.mx\/?p=18823"},"modified":"2023-05-04T18:35:07","modified_gmt":"2023-05-04T23:35:07","slug":"realiza-orfis-en-tuxpan-el-encuentro-regional-de-autoridades-municipales-fortaleciendo-la-igualdad","status":"publish","type":"post","link":"https:\/\/politicosaldesnudo.com.mx\/index.php\/2023\/04\/24\/realiza-orfis-en-tuxpan-el-encuentro-regional-de-autoridades-municipales-fortaleciendo-la-igualdad\/","title":{"rendered":"Realiza Orfis en Tuxpan el \u201cEncuentro Regional de Autoridades Municipales: Fortaleciendo la Igualdad\u201d"},"content":{"rendered":"<p class=\"p2\"><span class=\"Apple-converted-space\" style=\"font-size: 14pt;\">\u00a0<\/span><\/p>\n<p class=\"p1\"><span style=\"font-size: 14pt;\"><em><strong>TUXPAN, VERACRUZ.<\/strong> <\/em>Participan <strong>51 ayuntamientos de Veracruz en el \u201cEncuentro Regional de Autoridades Municipales: Fortaleciendo la Igualdad\u201d<\/strong> organizado el <strong>\u00d3rgano de Fiscalizaci\u00f3n Superior del Estado de Veracruz<\/strong> (Orfis).<\/span><\/p>\n<p class=\"p1\"><span style=\"font-size: 18pt;\"><strong>Teniendo sede en Tuxpan el alcalde Jos\u00e9 Manuel Pozos Castro indic\u00f3 que la presencia de alcaldes y representantes de los 51 municipios, se confirma que hay voluntad y compromiso en favor del fortalecimiento de la igualdad sustantiva de la mujer, en todos los \u00e1mbitos.<\/strong><\/span><\/p>\n<p>&nbsp;<\/p>\n<blockquote>\n<p class=\"p1\"><span style=\"font-size: 14pt;\">Es un alto deber hacer lo necesario para reducir la brecha de desigualdad que viven las mujeres y ni\u00f1as, al igual que eliminar todas las formas de discriminaci\u00f3n y violencia\u201d<\/span><\/p>\n<\/blockquote>\n<p>&nbsp;<\/p>\n<p><img data-recalc-dims=\"1\" loading=\"lazy\" decoding=\"async\" class=\"aligncenter wp-image-18825 size-large\" src=\"https:\/\/i0.wp.com\/politicosaldesnudo.com.mx\/wp-content\/uploads\/2023\/04\/P-ORFIS-ENCUENTRO-2-1024x573.png?resize=800%2C448&#038;ssl=1\" alt=\"\" width=\"800\" height=\"448\" srcset=\"https:\/\/i0.wp.com\/politicosaldesnudo.com.mx\/wp-content\/uploads\/2023\/04\/P-ORFIS-ENCUENTRO-2.png?resize=1024%2C573&amp;ssl=1 1024w, https:\/\/i0.wp.com\/politicosaldesnudo.com.mx\/wp-content\/uploads\/2023\/04\/P-ORFIS-ENCUENTRO-2.png?resize=300%2C168&amp;ssl=1 300w, https:\/\/i0.wp.com\/politicosaldesnudo.com.mx\/wp-content\/uploads\/2023\/04\/P-ORFIS-ENCUENTRO-2.png?resize=768%2C430&amp;ssl=1 768w, https:\/\/i0.wp.com\/politicosaldesnudo.com.mx\/wp-content\/uploads\/2023\/04\/P-ORFIS-ENCUENTRO-2.png?resize=1536%2C859&amp;ssl=1 1536w, https:\/\/i0.wp.com\/politicosaldesnudo.com.mx\/wp-content\/uploads\/2023\/04\/P-ORFIS-ENCUENTRO-2.png?w=1816&amp;ssl=1 1816w, https:\/\/i0.wp.com\/politicosaldesnudo.com.mx\/wp-content\/uploads\/2023\/04\/P-ORFIS-ENCUENTRO-2.png?w=1600&amp;ssl=1 1600w\" sizes=\"auto, (max-width: 800px) 100vw, 800px\" \/><\/p>\n<p>&nbsp;<\/p>\n<blockquote><p><span style=\"font-size: 14pt;\">Este tipo de eventos contribuye a tutelar el derecho que tienen las mujeres a participar plenamente en la vida pol\u00edtica, social, econ\u00f3mica y cultural\u201d<\/span><\/p><\/blockquote>\n<p>&nbsp;<\/p>\n<p class=\"p1\"><span style=\"font-size: 18pt;\"><strong>Jos\u00e9 Manuel Pozos reconoci\u00f3 al Orfis y a todas y a todos los representantes de instituciones p\u00fablicas, tribunales y \u00f3rganos descentralizados, porque su trabajo cotidiano hace de Veracruz un estado de derechos.<\/strong><\/span><\/p>\n<p>&nbsp;<\/p>\n<p class=\"p1\"><span style=\"font-size: 18pt; color: #139eca;\"><strong>CUMPLIMIENTO DE LEYES E IGUALDAD<\/strong><\/span><\/p>\n<p class=\"p1\"><span style=\"font-size: 14pt;\">Por su parte, Delia Gonz\u00e1lez Cobos, auditora General del Orfis, agradeci\u00f3 al alcalde Jos\u00e9 Manuel Pozos Castro por permitir la realizaci\u00f3n de este encuentro en el municipio. Asimismo, dio las gracias a las titulares de los \u00f3rganos aut\u00f3nomos por su presencia en este evento.<\/span><\/p>\n<p class=\"p1\"><span style=\"font-size: 18pt;\"><strong>As\u00ed, Delia Gonz\u00e1lez Cobos se\u00f1al\u00f3 que el objetivo principal de este encuentro es promover el cumplimiento de las leyes en materia de igualdad, as\u00ed como impulsar la creaci\u00f3n de condiciones para que en Veracruz las mujeres transiten de cualquier situaci\u00f3n de desigualdad a un estado de conciencia, autodeterminaci\u00f3n y autonom\u00eda, lo que permitir\u00e1 lograr la manifestaci\u00f3n del pleno ejercicio de sus derechos.<\/strong><\/span><\/p>\n<p>&nbsp;<\/p>\n<p><img data-recalc-dims=\"1\" loading=\"lazy\" decoding=\"async\" class=\"aligncenter wp-image-18824 size-large\" src=\"https:\/\/i0.wp.com\/politicosaldesnudo.com.mx\/wp-content\/uploads\/2023\/04\/P-ORFIS-ENCUENTRO-1-1024x573.png?resize=800%2C448&#038;ssl=1\" alt=\"\" width=\"800\" height=\"448\" srcset=\"https:\/\/i0.wp.com\/politicosaldesnudo.com.mx\/wp-content\/uploads\/2023\/04\/P-ORFIS-ENCUENTRO-1.png?resize=1024%2C573&amp;ssl=1 1024w, https:\/\/i0.wp.com\/politicosaldesnudo.com.mx\/wp-content\/uploads\/2023\/04\/P-ORFIS-ENCUENTRO-1.png?resize=300%2C168&amp;ssl=1 300w, https:\/\/i0.wp.com\/politicosaldesnudo.com.mx\/wp-content\/uploads\/2023\/04\/P-ORFIS-ENCUENTRO-1.png?resize=768%2C430&amp;ssl=1 768w, https:\/\/i0.wp.com\/politicosaldesnudo.com.mx\/wp-content\/uploads\/2023\/04\/P-ORFIS-ENCUENTRO-1.png?resize=1536%2C859&amp;ssl=1 1536w, https:\/\/i0.wp.com\/politicosaldesnudo.com.mx\/wp-content\/uploads\/2023\/04\/P-ORFIS-ENCUENTRO-1.png?w=1816&amp;ssl=1 1816w, https:\/\/i0.wp.com\/politicosaldesnudo.com.mx\/wp-content\/uploads\/2023\/04\/P-ORFIS-ENCUENTRO-1.png?w=1600&amp;ssl=1 1600w\" sizes=\"auto, (max-width: 800px) 100vw, 800px\" \/><\/p>\n<p>&nbsp;<\/p>\n<p class=\"p1\"><span style=\"font-size: 14pt;\">Estuvo presente en el evento Namiko Matzumoto Ben\u00edtez, presidenta de la Comisi\u00f3n Estatal de Derechos Humanos; Marisol Alicia Delgadillo Morales, presidenta del Consejo General del Organismo P\u00fablico Local Electoral de Veracruz (OPLE); Naldy Patricia Rodr\u00edguez Lagunes, presidenta del Instituto Veracruzano de Acceso a la Informaci\u00f3n (IVAI) y Roberto Eduardo Sigala Aguilar, Magistrado Titular de la Sala Regional Unitaria Norte del Tribunal de Justicia Administrativa del Estado de Veracruz (Trijaev).<\/span><\/p>\n<p class=\"p1\"><span style=\"font-size: 14pt;\">Se tuvo la presencia de Gilberto Salazar Ceballos, secretario de Estudio y Cuenta, en representaci\u00f3n de la magistrada Tania Celina V\u00e1zquez Mu\u00f1oz, del Tribunal Electoral de Veracruz;C\u00e9sar Garay Gardu\u00f1o, en representaci\u00f3n de la magistrada Eva Barrientos Zepeda, presidenta de la Sala Regional del Tribunal Electoral del Poder Judicial de la Federaci\u00f3n.<\/span><\/p>\n<p class=\"p4\"><span style=\"font-size: 14pt;\">Adem\u00e1s de Juan Hern\u00e1ndez Bustos, presidente de la Barra de Abogados de la Zona Norte, en representaci\u00f3n del diputado local Genaro Ib\u00e1\u00f1ez Mart\u00ednez y Elisa Mohedano Orellan, diputada suplente de \u00c1lamo Temapache.<\/span><\/p>\n<p>&nbsp;<\/p>\n<p><img data-recalc-dims=\"1\" loading=\"lazy\" decoding=\"async\" class=\"aligncenter wp-image-18826 size-large\" src=\"https:\/\/i0.wp.com\/politicosaldesnudo.com.mx\/wp-content\/uploads\/2023\/04\/P-ORFIS-ENCUENTRO-3-1024x573.png?resize=800%2C448&#038;ssl=1\" alt=\"\" width=\"800\" height=\"448\" srcset=\"https:\/\/i0.wp.com\/politicosaldesnudo.com.mx\/wp-content\/uploads\/2023\/04\/P-ORFIS-ENCUENTRO-3.png?resize=1024%2C573&amp;ssl=1 1024w, https:\/\/i0.wp.com\/politicosaldesnudo.com.mx\/wp-content\/uploads\/2023\/04\/P-ORFIS-ENCUENTRO-3.png?resize=300%2C168&amp;ssl=1 300w, https:\/\/i0.wp.com\/politicosaldesnudo.com.mx\/wp-content\/uploads\/2023\/04\/P-ORFIS-ENCUENTRO-3.png?resize=768%2C430&amp;ssl=1 768w, https:\/\/i0.wp.com\/politicosaldesnudo.com.mx\/wp-content\/uploads\/2023\/04\/P-ORFIS-ENCUENTRO-3.png?resize=1536%2C859&amp;ssl=1 1536w, https:\/\/i0.wp.com\/politicosaldesnudo.com.mx\/wp-content\/uploads\/2023\/04\/P-ORFIS-ENCUENTRO-3.png?w=1816&amp;ssl=1 1816w, https:\/\/i0.wp.com\/politicosaldesnudo.com.mx\/wp-content\/uploads\/2023\/04\/P-ORFIS-ENCUENTRO-3.png?w=1600&amp;ssl=1 1600w\" sizes=\"auto, (max-width: 800px) 100vw, 800px\" \/><\/p>\n<p>&nbsp;<\/p>\n","protected":false},"excerpt":{"rendered":"<p>\u00a0 TUXPAN, VERACRUZ. Participan 51 ayuntamientos de Veracruz en el \u201cEncuentro Regional de Autoridades Municipales: Fortaleciendo la Igualdad\u201d organizado el<\/p>\n","protected":false},"author":4,"featured_media":18827,"comment_status":"closed","ping_status":"closed","sticky":false,"template":"","format":"standard","meta":{"colormag_page_container_layout":"default_layout","colormag_page_sidebar_layout":"default_layout","_jetpack_memberships_contains_paid_content":false,"footnotes":"","jetpack_publicize_message":"","jetpack_publicize_feature_enabled":true,"jetpack_social_post_already_shared":false,"jetpack_social_options":{"image_generator_settings":{"template":"highway","default_image_id":0,"font":"","enabled":false},"version":2}},"categories":[1082],"tags":[1280,576,310,70,100],"class_list":["post-18823","post","type-post","status-publish","format-standard","has-post-thumbnail","hentry","category-tuxpan","tag-igualdad","tag-jose-manuel-pozos","tag-orfis","tag-tuxpan","tag-veracruz"],"jetpack_publicize_connections":[],"jetpack_featured_media_url":"https:\/\/i0.wp.com\/politicosaldesnudo.com.mx\/wp-content\/uploads\/2023\/04\/P-ORFIS-ENCUENTRO-4.png?fit=1816%2C1016&ssl=1","jetpack-related-posts":[],"jetpack_sharing_enabled":true,"_links":{"self":[{"href":"https:\/\/politicosaldesnudo.com.mx\/index.php\/wp-json\/wp\/v2\/posts\/18823","targetHints":{"allow":["GET"]}}],"collection":[{"href":"https:\/\/politicosaldesnudo.com.mx\/index.php\/wp-json\/wp\/v2\/posts"}],"about":[{"href":"https:\/\/politicosaldesnudo.com.mx\/index.php\/wp-json\/wp\/v2\/types\/post"}],"author":[{"embeddable":true,"href":"https:\/\/politicosaldesnudo.com.mx\/index.php\/wp-json\/wp\/v2\/users\/4"}],"replies":[{"embeddable":true,"href":"https:\/\/politicosaldesnudo.com.mx\/index.php\/wp-json\/wp\/v2\/comments?post=18823"}],"version-history":[{"count":0,"href":"https:\/\/politicosaldesnudo.com.mx\/index.php\/wp-json\/wp\/v2\/posts\/18823\/revisions"}],"wp:featuredmedia":[{"embeddable":true,"href":"https:\/\/politicosaldesnudo.com.mx\/index.php\/wp-json\/wp\/v2\/media\/18827"}],"wp:attachment":[{"href":"https:\/\/politicosaldesnudo.com.mx\/index.php\/wp-json\/wp\/v2\/media?parent=18823"}],"wp:term":[{"taxonomy":"category","embeddable":true,"href":"https:\/\/politicosaldesnudo.com.mx\/index.php\/wp-json\/wp\/v2\/categories?post=18823"},{"taxonomy":"post_tag","embeddable":true,"href":"https:\/\/politicosaldesnudo.com.mx\/index.php\/wp-json\/wp\/v2\/tags?post=18823"}],"curies":[{"name":"wp","href":"https:\/\/api.w.org\/{rel}","templated":true}]}}