{"id":18901,"date":"2023-04-26T23:59:53","date_gmt":"2023-04-27T04:59:53","guid":{"rendered":"https:\/\/politicosaldesnudo.com.mx\/?p=18901"},"modified":"2023-05-04T18:43:59","modified_gmt":"2023-05-04T23:43:59","slug":"alcalde-jose-manuel-pozos-presenta-la-corte-real-del-carnaval-tuxpan-2023-que-siga-la-alegria","status":"publish","type":"post","link":"https:\/\/politicosaldesnudo.com.mx\/index.php\/2023\/04\/26\/alcalde-jose-manuel-pozos-presenta-la-corte-real-del-carnaval-tuxpan-2023-que-siga-la-alegria\/","title":{"rendered":"Alcalde Jos\u00e9 Manuel Pozos presenta la Corte Real del Carnaval Tuxpan 2023 \u00a1Que siga la alegr\u00eda!"},"content":{"rendered":"<p>&nbsp;<\/p>\n<p class=\"p2\" style=\"text-align: center;\"><em><span style=\"font-size: 18pt;\"><strong>&lt;&lt;En Tuxpan se vive el entusiasmo por la gran fiesta que se realizar\u00e1 del 4 al 8 de mayo&gt;&gt;<\/strong><\/span><\/em><\/p>\n<p>&nbsp;<\/p>\n<p class=\"p2\"><span style=\"font-size: 14pt;\"><em><strong>TUXPAN, VERACRUZ.<\/strong> <\/em><strong>El alcalde Jos\u00e9 Manuel Pozos<\/strong> y el <strong>Comit\u00e9 Central de Carnaval<\/strong> hicieron la <strong>presentaci\u00f3n de la Corte Real<\/strong> que engalanar\u00e1 la <strong>126 edici\u00f3n del Carnaval \u00a1Que Siga la Alegr\u00eda! <\/strong>que es orgullo de Tuxpan.<\/span><\/p>\n<p class=\"p2\"><span style=\"font-size: 18pt;\"><strong>El presidente municipal, Jos\u00e9 Manuel Pozos indic\u00f3 que todos los participantes son ganadores y recibir\u00e1n el reconocimiento del pueblo de Tuxpan durante los desfiles de carnaval.<\/strong><\/span><\/p>\n<p>&nbsp;<\/p>\n<p><img data-recalc-dims=\"1\" loading=\"lazy\" decoding=\"async\" class=\"aligncenter wp-image-18905 size-large\" src=\"https:\/\/i0.wp.com\/politicosaldesnudo.com.mx\/wp-content\/uploads\/2023\/04\/P-CORTE-CARNAVALTUXPAN-4-1024x573.png?resize=800%2C448&#038;ssl=1\" alt=\"\" width=\"800\" height=\"448\" srcset=\"https:\/\/i0.wp.com\/politicosaldesnudo.com.mx\/wp-content\/uploads\/2023\/04\/P-CORTE-CARNAVALTUXPAN-4.png?resize=1024%2C573&amp;ssl=1 1024w, https:\/\/i0.wp.com\/politicosaldesnudo.com.mx\/wp-content\/uploads\/2023\/04\/P-CORTE-CARNAVALTUXPAN-4.png?resize=300%2C168&amp;ssl=1 300w, https:\/\/i0.wp.com\/politicosaldesnudo.com.mx\/wp-content\/uploads\/2023\/04\/P-CORTE-CARNAVALTUXPAN-4.png?resize=768%2C430&amp;ssl=1 768w, https:\/\/i0.wp.com\/politicosaldesnudo.com.mx\/wp-content\/uploads\/2023\/04\/P-CORTE-CARNAVALTUXPAN-4.png?resize=1536%2C859&amp;ssl=1 1536w, https:\/\/i0.wp.com\/politicosaldesnudo.com.mx\/wp-content\/uploads\/2023\/04\/P-CORTE-CARNAVALTUXPAN-4.png?w=1816&amp;ssl=1 1816w, https:\/\/i0.wp.com\/politicosaldesnudo.com.mx\/wp-content\/uploads\/2023\/04\/P-CORTE-CARNAVALTUXPAN-4.png?w=1600&amp;ssl=1 1600w\" sizes=\"auto, (max-width: 800px) 100vw, 800px\" \/><\/p>\n<p>&nbsp;<\/p>\n<p class=\"p2\"><span style=\"font-size: 18pt;\"><strong>Jos\u00e9 Manuel Pozos que el ambiente de carnaval ya se percibe en Tuxpan y en municipios de la regi\u00f3n, por lo que no hay duda de que este ser\u00e1 el mejor carnaval de la historia.<\/strong><\/span><\/p>\n<p>&nbsp;<\/p>\n<blockquote>\n<p class=\"p2\"><span style=\"font-size: 14pt;\">Nos sentimos muy emocionados y motivados porque el carnaval ya est\u00e1 a la vuelta de la esquina. Tengan la seguridad que ser\u00e1 algo espectacular e inolvidable\u201d<\/span><\/p>\n<\/blockquote>\n<p>&nbsp;<\/p>\n<p class=\"p2\"><span style=\"font-size: 18pt;\"><strong>Destac\u00f3 Jos\u00e9 Manuel Pozos que por primera vez se tendr\u00e1 un carnaval inclusivo en el que brillar\u00e1n todos los colores de la diversidad, en medio de una alegr\u00eda desbordante.<span class=\"Apple-converted-space\">\u00a0<\/span><\/strong><\/span><\/p>\n<p>&nbsp;<\/p>\n<p><img data-recalc-dims=\"1\" loading=\"lazy\" decoding=\"async\" class=\"aligncenter wp-image-18906 size-large\" src=\"https:\/\/i0.wp.com\/politicosaldesnudo.com.mx\/wp-content\/uploads\/2023\/04\/P-CORTE-CARNAVALTUXPAN-5-1024x573.png?resize=800%2C448&#038;ssl=1\" alt=\"\" width=\"800\" height=\"448\" srcset=\"https:\/\/i0.wp.com\/politicosaldesnudo.com.mx\/wp-content\/uploads\/2023\/04\/P-CORTE-CARNAVALTUXPAN-5.png?resize=1024%2C573&amp;ssl=1 1024w, https:\/\/i0.wp.com\/politicosaldesnudo.com.mx\/wp-content\/uploads\/2023\/04\/P-CORTE-CARNAVALTUXPAN-5.png?resize=300%2C168&amp;ssl=1 300w, https:\/\/i0.wp.com\/politicosaldesnudo.com.mx\/wp-content\/uploads\/2023\/04\/P-CORTE-CARNAVALTUXPAN-5.png?resize=768%2C430&amp;ssl=1 768w, https:\/\/i0.wp.com\/politicosaldesnudo.com.mx\/wp-content\/uploads\/2023\/04\/P-CORTE-CARNAVALTUXPAN-5.png?resize=1536%2C859&amp;ssl=1 1536w, https:\/\/i0.wp.com\/politicosaldesnudo.com.mx\/wp-content\/uploads\/2023\/04\/P-CORTE-CARNAVALTUXPAN-5.png?w=1816&amp;ssl=1 1816w, https:\/\/i0.wp.com\/politicosaldesnudo.com.mx\/wp-content\/uploads\/2023\/04\/P-CORTE-CARNAVALTUXPAN-5.png?w=1600&amp;ssl=1 1600w\" sizes=\"auto, (max-width: 800px) 100vw, 800px\" \/><\/p>\n<p>&nbsp;<\/p>\n<p class=\"p2\"><span style=\"font-size: 18pt;\"><strong>Jos\u00e9 Manuel Pozos manifest\u00f3 su agradecimiento al gobernador Cuitl\u00e1huac Garc\u00eda Jim\u00e9nez y al secretario de Turismo, Iv\u00e1n Mart\u00ednez Olvera, por su respaldo en la realizaci\u00f3n de estas fiestas carnestolendas. Asimismo, reconoci\u00f3 el trabajo del Comit\u00e9 Central del Carnaval.<\/strong><\/span><\/p>\n<p>&nbsp;<\/p>\n<p><img data-recalc-dims=\"1\" loading=\"lazy\" decoding=\"async\" class=\"aligncenter wp-image-18902 size-large\" src=\"https:\/\/i0.wp.com\/politicosaldesnudo.com.mx\/wp-content\/uploads\/2023\/04\/P-CORTE-CARNAVALTUXPAN-1-1024x573.png?resize=800%2C448&#038;ssl=1\" alt=\"\" width=\"800\" height=\"448\" srcset=\"https:\/\/i0.wp.com\/politicosaldesnudo.com.mx\/wp-content\/uploads\/2023\/04\/P-CORTE-CARNAVALTUXPAN-1.png?resize=1024%2C573&amp;ssl=1 1024w, https:\/\/i0.wp.com\/politicosaldesnudo.com.mx\/wp-content\/uploads\/2023\/04\/P-CORTE-CARNAVALTUXPAN-1.png?resize=300%2C168&amp;ssl=1 300w, https:\/\/i0.wp.com\/politicosaldesnudo.com.mx\/wp-content\/uploads\/2023\/04\/P-CORTE-CARNAVALTUXPAN-1.png?resize=768%2C430&amp;ssl=1 768w, https:\/\/i0.wp.com\/politicosaldesnudo.com.mx\/wp-content\/uploads\/2023\/04\/P-CORTE-CARNAVALTUXPAN-1.png?resize=1536%2C859&amp;ssl=1 1536w, https:\/\/i0.wp.com\/politicosaldesnudo.com.mx\/wp-content\/uploads\/2023\/04\/P-CORTE-CARNAVALTUXPAN-1.png?w=1816&amp;ssl=1 1816w, https:\/\/i0.wp.com\/politicosaldesnudo.com.mx\/wp-content\/uploads\/2023\/04\/P-CORTE-CARNAVALTUXPAN-1.png?w=1600&amp;ssl=1 1600w\" sizes=\"auto, (max-width: 800px) 100vw, 800px\" \/><\/p>\n<p>&nbsp;<\/p>\n<hr \/>\n<p>&nbsp;<\/p>\n<p class=\"p2\" style=\"text-align: center;\"><span style=\"font-size: 18pt; color: #139eca;\"><strong>LA CORTE REAL DEL CARNAVAL TUXPAN 2023<\/strong><\/span><\/p>\n<p>&nbsp;<\/p>\n<ul style=\"list-style-type: circle;\">\n<li><span style=\"font-size: 18pt;\"><strong>Reina del Carnaval Tuxpan 2023, Alexa 1\u00aa<\/strong><\/span><\/li>\n<li><span style=\"font-size: 14pt;\">Princesa 1\u00aa, Am\u00e9rica 1\u00aa<\/span><\/li>\n<li class=\"p2\"><span style=\"font-size: 14pt;\">Princesa 2\u00aa, Perla 1\u00aa<\/span><\/li>\n<li class=\"p2\"><span style=\"font-size: 14pt;\">Duquesas:<\/span><\/li>\n<li class=\"p2\"><span style=\"font-size: 14pt;\">Paty 1\u00aa<span class=\"Apple-converted-space\">\u00a0<\/span><\/span><\/li>\n<li class=\"p2\"><span style=\"font-size: 14pt;\">Lorelei 2\u00aa<\/span><\/li>\n<li class=\"p2\"><span style=\"font-size: 14pt;\">Adriana 3\u00aa<span class=\"Apple-converted-space\">\u00a0<\/span><\/span><\/li>\n<li class=\"p2\"><span style=\"font-size: 14pt;\">Tanya Vel\u00e1squez<span class=\"Apple-converted-space\">\u00a0<\/span><\/span><\/li>\n<li class=\"p2\"><span style=\"font-size: 14pt;\">Karla Fernanda <span class=\"Apple-converted-space\">\u00a0<\/span><\/span><\/li>\n<\/ul>\n<p>&nbsp;<\/p>\n<p><img data-recalc-dims=\"1\" loading=\"lazy\" decoding=\"async\" class=\"aligncenter wp-image-18904 size-large\" src=\"https:\/\/i0.wp.com\/politicosaldesnudo.com.mx\/wp-content\/uploads\/2023\/04\/P-CORTE-CARNAVALTUXPAN-3-1024x573.png?resize=800%2C448&#038;ssl=1\" alt=\"\" width=\"800\" height=\"448\" srcset=\"https:\/\/i0.wp.com\/politicosaldesnudo.com.mx\/wp-content\/uploads\/2023\/04\/P-CORTE-CARNAVALTUXPAN-3.png?resize=1024%2C573&amp;ssl=1 1024w, https:\/\/i0.wp.com\/politicosaldesnudo.com.mx\/wp-content\/uploads\/2023\/04\/P-CORTE-CARNAVALTUXPAN-3.png?resize=300%2C168&amp;ssl=1 300w, https:\/\/i0.wp.com\/politicosaldesnudo.com.mx\/wp-content\/uploads\/2023\/04\/P-CORTE-CARNAVALTUXPAN-3.png?resize=768%2C430&amp;ssl=1 768w, https:\/\/i0.wp.com\/politicosaldesnudo.com.mx\/wp-content\/uploads\/2023\/04\/P-CORTE-CARNAVALTUXPAN-3.png?resize=1536%2C859&amp;ssl=1 1536w, https:\/\/i0.wp.com\/politicosaldesnudo.com.mx\/wp-content\/uploads\/2023\/04\/P-CORTE-CARNAVALTUXPAN-3.png?w=1816&amp;ssl=1 1816w, https:\/\/i0.wp.com\/politicosaldesnudo.com.mx\/wp-content\/uploads\/2023\/04\/P-CORTE-CARNAVALTUXPAN-3.png?w=1600&amp;ssl=1 1600w\" sizes=\"auto, (max-width: 800px) 100vw, 800px\" \/><\/p>\n<p>&nbsp;<\/p>\n<ul style=\"list-style-type: circle;\">\n<li class=\"p2\"><span style=\"font-size: 18pt;\"><strong>Rey del Carnaval Tuxpan 2023, Jes\u00fas 1\u00b0 <\/strong><\/span><\/li>\n<li class=\"p2\"><span style=\"font-size: 14pt;\">Pr\u00edncipe 1\u00b0: Geffroy 1\u00b0<\/span><\/li>\n<li class=\"p2\"><span style=\"font-size: 14pt;\">Pr\u00edncipe 2\u00b0: Kriss Alberto 1\u00b0<\/span><\/li>\n<li class=\"p2\"><span style=\"font-size: 14pt;\">Vins Ram\u00edrez<span class=\"Apple-converted-space\">\u00a0<\/span><\/span><\/li>\n<li class=\"p2\"><span style=\"font-size: 14pt;\">Jes\u00fas Antonio <span class=\"Apple-converted-space\">\u00a0<\/span><\/span><\/li>\n<li class=\"p2\"><span style=\"font-size: 14pt;\">Gonzalo Rey <span class=\"Apple-converted-space\">\u00a0<\/span><\/span><\/li>\n<li class=\"p2\"><span style=\"font-size: 14pt;\">Daniel Rivera. <span class=\"Apple-converted-space\">\u00a0<\/span><\/span><\/li>\n<\/ul>\n<p>&nbsp;<\/p>\n<p class=\"p2\"><span style=\"color: #139eca; font-size: 18pt;\"><strong>REYES DEL ADULTO MAYOR<\/strong><\/span><\/p>\n<ul style=\"list-style-type: circle;\">\n<li class=\"p2\"><span style=\"font-size: 18pt;\"><strong>Reina del Adulto Mayor: Laura 1\u00aa<\/strong><\/span><\/li>\n<li class=\"p2\"><span style=\"font-size: 18pt;\"><strong>Rey del Adulto Mayor: Raymundo 1\u00ba<\/strong><\/span><\/li>\n<li class=\"p2\"><span style=\"font-size: 14pt;\">Princesa del Adulto Mayor: Rosa 1\u00aa<\/span><\/li>\n<li class=\"p2\"><span style=\"font-size: 14pt;\">Pr\u00edncipe del Adulto Mayor: Jos\u00e9 Luis 1\u00b0<\/span><\/li>\n<li class=\"p2\"><span style=\"font-size: 14pt;\">Reyes de las Personas con Discapacidad<\/span><\/li>\n<li class=\"p2\"><span style=\"font-size: 14pt;\">Reina PCD: Ang\u00e9lica Amairani 1\u00aa<\/span><\/li>\n<li class=\"p2\"><span style=\"font-size: 14pt;\">Rey PCD: No\u00e9 1\u00ba<\/span><\/li>\n<li class=\"p2\"><span style=\"font-size: 14pt;\">Princesa PCD: Vianey 1\u00aa<\/span><\/li>\n<li class=\"p2\"><span style=\"font-size: 14pt;\">Pr\u00edncipe PCD: Sergio 1\u00b0<\/span><\/li>\n<\/ul>\n<p>&nbsp;<\/p>\n<p class=\"p2\"><span style=\"font-size: 18pt; color: #139eca;\"><strong>REYES INFANTILES<\/strong><\/span><\/p>\n<ul style=\"list-style-type: circle;\">\n<li class=\"p2\"><span style=\"font-size: 18pt;\"><strong>Reina Infantil: Aime\u00e9 1\u00aa<\/strong><\/span><\/li>\n<li class=\"p2\"><span style=\"font-size: 18pt;\"><strong>Rey Infantil: Ayram 1\u00b0<\/strong><\/span><\/li>\n<li class=\"p2\"><span style=\"font-size: 14pt;\">Princesas: Erin 1\u00aa<\/span><\/li>\n<li class=\"p2\"><span style=\"font-size: 14pt;\">Jaylin 1\u00aa<span class=\"Apple-converted-space\">\u00a0<\/span><\/span><\/li>\n<li class=\"p2\"><span style=\"font-size: 14pt;\">Camila 1\u00aa<span class=\"Apple-converted-space\">\u00a0<\/span><\/span><\/li>\n<li class=\"p2\"><span style=\"font-size: 14pt;\">Alaia 1\u00aa<span class=\"Apple-converted-space\">\u00a0<\/span><\/span><\/li>\n<li class=\"p2\"><span style=\"font-size: 14pt;\">Karol 1\u00aa<\/span><\/li>\n<li class=\"p2\"><span style=\"font-size: 14pt;\">Pr\u00edncipe: Dorian 1\u00b0<\/span><\/li>\n<\/ul>\n<p>&nbsp;<\/p>\n<p><span style=\"font-size: 18pt; color: #139eca;\"><strong>REYES COMUNIDAD LGBTQ<\/strong><\/span><\/p>\n<ul style=\"list-style-type: circle;\">\n<li class=\"p2\"><span style=\"font-size: 18pt;\"><strong>Reina LGBTQ+: Aries 1\u00aa<\/strong><\/span><\/li>\n<li class=\"p2\"><span style=\"font-size: 18pt;\"><strong>Rey LGBTQ+: Yerson 1\u00b0<\/strong><\/span><\/li>\n<li class=\"p2\"><span style=\"font-size: 14pt;\">Vania 1\u00aa Princesa LGBT del Carnaval Tuxpan<\/span><\/li>\n<li class=\"p2\"><span style=\"font-size: 14pt;\">Fernando 1\u00b0 Pr\u00edncipe LGBT del Carnaval Tuxpan 2023<\/span><\/li>\n<\/ul>\n<p>&nbsp;<\/p>\n<p>&nbsp;<\/p>\n","protected":false},"excerpt":{"rendered":"<p>&nbsp; &lt;&lt;En Tuxpan se vive el entusiasmo por la gran fiesta que se realizar\u00e1 del 4 al 8 de mayo&gt;&gt;<\/p>\n","protected":false},"author":4,"featured_media":18903,"comment_status":"closed","ping_status":"closed","sticky":false,"template":"","format":"standard","meta":{"colormag_page_container_layout":"default_layout","colormag_page_sidebar_layout":"default_layout","_jetpack_memberships_contains_paid_content":false,"footnotes":"","jetpack_publicize_message":"","jetpack_publicize_feature_enabled":true,"jetpack_social_post_already_shared":false,"jetpack_social_options":{"image_generator_settings":{"template":"highway","default_image_id":0,"font":"","enabled":false},"version":2}},"categories":[1082],"tags":[2575,2395,576,70,100],"class_list":["post-18901","post","type-post","status-publish","format-standard","has-post-thumbnail","hentry","category-tuxpan","tag-carnaval-tuxpan","tag-corte-real","tag-jose-manuel-pozos","tag-tuxpan","tag-veracruz"],"jetpack_publicize_connections":[],"jetpack_featured_media_url":"https:\/\/i0.wp.com\/politicosaldesnudo.com.mx\/wp-content\/uploads\/2023\/04\/P-CORTE-CARNAVALTUXPAN-2.png?fit=1816%2C1016&ssl=1","jetpack-related-posts":[],"jetpack_sharing_enabled":true,"_links":{"self":[{"href":"https:\/\/politicosaldesnudo.com.mx\/index.php\/wp-json\/wp\/v2\/posts\/18901","targetHints":{"allow":["GET"]}}],"collection":[{"href":"https:\/\/politicosaldesnudo.com.mx\/index.php\/wp-json\/wp\/v2\/posts"}],"about":[{"href":"https:\/\/politicosaldesnudo.com.mx\/index.php\/wp-json\/wp\/v2\/types\/post"}],"author":[{"embeddable":true,"href":"https:\/\/politicosaldesnudo.com.mx\/index.php\/wp-json\/wp\/v2\/users\/4"}],"replies":[{"embeddable":true,"href":"https:\/\/politicosaldesnudo.com.mx\/index.php\/wp-json\/wp\/v2\/comments?post=18901"}],"version-history":[{"count":0,"href":"https:\/\/politicosaldesnudo.com.mx\/index.php\/wp-json\/wp\/v2\/posts\/18901\/revisions"}],"wp:featuredmedia":[{"embeddable":true,"href":"https:\/\/politicosaldesnudo.com.mx\/index.php\/wp-json\/wp\/v2\/media\/18903"}],"wp:attachment":[{"href":"https:\/\/politicosaldesnudo.com.mx\/index.php\/wp-json\/wp\/v2\/media?parent=18901"}],"wp:term":[{"taxonomy":"category","embeddable":true,"href":"https:\/\/politicosaldesnudo.com.mx\/index.php\/wp-json\/wp\/v2\/categories?post=18901"},{"taxonomy":"post_tag","embeddable":true,"href":"https:\/\/politicosaldesnudo.com.mx\/index.php\/wp-json\/wp\/v2\/tags?post=18901"}],"curies":[{"name":"wp","href":"https:\/\/api.w.org\/{rel}","templated":true}]}}