{"id":18914,"date":"2023-04-26T22:16:38","date_gmt":"2023-04-27T03:16:38","guid":{"rendered":"https:\/\/politicosaldesnudo.com.mx\/?p=18914"},"modified":"2023-04-27T09:33:02","modified_gmt":"2023-04-27T14:33:02","slug":"dif-y-gobierno-de-tuxpan-entregan-juguetes-para-festejos-del-dia-del-nino","status":"publish","type":"post","link":"https:\/\/politicosaldesnudo.com.mx\/index.php\/2023\/04\/26\/dif-y-gobierno-de-tuxpan-entregan-juguetes-para-festejos-del-dia-del-nino\/","title":{"rendered":"DIF y gobierno de Tuxpan entregan juguetes para festejos del \u201cD\u00eda del Ni\u00f1o\u201d"},"content":{"rendered":"<p>&nbsp;<\/p>\n<p class=\"p2\"><span style=\"font-size: 14pt;\"><em><strong>TUXPAN, VERACRUZ.<\/strong><\/em> La presidenta del DIF Tuxpan, <strong>Pamela Morales Huesca<\/strong> y el alcalde<strong> Jos\u00e9 Manuel Pozos Castro<\/strong> <strong>realizaron la entrega de paquetes de juguetes<\/strong>, pi\u00f1atas y dulces, a <strong>35 agentes municipales, comisariados ejidales y l\u00edderes de colonias, para los festejos del \u201cD\u00eda del Ni\u00f1o\u201d.<\/strong><\/span><\/p>\n<p class=\"p2\"><span style=\"font-size: 18pt;\"><strong>En el evento el presidente municipal, Jos\u00e9 Manuel Pozos destac\u00f3 que se deben generar condiciones para garantizar el desarrollo y bienestar de la ni\u00f1ez.<\/strong><\/span><\/p>\n<p>&nbsp;<\/p>\n<p><img data-recalc-dims=\"1\" loading=\"lazy\" decoding=\"async\" class=\"aligncenter wp-image-18917 size-large\" src=\"https:\/\/i0.wp.com\/politicosaldesnudo.com.mx\/wp-content\/uploads\/2023\/04\/P-TUXPAN-DIADELNINO-3-1024x573.png?resize=800%2C448&#038;ssl=1\" alt=\"\" width=\"800\" height=\"448\" srcset=\"https:\/\/i0.wp.com\/politicosaldesnudo.com.mx\/wp-content\/uploads\/2023\/04\/P-TUXPAN-DIADELNINO-3.png?resize=1024%2C573&amp;ssl=1 1024w, https:\/\/i0.wp.com\/politicosaldesnudo.com.mx\/wp-content\/uploads\/2023\/04\/P-TUXPAN-DIADELNINO-3.png?resize=300%2C168&amp;ssl=1 300w, https:\/\/i0.wp.com\/politicosaldesnudo.com.mx\/wp-content\/uploads\/2023\/04\/P-TUXPAN-DIADELNINO-3.png?resize=768%2C430&amp;ssl=1 768w, https:\/\/i0.wp.com\/politicosaldesnudo.com.mx\/wp-content\/uploads\/2023\/04\/P-TUXPAN-DIADELNINO-3.png?resize=1536%2C859&amp;ssl=1 1536w, https:\/\/i0.wp.com\/politicosaldesnudo.com.mx\/wp-content\/uploads\/2023\/04\/P-TUXPAN-DIADELNINO-3.png?w=1816&amp;ssl=1 1816w, https:\/\/i0.wp.com\/politicosaldesnudo.com.mx\/wp-content\/uploads\/2023\/04\/P-TUXPAN-DIADELNINO-3.png?w=1600&amp;ssl=1 1600w\" sizes=\"auto, (max-width: 800px) 100vw, 800px\" \/><\/p>\n<p>&nbsp;<\/p>\n<p class=\"p2\"><span style=\"font-size: 14pt;\">Jos\u00e9 Manuel Pozos pidi\u00f3 a los representes de comunidades llevar un mensaje a todas las ni\u00f1as y ni\u00f1os, para que sepan que no est\u00e1n solos, que en este Gobierno de la Transformaci\u00f3n tienen un amigo con qui\u00e9n contar, porque son el presente y futuro de Tuxpan.<\/span><\/p>\n<p class=\"p2\"><span style=\"font-size: 18pt; color: #139eca;\"><strong>En esta ocasi\u00f3n se beneficiaron a 1,481 ni\u00f1os, 178 peque\u00f1os en edad maternal y 1,442 ni\u00f1as, de las 35 comunidades y colonias.<\/strong><\/span><\/p>\n<p>&nbsp;<\/p>\n<p><img data-recalc-dims=\"1\" loading=\"lazy\" decoding=\"async\" class=\"aligncenter wp-image-18919\" src=\"https:\/\/i0.wp.com\/politicosaldesnudo.com.mx\/wp-content\/uploads\/2023\/04\/P-TUXPAN-DIADELNINO-5-288x300.png?resize=600%2C624&#038;ssl=1\" alt=\"\" width=\"600\" height=\"624\" srcset=\"https:\/\/i0.wp.com\/politicosaldesnudo.com.mx\/wp-content\/uploads\/2023\/04\/P-TUXPAN-DIADELNINO-5.png?resize=288%2C300&amp;ssl=1 288w, https:\/\/i0.wp.com\/politicosaldesnudo.com.mx\/wp-content\/uploads\/2023\/04\/P-TUXPAN-DIADELNINO-5.png?w=720&amp;ssl=1 720w\" sizes=\"auto, (max-width: 600px) 100vw, 600px\" \/><\/p>\n<p>&nbsp;<\/p>\n<p class=\"p2\"><span style=\"font-size: 18pt;\"><strong>Los agentes y subagentes municipales agradecieron el respaldo del DIF que preside Pamela Morales Huesca y al alcalde Jos\u00e9 Manuel Pozos, porque en cada una de sus comunidades, los ni\u00f1os celebrar\u00e1n este d\u00eda que es tan importante. <span class=\"Apple-converted-space\">\u00a0<\/span><\/strong><\/span><\/p>\n<p>&nbsp;<\/p>\n<blockquote>\n<p class=\"p2\"><span style=\"font-size: 14pt;\">Gracias alcalde, agradezco su respaldo y estos juguetes que permitir\u00e1n dar alegr\u00eda a los ni\u00f1os de mi comunidad\u201d, expres\u00f3 Rub\u00e9n Rojas Hern\u00e1ndez, agente municipal de Nicol\u00e1s Bravo. <span class=\"Apple-converted-space\">\u00a0<\/span><\/span><\/p>\n<\/blockquote>\n<p>&nbsp;<\/p>\n<p><img data-recalc-dims=\"1\" loading=\"lazy\" decoding=\"async\" class=\"aligncenter wp-image-18916 size-large\" src=\"https:\/\/i0.wp.com\/politicosaldesnudo.com.mx\/wp-content\/uploads\/2023\/04\/P-TUXPAN-DIADELNINO-2-1024x573.png?resize=800%2C448&#038;ssl=1\" alt=\"\" width=\"800\" height=\"448\" srcset=\"https:\/\/i0.wp.com\/politicosaldesnudo.com.mx\/wp-content\/uploads\/2023\/04\/P-TUXPAN-DIADELNINO-2.png?resize=1024%2C573&amp;ssl=1 1024w, https:\/\/i0.wp.com\/politicosaldesnudo.com.mx\/wp-content\/uploads\/2023\/04\/P-TUXPAN-DIADELNINO-2.png?resize=300%2C168&amp;ssl=1 300w, https:\/\/i0.wp.com\/politicosaldesnudo.com.mx\/wp-content\/uploads\/2023\/04\/P-TUXPAN-DIADELNINO-2.png?resize=768%2C430&amp;ssl=1 768w, https:\/\/i0.wp.com\/politicosaldesnudo.com.mx\/wp-content\/uploads\/2023\/04\/P-TUXPAN-DIADELNINO-2.png?resize=1536%2C859&amp;ssl=1 1536w, https:\/\/i0.wp.com\/politicosaldesnudo.com.mx\/wp-content\/uploads\/2023\/04\/P-TUXPAN-DIADELNINO-2.png?w=1816&amp;ssl=1 1816w, https:\/\/i0.wp.com\/politicosaldesnudo.com.mx\/wp-content\/uploads\/2023\/04\/P-TUXPAN-DIADELNINO-2.png?w=1600&amp;ssl=1 1600w\" sizes=\"auto, (max-width: 800px) 100vw, 800px\" \/><\/p>\n<p>&nbsp;<\/p>\n<p class=\"p2\"><span style=\"font-size: 14pt;\">En los \u00faltimos d\u00edas el DIF Tuxpan tambi\u00e9n ha realizado la entrega de juguetes, pi\u00f1atas y dulces en planteles escolares, con el fin de que se realicen las celebraciones del \u201cD\u00eda del Ni\u00f1o\u201d.<\/span><\/p>\n<p class=\"p2\"><span style=\"font-size: 18pt;\"><strong>Finalmente, el alcalde Jos\u00e9 Manuel Pozos Castro, realiz\u00f3 la invitaci\u00f3n para que el pr\u00f3ximo domingo 30 de abril a las 17:00 horas, las familias asistan al segundo desfile del \u201cD\u00eda del Ni\u00f1o\u201d que se realizar\u00e1 y saldr\u00e1 desde AutoZone hasta la Plaza C\u00edvica, donde se tiene preparado un espect\u00e1culo para los ni\u00f1os.<\/strong><\/span><\/p>\n<p>&nbsp;<\/p>\n<p><img data-recalc-dims=\"1\" loading=\"lazy\" decoding=\"async\" class=\"aligncenter wp-image-18915 size-large\" src=\"https:\/\/i0.wp.com\/politicosaldesnudo.com.mx\/wp-content\/uploads\/2023\/04\/P-TUXPAN-DIADELNINO-1-1024x573.png?resize=800%2C448&#038;ssl=1\" alt=\"\" width=\"800\" height=\"448\" srcset=\"https:\/\/i0.wp.com\/politicosaldesnudo.com.mx\/wp-content\/uploads\/2023\/04\/P-TUXPAN-DIADELNINO-1.png?resize=1024%2C573&amp;ssl=1 1024w, https:\/\/i0.wp.com\/politicosaldesnudo.com.mx\/wp-content\/uploads\/2023\/04\/P-TUXPAN-DIADELNINO-1.png?resize=300%2C168&amp;ssl=1 300w, https:\/\/i0.wp.com\/politicosaldesnudo.com.mx\/wp-content\/uploads\/2023\/04\/P-TUXPAN-DIADELNINO-1.png?resize=768%2C430&amp;ssl=1 768w, https:\/\/i0.wp.com\/politicosaldesnudo.com.mx\/wp-content\/uploads\/2023\/04\/P-TUXPAN-DIADELNINO-1.png?resize=1536%2C859&amp;ssl=1 1536w, https:\/\/i0.wp.com\/politicosaldesnudo.com.mx\/wp-content\/uploads\/2023\/04\/P-TUXPAN-DIADELNINO-1.png?w=1816&amp;ssl=1 1816w, https:\/\/i0.wp.com\/politicosaldesnudo.com.mx\/wp-content\/uploads\/2023\/04\/P-TUXPAN-DIADELNINO-1.png?w=1600&amp;ssl=1 1600w\" sizes=\"auto, (max-width: 800px) 100vw, 800px\" \/><\/p>\n<p>&nbsp;<\/p>\n<p>&nbsp;<\/p>\n","protected":false},"excerpt":{"rendered":"<p>&nbsp; TUXPAN, VERACRUZ. La presidenta del DIF Tuxpan, Pamela Morales Huesca y el alcalde Jos\u00e9 Manuel Pozos Castro realizaron la<\/p>\n","protected":false},"author":4,"featured_media":18922,"comment_status":"closed","ping_status":"closed","sticky":false,"template":"","format":"standard","meta":{"colormag_page_container_layout":"default_layout","colormag_page_sidebar_layout":"default_layout","_jetpack_memberships_contains_paid_content":false,"footnotes":"","jetpack_publicize_message":"","jetpack_publicize_feature_enabled":true,"jetpack_social_post_already_shared":false,"jetpack_social_options":{"image_generator_settings":{"template":"highway","default_image_id":0,"font":"","enabled":false},"version":2}},"categories":[1082],"tags":[2611,1099,576,2612,1872,70,100],"class_list":["post-18914","post","type-post","status-publish","format-standard","has-post-thumbnail","hentry","category-tuxpan","tag-dia-del-nino","tag-dif-tuxpan","tag-jose-manuel-pozos","tag-juguetes","tag-pamela-morales","tag-tuxpan","tag-veracruz"],"jetpack_publicize_connections":[],"jetpack_featured_media_url":"https:\/\/i0.wp.com\/politicosaldesnudo.com.mx\/wp-content\/uploads\/2023\/04\/P-DIA-DEL-NINO-TUXPAN.png?fit=1816%2C1016&ssl=1","jetpack-related-posts":[],"jetpack_sharing_enabled":true,"_links":{"self":[{"href":"https:\/\/politicosaldesnudo.com.mx\/index.php\/wp-json\/wp\/v2\/posts\/18914","targetHints":{"allow":["GET"]}}],"collection":[{"href":"https:\/\/politicosaldesnudo.com.mx\/index.php\/wp-json\/wp\/v2\/posts"}],"about":[{"href":"https:\/\/politicosaldesnudo.com.mx\/index.php\/wp-json\/wp\/v2\/types\/post"}],"author":[{"embeddable":true,"href":"https:\/\/politicosaldesnudo.com.mx\/index.php\/wp-json\/wp\/v2\/users\/4"}],"replies":[{"embeddable":true,"href":"https:\/\/politicosaldesnudo.com.mx\/index.php\/wp-json\/wp\/v2\/comments?post=18914"}],"version-history":[{"count":0,"href":"https:\/\/politicosaldesnudo.com.mx\/index.php\/wp-json\/wp\/v2\/posts\/18914\/revisions"}],"wp:featuredmedia":[{"embeddable":true,"href":"https:\/\/politicosaldesnudo.com.mx\/index.php\/wp-json\/wp\/v2\/media\/18922"}],"wp:attachment":[{"href":"https:\/\/politicosaldesnudo.com.mx\/index.php\/wp-json\/wp\/v2\/media?parent=18914"}],"wp:term":[{"taxonomy":"category","embeddable":true,"href":"https:\/\/politicosaldesnudo.com.mx\/index.php\/wp-json\/wp\/v2\/categories?post=18914"},{"taxonomy":"post_tag","embeddable":true,"href":"https:\/\/politicosaldesnudo.com.mx\/index.php\/wp-json\/wp\/v2\/tags?post=18914"}],"curies":[{"name":"wp","href":"https:\/\/api.w.org\/{rel}","templated":true}]}}