{"id":18950,"date":"2023-03-03T07:59:35","date_gmt":"2023-03-03T13:59:35","guid":{"rendered":"https:\/\/politicosaldesnudo.com.mx\/?p=18950"},"modified":"2023-04-29T15:00:05","modified_gmt":"2023-04-29T20:00:05","slug":"inscribete-y-participa-en-la-segunda-carrera-atletica-unidos-todos-benito-juarez","status":"publish","type":"post","link":"https:\/\/politicosaldesnudo.com.mx\/index.php\/2023\/03\/03\/inscribete-y-participa-en-la-segunda-carrera-atletica-unidos-todos-benito-juarez\/","title":{"rendered":"Inscr\u00edbete y participa en la Segunda Carrera Atl\u00e9tica Unidos Todos \u201cBenito Ju\u00e1rez\u201d"},"content":{"rendered":"<p>&nbsp;<\/p>\n<p class=\"p1\"><span style=\"font-size: 14pt;\"><em><strong>TUXPAN, VERACRUZ.<\/strong> <\/em>El pr\u00f3ximo domingo 26 de marzo, a las 08:00 horas se realizar\u00e1 en Tuxpan la Segunda Carrera Atl\u00e9tica Unidos Todos \u201cBenito Ju\u00e1rez\u201d.<span class=\"Apple-converted-space\">\u00a0<\/span><\/span><\/p>\n<p class=\"p1\"><span style=\"font-size: 18pt;\"><strong>El objetivo es impulsar la convivencia familiar y la pr\u00e1ctica del deporte, por lo que se espera una gran participaci\u00f3n ciudadana en la que ser\u00e1 la segunda edici\u00f3n de esta carrera que lleva a cabo la organizaci\u00f3n Unidos Todos en el estado de Veracruz.<span class=\"Apple-converted-space\">\u00a0<\/span><\/strong><\/span><\/p>\n<p class=\"p1\"><span style=\"font-size: 14pt;\">El registro para participar inici\u00f3 el pasado 13 de febrero a trav\u00e9s del portal https:\/\/eventosdeportivos.com.mx\/ut2023. Una vez inscritos, los competidores reciben un kit que contiene una playera, una medalla conmemorativa y el n\u00famero chip.<span class=\"Apple-converted-space\">\u00a0<\/span><\/span><\/p>\n<p class=\"p1\"><span style=\"font-size: 14pt;\">Se correr\u00e1n 5 y 10 kil\u00f3metros en las categor\u00edas femenil y varonil, y son abiertas para todas las edades.<span class=\"Apple-converted-space\">\u00a0<\/span><\/span><\/p>\n<p>&nbsp;<\/p>\n<p class=\"p1\"><span style=\"font-size: 18pt;\"><strong>Los ganadores obtendr\u00e1n los siguientes premios:<\/strong><\/span><\/p>\n<p class=\"p1\"><span style=\"font-size: 14pt;\">En la carrera de 10 K= Primer lugar: 5 mil pesos; Segundo lugar: 3 mil pesos y Tercer lugar: 2 mil pesos.<\/span><\/p>\n<p class=\"p1\"><span style=\"font-size: 14pt;\">En la carrera de 5 K= Primer lugar: 3 mil pesos; Segundo lugar: 1,500 pesos y Tercer lugar: 1 mil pesos.<\/span><\/p>\n<p class=\"p1\"><span style=\"font-size: 14pt;\">Adem\u00e1s, habr\u00e1 una categor\u00eda para adultos mayores, a quienes se les otorgar\u00e1 un reconocimiento especial.<span class=\"Apple-converted-space\">\u00a0<\/span><\/span><\/p>\n<p class=\"p1\"><span style=\"font-size: 14pt;\">Despu\u00e9s de la carrera se realizar\u00e1 homenaje frente al busto del expresidente Benito Ju\u00e1rez Garc\u00eda.<\/span><\/p>\n<p>&nbsp;<\/p>\n<p><img data-recalc-dims=\"1\" loading=\"lazy\" decoding=\"async\" class=\"aligncenter wp-image-18951\" src=\"https:\/\/i0.wp.com\/politicosaldesnudo.com.mx\/wp-content\/uploads\/2023\/04\/P-CARRERA-BENITO-1-300x300.jpeg?resize=600%2C600&#038;ssl=1\" alt=\"\" width=\"600\" height=\"600\" srcset=\"https:\/\/i0.wp.com\/politicosaldesnudo.com.mx\/wp-content\/uploads\/2023\/04\/P-CARRERA-BENITO-1.jpeg?resize=300%2C300&amp;ssl=1 300w, https:\/\/i0.wp.com\/politicosaldesnudo.com.mx\/wp-content\/uploads\/2023\/04\/P-CARRERA-BENITO-1.jpeg?resize=1024%2C1024&amp;ssl=1 1024w, https:\/\/i0.wp.com\/politicosaldesnudo.com.mx\/wp-content\/uploads\/2023\/04\/P-CARRERA-BENITO-1.jpeg?resize=150%2C150&amp;ssl=1 150w, https:\/\/i0.wp.com\/politicosaldesnudo.com.mx\/wp-content\/uploads\/2023\/04\/P-CARRERA-BENITO-1.jpeg?resize=768%2C768&amp;ssl=1 768w, https:\/\/i0.wp.com\/politicosaldesnudo.com.mx\/wp-content\/uploads\/2023\/04\/P-CARRERA-BENITO-1.jpeg?w=1300&amp;ssl=1 1300w\" sizes=\"auto, (max-width: 600px) 100vw, 600px\" \/><\/p>\n<p>&nbsp;<\/p>\n<p>&nbsp;<\/p>\n","protected":false},"excerpt":{"rendered":"<p>&nbsp; TUXPAN, VERACRUZ. El pr\u00f3ximo domingo 26 de marzo, a las 08:00 horas se realizar\u00e1 en Tuxpan la Segunda Carrera<\/p>\n","protected":false},"author":4,"featured_media":18952,"comment_status":"closed","ping_status":"closed","sticky":false,"template":"","format":"standard","meta":{"colormag_page_container_layout":"default_layout","colormag_page_sidebar_layout":"default_layout","_jetpack_memberships_contains_paid_content":false,"footnotes":"","jetpack_publicize_message":"","jetpack_publicize_feature_enabled":true,"jetpack_social_post_already_shared":false,"jetpack_social_options":{"image_generator_settings":{"template":"highway","default_image_id":0,"font":"","enabled":false},"version":2}},"categories":[1,1082],"tags":[],"class_list":["post-18950","post","type-post","status-publish","format-standard","has-post-thumbnail","hentry","category-sin-categoria","category-tuxpan"],"jetpack_publicize_connections":[],"jetpack_featured_media_url":"https:\/\/i0.wp.com\/politicosaldesnudo.com.mx\/wp-content\/uploads\/2023\/04\/P-CARRERA-2MARZO.png?fit=1816%2C1016&ssl=1","jetpack-related-posts":[],"jetpack_sharing_enabled":true,"_links":{"self":[{"href":"https:\/\/politicosaldesnudo.com.mx\/index.php\/wp-json\/wp\/v2\/posts\/18950","targetHints":{"allow":["GET"]}}],"collection":[{"href":"https:\/\/politicosaldesnudo.com.mx\/index.php\/wp-json\/wp\/v2\/posts"}],"about":[{"href":"https:\/\/politicosaldesnudo.com.mx\/index.php\/wp-json\/wp\/v2\/types\/post"}],"author":[{"embeddable":true,"href":"https:\/\/politicosaldesnudo.com.mx\/index.php\/wp-json\/wp\/v2\/users\/4"}],"replies":[{"embeddable":true,"href":"https:\/\/politicosaldesnudo.com.mx\/index.php\/wp-json\/wp\/v2\/comments?post=18950"}],"version-history":[{"count":0,"href":"https:\/\/politicosaldesnudo.com.mx\/index.php\/wp-json\/wp\/v2\/posts\/18950\/revisions"}],"wp:featuredmedia":[{"embeddable":true,"href":"https:\/\/politicosaldesnudo.com.mx\/index.php\/wp-json\/wp\/v2\/media\/18952"}],"wp:attachment":[{"href":"https:\/\/politicosaldesnudo.com.mx\/index.php\/wp-json\/wp\/v2\/media?parent=18950"}],"wp:term":[{"taxonomy":"category","embeddable":true,"href":"https:\/\/politicosaldesnudo.com.mx\/index.php\/wp-json\/wp\/v2\/categories?post=18950"},{"taxonomy":"post_tag","embeddable":true,"href":"https:\/\/politicosaldesnudo.com.mx\/index.php\/wp-json\/wp\/v2\/tags?post=18950"}],"curies":[{"name":"wp","href":"https:\/\/api.w.org\/{rel}","templated":true}]}}