{"id":18964,"date":"2023-03-08T07:38:58","date_gmt":"2023-03-08T13:38:58","guid":{"rendered":"https:\/\/politicosaldesnudo.com.mx\/?p=18964"},"modified":"2023-04-29T15:44:39","modified_gmt":"2023-04-29T20:44:39","slug":"ponen-en-marcha-en-tuxpan-el-operativo-de-concientizacion-crucero","status":"publish","type":"post","link":"https:\/\/politicosaldesnudo.com.mx\/index.php\/2023\/03\/08\/ponen-en-marcha-en-tuxpan-el-operativo-de-concientizacion-crucero\/","title":{"rendered":"Ponen en marcha en Tuxpan el operativo de Concientizaci\u00f3n Crucero"},"content":{"rendered":"<p class=\"p1\">\n<p class=\"p1\"><span style=\"font-size: 14pt;\"><em><strong>TUXPAN, VERACRUZ.<\/strong> <\/em>El Ayuntamiento de Tuxpan que preside Jos\u00e9 Manuel Pozos Castro, a trav\u00e9s de la Secretar\u00eda de Seguridad P\u00fablica Municipal y la Direcci\u00f3n de Tr\u00e1nsito Municipal, pondr\u00e1 en marcha el operativo de Concientizaci\u00f3n Crucero.<\/span><\/p>\n<p class=\"p1\"><span style=\"font-size: 18pt;\"><strong>Dicho operativo se instalar\u00e1 en diversos puntos de la ciudad, iniciando el pr\u00f3ximo jueves 23 de marzo, con el objetivo de crear conciencia entre los conductores, peatones y pasajeros de transporte p\u00fablico acerca del uso correcto de los pasos peatonales, los sem\u00e1foros y la se\u00f1al\u00e9tica.<\/strong><\/span><\/p>\n<p class=\"p1\"><span style=\"font-size: 14pt;\">Ser\u00e1n los oficiales de Tr\u00e1nsito Municipal, en coordinaci\u00f3n con el Consejo Estatal para la Prevenci\u00f3n de Accidentes (Coepra) y personal de la Jurisdicci\u00f3n Sanitaria N\u00famero 2, quienes estar\u00e1n concientizando a la ciudadan\u00eda sobre la importancia de utilizar correctamente los cruces peatonales.<span class=\"Apple-converted-space\">\u00a0<\/span><\/span><\/p>\n<p>&nbsp;<\/p>\n<p><img data-recalc-dims=\"1\" loading=\"lazy\" decoding=\"async\" class=\"aligncenter wp-image-18967 size-large\" src=\"https:\/\/i0.wp.com\/politicosaldesnudo.com.mx\/wp-content\/uploads\/2023\/04\/P-OPERATIVO-TRANSITO-3-1024x573.png?resize=800%2C448&#038;ssl=1\" alt=\"\" width=\"800\" height=\"448\" srcset=\"https:\/\/i0.wp.com\/politicosaldesnudo.com.mx\/wp-content\/uploads\/2023\/04\/P-OPERATIVO-TRANSITO-3.png?resize=1024%2C573&amp;ssl=1 1024w, https:\/\/i0.wp.com\/politicosaldesnudo.com.mx\/wp-content\/uploads\/2023\/04\/P-OPERATIVO-TRANSITO-3.png?resize=300%2C168&amp;ssl=1 300w, https:\/\/i0.wp.com\/politicosaldesnudo.com.mx\/wp-content\/uploads\/2023\/04\/P-OPERATIVO-TRANSITO-3.png?resize=768%2C430&amp;ssl=1 768w, https:\/\/i0.wp.com\/politicosaldesnudo.com.mx\/wp-content\/uploads\/2023\/04\/P-OPERATIVO-TRANSITO-3.png?resize=1536%2C859&amp;ssl=1 1536w, https:\/\/i0.wp.com\/politicosaldesnudo.com.mx\/wp-content\/uploads\/2023\/04\/P-OPERATIVO-TRANSITO-3.png?w=1816&amp;ssl=1 1816w, https:\/\/i0.wp.com\/politicosaldesnudo.com.mx\/wp-content\/uploads\/2023\/04\/P-OPERATIVO-TRANSITO-3.png?w=1600&amp;ssl=1 1600w\" sizes=\"auto, (max-width: 800px) 100vw, 800px\" \/><\/p>\n<p>&nbsp;<\/p>\n<p class=\"p1\"><span style=\"font-size: 18pt;\"><strong>Tambi\u00e9n se brindar\u00e1 informaci\u00f3n sobre acciones preventivas para automovilistas, como el uso del cintur\u00f3n de seguridad y el uso correcto del casco en el caso de los motociclistas.<span class=\"Apple-converted-space\">\u00a0<\/span><\/strong><\/span><\/p>\n<p class=\"p1\"><span style=\"font-size: 14pt;\">Estas pl\u00e1ticas ya se llevan a cabo en las escuelas de educaci\u00f3n b\u00e1sica, pues as\u00ed se logra que nuestros ni\u00f1os crezcan con una educaci\u00f3n vial y aprendan la manera adecuada de cruzar calles, de utilizar sem\u00e1foros y se\u00f1al\u00e9tica que est\u00e1n en la ciudad.<span class=\"Apple-converted-space\">\u00a0<\/span><\/span><\/p>\n<p class=\"p1\"><span style=\"font-size: 14pt;\">Gracias al trabajo coordinado entre los tres niveles de gobierno, en el municipio de Tuxpan se trabaja de manera permanente para disminuir la incidencia de accidentes y con ellos proteger a la poblaci\u00f3n.<\/span><\/p>\n<p><img data-recalc-dims=\"1\" loading=\"lazy\" decoding=\"async\" class=\"aligncenter wp-image-18966 size-large\" src=\"https:\/\/i0.wp.com\/politicosaldesnudo.com.mx\/wp-content\/uploads\/2023\/04\/P-OPERATIVO-TRANSITO-2-1024x573.png?resize=800%2C448&#038;ssl=1\" alt=\"\" width=\"800\" height=\"448\" srcset=\"https:\/\/i0.wp.com\/politicosaldesnudo.com.mx\/wp-content\/uploads\/2023\/04\/P-OPERATIVO-TRANSITO-2.png?resize=1024%2C573&amp;ssl=1 1024w, https:\/\/i0.wp.com\/politicosaldesnudo.com.mx\/wp-content\/uploads\/2023\/04\/P-OPERATIVO-TRANSITO-2.png?resize=300%2C168&amp;ssl=1 300w, https:\/\/i0.wp.com\/politicosaldesnudo.com.mx\/wp-content\/uploads\/2023\/04\/P-OPERATIVO-TRANSITO-2.png?resize=768%2C430&amp;ssl=1 768w, https:\/\/i0.wp.com\/politicosaldesnudo.com.mx\/wp-content\/uploads\/2023\/04\/P-OPERATIVO-TRANSITO-2.png?resize=1536%2C859&amp;ssl=1 1536w, https:\/\/i0.wp.com\/politicosaldesnudo.com.mx\/wp-content\/uploads\/2023\/04\/P-OPERATIVO-TRANSITO-2.png?w=1816&amp;ssl=1 1816w, https:\/\/i0.wp.com\/politicosaldesnudo.com.mx\/wp-content\/uploads\/2023\/04\/P-OPERATIVO-TRANSITO-2.png?w=1600&amp;ssl=1 1600w\" sizes=\"auto, (max-width: 800px) 100vw, 800px\" \/><\/p>\n<p>&nbsp;<\/p>\n<p>&nbsp;<\/p>\n","protected":false},"excerpt":{"rendered":"<p>TUXPAN, VERACRUZ. El Ayuntamiento de Tuxpan que preside Jos\u00e9 Manuel Pozos Castro, a trav\u00e9s de la Secretar\u00eda de Seguridad P\u00fablica<\/p>\n","protected":false},"author":4,"featured_media":18965,"comment_status":"closed","ping_status":"closed","sticky":false,"template":"","format":"standard","meta":{"colormag_page_container_layout":"default_layout","colormag_page_sidebar_layout":"default_layout","_jetpack_memberships_contains_paid_content":false,"footnotes":"","jetpack_publicize_message":"","jetpack_publicize_feature_enabled":true,"jetpack_social_post_already_shared":false,"jetpack_social_options":{"image_generator_settings":{"template":"highway","default_image_id":0,"font":"","enabled":false},"version":2}},"categories":[1082],"tags":[],"class_list":["post-18964","post","type-post","status-publish","format-standard","has-post-thumbnail","hentry","category-tuxpan"],"jetpack_publicize_connections":[],"jetpack_featured_media_url":"https:\/\/i0.wp.com\/politicosaldesnudo.com.mx\/wp-content\/uploads\/2023\/04\/P-OPERATIVO-TRANSITO-1.png?fit=1816%2C1016&ssl=1","jetpack-related-posts":[],"jetpack_sharing_enabled":true,"_links":{"self":[{"href":"https:\/\/politicosaldesnudo.com.mx\/index.php\/wp-json\/wp\/v2\/posts\/18964","targetHints":{"allow":["GET"]}}],"collection":[{"href":"https:\/\/politicosaldesnudo.com.mx\/index.php\/wp-json\/wp\/v2\/posts"}],"about":[{"href":"https:\/\/politicosaldesnudo.com.mx\/index.php\/wp-json\/wp\/v2\/types\/post"}],"author":[{"embeddable":true,"href":"https:\/\/politicosaldesnudo.com.mx\/index.php\/wp-json\/wp\/v2\/users\/4"}],"replies":[{"embeddable":true,"href":"https:\/\/politicosaldesnudo.com.mx\/index.php\/wp-json\/wp\/v2\/comments?post=18964"}],"version-history":[{"count":0,"href":"https:\/\/politicosaldesnudo.com.mx\/index.php\/wp-json\/wp\/v2\/posts\/18964\/revisions"}],"wp:featuredmedia":[{"embeddable":true,"href":"https:\/\/politicosaldesnudo.com.mx\/index.php\/wp-json\/wp\/v2\/media\/18965"}],"wp:attachment":[{"href":"https:\/\/politicosaldesnudo.com.mx\/index.php\/wp-json\/wp\/v2\/media?parent=18964"}],"wp:term":[{"taxonomy":"category","embeddable":true,"href":"https:\/\/politicosaldesnudo.com.mx\/index.php\/wp-json\/wp\/v2\/categories?post=18964"},{"taxonomy":"post_tag","embeddable":true,"href":"https:\/\/politicosaldesnudo.com.mx\/index.php\/wp-json\/wp\/v2\/tags?post=18964"}],"curies":[{"name":"wp","href":"https:\/\/api.w.org\/{rel}","templated":true}]}}