{"id":19000,"date":"2023-05-01T00:00:05","date_gmt":"2023-05-01T05:00:05","guid":{"rendered":"https:\/\/politicosaldesnudo.com.mx\/?p=19000"},"modified":"2023-04-30T23:30:30","modified_gmt":"2023-05-01T04:30:30","slug":"amlo-y-la-septima-prediccion","status":"publish","type":"post","link":"https:\/\/politicosaldesnudo.com.mx\/index.php\/2023\/05\/01\/amlo-y-la-septima-prediccion\/","title":{"rendered":"AMLO y la s\u00e9ptima predicci\u00f3n"},"content":{"rendered":"<p class=\"p1\">\n<p>&nbsp;<\/p>\n<p class=\"p1\"><span style=\"font-size: 18pt;\"><b>Por Pepe Valencia<\/b><\/span><\/p>\n<p class=\"p1\"><span style=\"font-size: 14pt;\">Bas\u00e1ndome en observaciones, indicios e informaciones serias de sucesos importantes, cada a\u00f1o realizo pron\u00f3sticos y por lo general se cumplen en m\u00e1s del 90 por ciento de los casos.<\/span><\/p>\n<p class=\"p1\"><span style=\"font-size: 14pt;\">En diciembre pasado publiqu\u00e9 en este espacio siete vaticinios para el a\u00f1o 2023, de los cuales, por desgracia, uno ya se ha hecho realidad.<\/span><\/p>\n<p class=\"p1\"><span style=\"font-size: 14pt;\">He insisto, ni soy adivino con poderes extraordinarios ni me considero un \u00e9mulo de Nostradamus. Solo observo, analiz\u00f3 y deduzco las probabilidades de acontecimientos futuros y casi siempre le atino.<\/span><\/p>\n<p class=\"p1\"><span style=\"font-size: 14pt;\">Bajo el t\u00edtulo \u201c7 Pron\u00f3sticos 2023\u201d, el lunes 26 de diciembre escrib\u00ed lo siguiente en mi columna Adelante:<\/span><\/p>\n<p class=\"p1\"><span style=\"font-size: 14pt;\">\u2014\u201cEl presidente Andr\u00e9s Manuel L\u00f3pez Obrador sufrir\u00e1 un quebranto de salud\u201d.<\/span><\/p>\n<p class=\"p1\"><span style=\"font-size: 14pt;\">Los augurios no siempre ocurren en el orden anunciado. \u00c9ste fue el n\u00famero siete y ya cumpli\u00f3.<\/span><\/p>\n<p class=\"p1\"><span style=\"font-size: 14pt;\">Por fortuna se ha recuperado y reincorporado el presidente L\u00f3pez Obrador a sus actividades habituales. Trabaja demasiado este hombre.<\/span><\/p>\n<p class=\"p1\"><span style=\"font-size: 14pt;\">\u00bfUstedes creen que de veras se contagi\u00f3 L\u00f3pez Obrador de Covid o fingi\u00f3?<\/span><\/p>\n<p>&nbsp;<\/p>\n<p class=\"p1\"><span style=\"font-size: 18pt; color: #139eca;\"><b>MARCELO EBRARD EN XALAPA<\/b><\/span><\/p>\n<p class=\"p1\"><span style=\"font-size: 14pt;\">Asist\u00ed a la comida y a la presentaci\u00f3n del libro de Marcelo Ebrard, \u201cEl Camino de M\u00e9xico\u201d, el s\u00e1bado en Xalapa y corrobor\u00e9 su popularidad.<\/span><\/p>\n<p class=\"p1\"><span style=\"font-size: 14pt;\">\u2014No simpatizo con Morena, pero si el candidato presidencial es Marcelo, votar\u00e9 por \u00e9l \u2013dijeron algunas de las personas invitadas.<\/span><\/p>\n<p class=\"p1\"><span style=\"font-size: 14pt;\">\u2014La candidata ser\u00e1 Sheinbaum o Ad\u00e1n Augusto. Son los favoritos del presidente L\u00f3pez Obrador\u00a0 \u2013revira otro de los asistentes.<\/span><\/p>\n<p class=\"p1\"><span style=\"font-size: 14pt;\">Entrevist\u00e9 a varios y coincidieron en sus opiniones.<\/span><\/p>\n<p class=\"p1\"><span style=\"font-size: 14pt;\">\u2014L\u00e1stima, Marcelo sue\u00f1a con la candidatura de Morena. AMLO no lo escoger\u00e1. Lo veo m\u00e1s como potencial candidato de la alianza \u201cVa por M\u00e9xico\u201d o quiz\u00e1 por Movimiento Ciudadano si Dante Delgado se empecina en participar solo en las elecciones del 2024\u00a0 \u2013sentencia un colega.<\/span><\/p>\n<p class=\"p1\"><span style=\"font-size: 14pt;\">Desde su llegada al hotel donde fue la comida, lo recibieron grit\u00e1ndole: \u00a1Presidente! \u00a1Presidente! \u00a1Presidente!<\/span><\/p>\n<p class=\"p1\"><span style=\"font-size: 14pt;\">En su mensaje, el canciller Ebrard afirm\u00f3 contundente:\u00a0<\/span><\/p>\n<p class=\"p1\"><span style=\"font-size: 14pt;\">\u2014Fui el sucesor de Andr\u00e9s Manuel en la jefatura de gobierno del Distrito Federal y soy el sucesor para la presidencia. Esto provoc\u00f3\u00a0 aplausos de mujeres y hombres provenientes de distintos rumbos del estado.<\/span><\/p>\n<p class=\"p1\"><span style=\"font-size: 14pt;\">Muchas personas no pudieron entrar al sal\u00f3n. El auditorio del IMAC, donde present\u00f3 su libro, tambi\u00e9n se llen\u00f3 y hubo gente afuera del recinto.<\/span><\/p>\n<p class=\"p1\"><span style=\"font-size: 14pt;\">El gobernador Cuitl\u00e1huac Garc\u00eda lo recibi\u00f3 en el palacio de gobierno y design\u00f3 como representante a Enrique Nach\u00f3n, secretario de Desarrollo Econ\u00f3mico, en la comida y en la presentaci\u00f3n del libro.<\/span><\/p>\n<p>&nbsp;<\/p>\n<hr \/>\n<p>&nbsp;<\/p>\n<p><img data-recalc-dims=\"1\" loading=\"lazy\" decoding=\"async\" class=\"aligncenter wp-image-14351\" src=\"https:\/\/i0.wp.com\/politicosaldesnudo.com.mx\/wp-content\/uploads\/2023\/01\/FIRMA-EDITORIAL-PD-300x37.png?resize=800%2C98&#038;ssl=1\" alt=\"\" width=\"800\" height=\"98\" srcset=\"https:\/\/i0.wp.com\/politicosaldesnudo.com.mx\/wp-content\/uploads\/2023\/01\/FIRMA-EDITORIAL-PD.png?resize=300%2C37&amp;ssl=1 300w, https:\/\/i0.wp.com\/politicosaldesnudo.com.mx\/wp-content\/uploads\/2023\/01\/FIRMA-EDITORIAL-PD.png?resize=1024%2C125&amp;ssl=1 1024w, https:\/\/i0.wp.com\/politicosaldesnudo.com.mx\/wp-content\/uploads\/2023\/01\/FIRMA-EDITORIAL-PD.png?resize=768%2C94&amp;ssl=1 768w, https:\/\/i0.wp.com\/politicosaldesnudo.com.mx\/wp-content\/uploads\/2023\/01\/FIRMA-EDITORIAL-PD.png?resize=1536%2C188&amp;ssl=1 1536w, https:\/\/i0.wp.com\/politicosaldesnudo.com.mx\/wp-content\/uploads\/2023\/01\/FIRMA-EDITORIAL-PD.png?resize=2048%2C250&amp;ssl=1 2048w, https:\/\/i0.wp.com\/politicosaldesnudo.com.mx\/wp-content\/uploads\/2023\/01\/FIRMA-EDITORIAL-PD.png?w=1600&amp;ssl=1 1600w, https:\/\/i0.wp.com\/politicosaldesnudo.com.mx\/wp-content\/uploads\/2023\/01\/FIRMA-EDITORIAL-PD.png?w=2400&amp;ssl=1 2400w\" sizes=\"auto, (max-width: 800px) 100vw, 800px\" \/><\/p>\n","protected":false},"excerpt":{"rendered":"<p>&nbsp; Por Pepe Valencia Bas\u00e1ndome en observaciones, indicios e informaciones serias de sucesos importantes, cada a\u00f1o realizo pron\u00f3sticos y por<\/p>\n","protected":false},"author":4,"featured_media":4618,"comment_status":"closed","ping_status":"closed","sticky":false,"template":"","format":"standard","meta":{"colormag_page_container_layout":"default_layout","colormag_page_sidebar_layout":"default_layout","_jetpack_memberships_contains_paid_content":false,"footnotes":"","jetpack_publicize_message":"","jetpack_publicize_feature_enabled":true,"jetpack_social_post_already_shared":false,"jetpack_social_options":{"image_generator_settings":{"template":"highway","default_image_id":0,"font":"","enabled":false},"version":2}},"categories":[26],"tags":[],"class_list":["post-19000","post","type-post","status-publish","format-standard","has-post-thumbnail","hentry","category-columnistas"],"jetpack_publicize_connections":[],"jetpack_featured_media_url":"https:\/\/i0.wp.com\/politicosaldesnudo.com.mx\/wp-content\/uploads\/2022\/05\/EJEMPLO.png?fit=1816%2C1016&ssl=1","jetpack-related-posts":[],"jetpack_sharing_enabled":true,"_links":{"self":[{"href":"https:\/\/politicosaldesnudo.com.mx\/index.php\/wp-json\/wp\/v2\/posts\/19000","targetHints":{"allow":["GET"]}}],"collection":[{"href":"https:\/\/politicosaldesnudo.com.mx\/index.php\/wp-json\/wp\/v2\/posts"}],"about":[{"href":"https:\/\/politicosaldesnudo.com.mx\/index.php\/wp-json\/wp\/v2\/types\/post"}],"author":[{"embeddable":true,"href":"https:\/\/politicosaldesnudo.com.mx\/index.php\/wp-json\/wp\/v2\/users\/4"}],"replies":[{"embeddable":true,"href":"https:\/\/politicosaldesnudo.com.mx\/index.php\/wp-json\/wp\/v2\/comments?post=19000"}],"version-history":[{"count":0,"href":"https:\/\/politicosaldesnudo.com.mx\/index.php\/wp-json\/wp\/v2\/posts\/19000\/revisions"}],"wp:featuredmedia":[{"embeddable":true,"href":"https:\/\/politicosaldesnudo.com.mx\/index.php\/wp-json\/wp\/v2\/media\/4618"}],"wp:attachment":[{"href":"https:\/\/politicosaldesnudo.com.mx\/index.php\/wp-json\/wp\/v2\/media?parent=19000"}],"wp:term":[{"taxonomy":"category","embeddable":true,"href":"https:\/\/politicosaldesnudo.com.mx\/index.php\/wp-json\/wp\/v2\/categories?post=19000"},{"taxonomy":"post_tag","embeddable":true,"href":"https:\/\/politicosaldesnudo.com.mx\/index.php\/wp-json\/wp\/v2\/tags?post=19000"}],"curies":[{"name":"wp","href":"https:\/\/api.w.org\/{rel}","templated":true}]}}