{"id":19008,"date":"2023-05-01T00:06:47","date_gmt":"2023-05-01T05:06:47","guid":{"rendered":"https:\/\/politicosaldesnudo.com.mx\/?p=19008"},"modified":"2023-04-30T23:44:24","modified_gmt":"2023-05-01T04:44:24","slug":"el-oscurantismo","status":"publish","type":"post","link":"https:\/\/politicosaldesnudo.com.mx\/index.php\/2023\/05\/01\/el-oscurantismo\/","title":{"rendered":"El oscurantismo"},"content":{"rendered":"<p>&nbsp;<\/p>\n<p class=\"p1\"><span style=\"font-size: 18pt;\"><b>Por Ricardo Homs<\/b><\/span><\/p>\n<p class=\"p1\"><span style=\"font-size: 14pt;\">Es pat\u00e9tico ver el temor que el presidente le tiene a la rendici\u00f3n de cuentas. El bloqueo f\u00e9rreo al INAI<span class=\"Apple-converted-space\">\u00a0 <\/span>lo demuestra.<\/span><\/p>\n<p class=\"p1\"><span style=\"font-size: 14pt;\">Quien se dice dem\u00f3crata, reformador, l\u00edder de una revoluci\u00f3n moral y enemigo de la corrupci\u00f3n, no debiese tenerle temor a la transparencia que representa el INAI.<\/span><\/p>\n<p class=\"p1\"><span style=\"font-size: 14pt;\">Sin embargo, han apelado \u00e9l y sus colaboradores a la seguridad nacional para ocultar todo lo que le est\u00e1n dando al Ej\u00e9rcito, -e incluso-, a toda la informaci\u00f3n que rodea al Tren Maya, Dos Bocas y el aeropuerto Felipe \u00c1ngeles. \u00bfQu\u00e9 hay detr\u00e1s de todo lo que quieren mantener reservado y lejos de la vista p\u00fablica?<\/span><\/p>\n<p class=\"p1\"><span style=\"font-size: 14pt;\">La actitud opaca del presidente es en s\u00ed un reconocimiento de que hay asuntos de su administraci\u00f3n que no debe conocer la ciudadan\u00eda, pues son comprometedores.<\/span><\/p>\n<p class=\"p1\"><span style=\"font-size: 14pt;\">Lo malo para este gobierno opaco, -que se esfuerza por mantener inoperante al INAI neg\u00e1ndole la integraci\u00f3n de los tres consejeros que le faltan-, es que con esa actitud levanta profundas suspicacias.<\/span><\/p>\n<p class=\"p1\"><span style=\"font-size: 14pt;\">Quien fue palad\u00edn de la democracia como candidato, se ha esforzado por mantener una conducta opuesta a los principios democr\u00e1ticos que defendi\u00f3 como opositor, pues ahora como gobernante ha mostrado una intolerancia f\u00e9rrea en contra de quienes piensan diferente.<\/span><\/p>\n<p class=\"p1\"><span style=\"font-size: 14pt;\">El INAI es un s\u00edmbolo de transparencia y tratar de nulificarlo tiene gran significado.<\/span><\/p>\n<p class=\"p1\"><span style=\"font-size: 14pt;\">Muchos temas est\u00e1n en el aire, desde el fraude a Segalmex que s\u00f3lo se ha enfocado en responsabilizar a funcionarios de tercer nivel, que definitivamente no ten\u00edan la autoridad para desviar la cantidad de dinero perdida, hasta las sospechas que deja la operaci\u00f3n del Insabi.<\/span><\/p>\n<p class=\"p1\"><span style=\"font-size: 14pt;\">Los rumores se combaten con informaci\u00f3n transparente. Las campa\u00f1as de desinformaci\u00f3n, -que sin duda existen esforz\u00e1ndose por desprestigiar al gobierno de la 4T-, se combaten con transparencia y acceso a la informaci\u00f3n.<span class=\"Apple-converted-space\">\u00a0<\/span><\/span><\/p>\n<p class=\"p1\"><span style=\"font-size: 14pt;\">Quiz\u00e1 lo m\u00e1s significativo de este gobierno es el otorgamiento al Ej\u00e9rcito, -no de<span class=\"Apple-converted-space\">\u00a0 <\/span>contratos -, sino de concesiones., -seguramente por petici\u00f3n del presidente, quien le otorg\u00f3 concesiones tur\u00edsticas y el total de los impuestos del \u00e1mbito tur\u00edstico, as\u00ed como una aerol\u00ednea, la operaci\u00f3n de aeropuertos para su propio beneficio y otras concesiones.<\/span><\/p>\n<p>&nbsp;<\/p>\n<p class=\"p1\"><span style=\"font-size: 18pt;\"><strong>\u00bfA usted qu\u00e9 le parece?<\/strong><\/span><\/p>\n<p>&nbsp;<\/p>\n<hr \/>\n<p>&nbsp;<\/p>\n<p class=\"p1\"><span style=\"font-size: 18pt;\"><strong>Facebook:<a href=\"https:\/\/www.facebook.com\/Ricardo.Homs1\">@Ricardo.Homs1<\/a><\/strong><\/span><\/p>\n<p class=\"p1\"><span style=\"font-size: 18pt;\"><strong>Twitter:\u00a0<\/strong><a href=\"https:\/\/twitter.com\/homsricardo\"><strong>@homsricardo<\/strong><\/a><\/span><\/p>\n<p class=\"p1\"><span style=\"font-size: 18pt;\"><strong>Linkedin:\u00a0<a href=\"https:\/\/www.linkedin.com\/in\/ricardo-homs-3920449\/?originalSubdomain=mx\">RicardoHoms<\/a><\/strong><\/span><\/p>\n<p class=\"p1\"><span style=\"font-size: 18pt;\"><a href=\"https:\/\/ricardohoms.com\/\"><strong>www.ricardohoms.com<\/strong><\/a><\/span><\/p>\n<p>&nbsp;<\/p>\n<p><img data-recalc-dims=\"1\" loading=\"lazy\" decoding=\"async\" class=\"aligncenter wp-image-14351\" src=\"https:\/\/i0.wp.com\/politicosaldesnudo.com.mx\/wp-content\/uploads\/2023\/01\/FIRMA-EDITORIAL-PD-300x37.png?resize=800%2C98&#038;ssl=1\" alt=\"\" width=\"800\" height=\"98\" srcset=\"https:\/\/i0.wp.com\/politicosaldesnudo.com.mx\/wp-content\/uploads\/2023\/01\/FIRMA-EDITORIAL-PD.png?resize=300%2C37&amp;ssl=1 300w, https:\/\/i0.wp.com\/politicosaldesnudo.com.mx\/wp-content\/uploads\/2023\/01\/FIRMA-EDITORIAL-PD.png?resize=1024%2C125&amp;ssl=1 1024w, https:\/\/i0.wp.com\/politicosaldesnudo.com.mx\/wp-content\/uploads\/2023\/01\/FIRMA-EDITORIAL-PD.png?resize=768%2C94&amp;ssl=1 768w, https:\/\/i0.wp.com\/politicosaldesnudo.com.mx\/wp-content\/uploads\/2023\/01\/FIRMA-EDITORIAL-PD.png?resize=1536%2C188&amp;ssl=1 1536w, https:\/\/i0.wp.com\/politicosaldesnudo.com.mx\/wp-content\/uploads\/2023\/01\/FIRMA-EDITORIAL-PD.png?resize=2048%2C250&amp;ssl=1 2048w, https:\/\/i0.wp.com\/politicosaldesnudo.com.mx\/wp-content\/uploads\/2023\/01\/FIRMA-EDITORIAL-PD.png?w=1600&amp;ssl=1 1600w, https:\/\/i0.wp.com\/politicosaldesnudo.com.mx\/wp-content\/uploads\/2023\/01\/FIRMA-EDITORIAL-PD.png?w=2400&amp;ssl=1 2400w\" sizes=\"auto, (max-width: 800px) 100vw, 800px\" \/><\/p>\n","protected":false},"excerpt":{"rendered":"<p>&nbsp; Por Ricardo Homs Es pat\u00e9tico ver el temor que el presidente le tiene a la rendici\u00f3n de cuentas. El<\/p>\n","protected":false},"author":4,"featured_media":3778,"comment_status":"closed","ping_status":"closed","sticky":false,"template":"","format":"standard","meta":{"colormag_page_container_layout":"default_layout","colormag_page_sidebar_layout":"default_layout","_jetpack_memberships_contains_paid_content":false,"footnotes":"","jetpack_publicize_message":"","jetpack_publicize_feature_enabled":true,"jetpack_social_post_already_shared":false,"jetpack_social_options":{"image_generator_settings":{"template":"highway","default_image_id":0,"font":"","enabled":false},"version":2}},"categories":[26],"tags":[],"class_list":["post-19008","post","type-post","status-publish","format-standard","has-post-thumbnail","hentry","category-columnistas"],"jetpack_publicize_connections":[],"jetpack_featured_media_url":"https:\/\/i0.wp.com\/politicosaldesnudo.com.mx\/wp-content\/uploads\/2022\/04\/RICARDO-HOMS.png?fit=1816%2C1016&ssl=1","jetpack-related-posts":[],"jetpack_sharing_enabled":true,"_links":{"self":[{"href":"https:\/\/politicosaldesnudo.com.mx\/index.php\/wp-json\/wp\/v2\/posts\/19008","targetHints":{"allow":["GET"]}}],"collection":[{"href":"https:\/\/politicosaldesnudo.com.mx\/index.php\/wp-json\/wp\/v2\/posts"}],"about":[{"href":"https:\/\/politicosaldesnudo.com.mx\/index.php\/wp-json\/wp\/v2\/types\/post"}],"author":[{"embeddable":true,"href":"https:\/\/politicosaldesnudo.com.mx\/index.php\/wp-json\/wp\/v2\/users\/4"}],"replies":[{"embeddable":true,"href":"https:\/\/politicosaldesnudo.com.mx\/index.php\/wp-json\/wp\/v2\/comments?post=19008"}],"version-history":[{"count":0,"href":"https:\/\/politicosaldesnudo.com.mx\/index.php\/wp-json\/wp\/v2\/posts\/19008\/revisions"}],"wp:featuredmedia":[{"embeddable":true,"href":"https:\/\/politicosaldesnudo.com.mx\/index.php\/wp-json\/wp\/v2\/media\/3778"}],"wp:attachment":[{"href":"https:\/\/politicosaldesnudo.com.mx\/index.php\/wp-json\/wp\/v2\/media?parent=19008"}],"wp:term":[{"taxonomy":"category","embeddable":true,"href":"https:\/\/politicosaldesnudo.com.mx\/index.php\/wp-json\/wp\/v2\/categories?post=19008"},{"taxonomy":"post_tag","embeddable":true,"href":"https:\/\/politicosaldesnudo.com.mx\/index.php\/wp-json\/wp\/v2\/tags?post=19008"}],"curies":[{"name":"wp","href":"https:\/\/api.w.org\/{rel}","templated":true}]}}