{"id":19013,"date":"2023-05-01T00:10:36","date_gmt":"2023-05-01T05:10:36","guid":{"rendered":"https:\/\/politicosaldesnudo.com.mx\/?p=19013"},"modified":"2023-04-30T23:52:31","modified_gmt":"2023-05-01T04:52:31","slug":"amlo-no-puede-morir-hay-mucha-miasma-que-sepultar","status":"publish","type":"post","link":"https:\/\/politicosaldesnudo.com.mx\/index.php\/2023\/05\/01\/amlo-no-puede-morir-hay-mucha-miasma-que-sepultar\/","title":{"rendered":"AMLO no puede morir, hay mucha miasma que sepultar"},"content":{"rendered":"<p>&nbsp;<\/p>\n<p class=\"p1\"><span style=\"font-size: 18pt;\"><b>Por Jos\u00e9 Lima Cobos<\/b><\/span><\/p>\n<p class=\"p1\"><span style=\"font-size: 14pt;\">Si se quiere que las cosas sigan igual, -corrupci\u00f3n, impunidad, extorsi\u00f3n, criminalidad<span class=\"Apple-converted-space\">\u00a0 <\/span>y dem\u00e1s lindezas que le acompa\u00f1an- el primer presidente de M\u00e9xico electo democr\u00e1ticamente por m\u00e1s de 30 millones de votos, Andr\u00e9s Manuel L\u00f3pez Obrador,<span class=\"Apple-converted-space\">\u00a0 <\/span>no pude morir a\u00fan, por ser un serio obst\u00e1culo para bandidaje descomunal que existe y lograr, ahora que la naci\u00f3n alcance el mejor bienestar para su pueblo, porque con el nacimiento del primer cartel pol\u00edtico encabezado por Carlos Salinas de Gortari y su pandilla en el fraude electoral del 88, llev\u00f3 a consolidar constitucionalmente hablando, la entrega de la naci\u00f3n a los peores intereses y el cartel del Chapo y su familia y otras minucias, viene a ser irrelevante ante la gravedad que ambos carteles, se consolidaran y eso, no es ajeno el gobierno de Estados Unidos.<\/span><\/p>\n<p class=\"p1\"><span style=\"font-size: 18pt;\"><strong>Y no pod\u00eda ser de otra manera porque Salinas de Gortari, hijo de Ra\u00fal Salinas Lozano, que fue secretario de Econom\u00eda e Industria en el r\u00e9gimen de L\u00f3pez Mateos<span class=\"Apple-converted-space\">\u00a0 <\/span>\u2013aquel presidente<span class=\"Apple-converted-space\">\u00a0 <\/span>que nacionaliz\u00f3 la industria el\u00e9ctrica y que fue claro al manifestar\u2013\u201cmexicanos, les entreg\u00f3 la energ\u00eda el\u00e9ctrica, pero no se conf\u00eden porque los malos mexicanos estar\u00e1n al acecho\u201d y<span class=\"Apple-converted-space\">\u00a0 <\/span>no se equivoc\u00f3 cuando envi\u00f3 a uno de esos hijos a prepararlos en universidades de los Estados Unidos y los resultados son elocuentes, pues en el r\u00e9gimen nefasto sujeto, se entreg\u00f3 todos o casi todos, los bienes de la naci\u00f3n a los particulares, \u2013porque el gobierno no tiene capacidad administrativa\u2013 , luego entonces esa capacidad solo la tienen lo atracadores y saqueadores de las naciones, y as\u00ed qued\u00f3 demostrado en ese r\u00e9gimen para vivir la etapa m\u00e1s obscura de los \u00faltimos treinta y cinco a\u00f1os, arropada por el gobierno norteamericano e incluso, el cubano de Fidel Castro, caso aqu\u00ed por razones geopol\u00edticas.<\/strong><\/span><\/p>\n<p class=\"p1\"><span style=\"font-size: 14pt;\">No se pod\u00eda esperar otra cosa y los resultados est\u00e1n a la vista, porque si ayer, no se pod\u00edan aumentar los salarios a los trabajadores, atender a los j\u00f3venes y ver por la salud, con m\u00e9dicos y medicinas gratuitas para todos, \u2013esto enerva a las grandes mafias que se consolidaron de tal reforma\u2013, que s\u00f3lo H\u00e9rcules pude afrontarlo y se ha aparecido, por eso, AMLO no tiene derecho a morirse a\u00fan, porque la miasma que existe es de tal magnitud que se nutre de la acumulaci\u00f3n de la riqueza en pocas m\u00e1s y la inequidad de su distribuci\u00f3n, tarea no f\u00e1cil de enfrentar ante el poder econ\u00f3mico de los enemigos del desarrollo del pa\u00eds.<\/span><\/p>\n<p>&nbsp;<\/p>\n<p><img data-recalc-dims=\"1\" loading=\"lazy\" decoding=\"async\" class=\"aligncenter wp-image-19014 size-large\" src=\"https:\/\/i0.wp.com\/politicosaldesnudo.com.mx\/wp-content\/uploads\/2023\/04\/P-AMLO-COVID-1024x573.png?resize=800%2C448&#038;ssl=1\" alt=\"\" width=\"800\" height=\"448\" srcset=\"https:\/\/i0.wp.com\/politicosaldesnudo.com.mx\/wp-content\/uploads\/2023\/04\/P-AMLO-COVID.png?resize=1024%2C573&amp;ssl=1 1024w, https:\/\/i0.wp.com\/politicosaldesnudo.com.mx\/wp-content\/uploads\/2023\/04\/P-AMLO-COVID.png?resize=300%2C168&amp;ssl=1 300w, https:\/\/i0.wp.com\/politicosaldesnudo.com.mx\/wp-content\/uploads\/2023\/04\/P-AMLO-COVID.png?resize=768%2C430&amp;ssl=1 768w, https:\/\/i0.wp.com\/politicosaldesnudo.com.mx\/wp-content\/uploads\/2023\/04\/P-AMLO-COVID.png?resize=1536%2C859&amp;ssl=1 1536w, https:\/\/i0.wp.com\/politicosaldesnudo.com.mx\/wp-content\/uploads\/2023\/04\/P-AMLO-COVID.png?w=1816&amp;ssl=1 1816w, https:\/\/i0.wp.com\/politicosaldesnudo.com.mx\/wp-content\/uploads\/2023\/04\/P-AMLO-COVID.png?w=1600&amp;ssl=1 1600w\" sizes=\"auto, (max-width: 800px) 100vw, 800px\" \/><\/p>\n<p>&nbsp;<\/p>\n<p class=\"p1\"><span style=\"font-size: 18pt;\"><strong>Para los que se han nutrido de la placenta gubernamental, est\u00e1n molestos que se les califique como bandidos porque es una ofensa a su honorabilidad, \u2013eran los sacrostantos varones de la oligarqu\u00eda, de ah\u00ed, que contra viento y manera<span class=\"Apple-converted-space\">\u00a0 <\/span>tienen que defender sus privilegios y lo menos que, si la constituci\u00f3n<span class=\"Apple-converted-space\">\u00a0 <\/span>dice que nadie debe ganar m\u00e1s que el Presidente de la Rep\u00fablica que es el responsable del Estado Mexicanos, todos los dem\u00e1s, incluyendo los organismos aut\u00f3nomos no deben tocarse, solo si ellos lo proponen, ah\u00ed el caso de los ministros, jueces y magistrados- el buen juez por su casa empieza\u2013 que nada han hecho porque se cumpla la constituci\u00f3n, pero si hacen alarde que la defienden y la<span class=\"Apple-converted-space\">\u00a0 <\/span>juran<span class=\"Apple-converted-space\">\u00a0 <\/span>respetar<span class=\"Apple-converted-space\">\u00a0 <\/span>e interpretar a su modo, pero en los \u201cbueyes del compadre\u201d, lo que evidenciar\u00e1 cada d\u00eda m\u00e1s, cuando se reestructure todo el sistema y se evite el agandalle perverso de la minor\u00eda que se ha enriquecido a costa del erario p\u00fablico.<\/strong><\/span><\/p>\n<p class=\"p1\"><span style=\"font-size: 18pt; color: #139eca;\"><strong>Los que hicieron un gran alarde con el Covid del presidente L\u00f3pez Obrador, constataron ahora que regresa con m\u00e1s fortaleza y vigor para enfrentarse a los malvados, lo abiertos y embozados, que quisieran<span class=\"Apple-converted-space\">\u00a0 <\/span>que llegara el fin de este gobierno, porque no les conviene que ahora, los negocios y construcciones que necesita la naci\u00f3n para su bienestar, las haga el Estado. sin comprometer la deuda p\u00fablica o endrogarse y menos que el peso mexicano este fuerte, porque eso afecta a quienes tienen d\u00f3lares que ven mermar sus ganancias, que el INAI, que puridad solo es un aparato, desaparezca.<\/strong><\/span><\/p>\n<p class=\"p1\"><span style=\"font-size: 14pt;\">Con el cambio en el INE, que no se toca, ahora se ver\u00e1 el horror del uso de los recursos<span class=\"Apple-converted-space\">\u00a0 <\/span>en la falsa democracia, como se ver\u00e1 en otras dependencias que, si<span class=\"Apple-converted-space\">\u00a0 <\/span>se reestructuran, har\u00e1n poderosas a las arcas p\u00fablicas, pues nadie cumple con la ley de contabilidad y responsabilidad hacendaria, sobre todo la Suprema Corte de Justicia que maneja de manera opaca, miles de millones de pesos, sin que rinda cuentas a nadie, \u2014donde qued\u00f3 la transparencia, por aquello que un poder aut\u00f3nomo e independiente, de ah\u00ed que es el primero que pugna porque nada se mueva\u2014 no hay que hacer olas, porque<span class=\"Apple-converted-space\">\u00a0 <\/span>la miasma se extiende.<\/span><\/p>\n<p>&nbsp;<\/p>\n<p class=\"p1\"><span style=\"font-size: 18pt; color: #139eca;\"><b>LOS CAMBIOS QUE VIENEN<\/b><\/span><\/p>\n<p class=\"p1\"><span style=\"font-size: 18pt;\"><strong>Si las cosas empiezan bien en el alharaquiento INE y se ordena por su presidente<span class=\"Apple-converted-space\">\u00a0 <\/span>honestidad en el presupuesto, baj\u00e1ndose el sueldo, veamos cual ser\u00e1 el comportamiento de las dem\u00e1s burocracia que naci\u00f3 para, simulando, robando, los recursos p\u00fablicos, como hongos putrefactos que se nutren de la publicidad y de gastos criminales que ahora sabemos porque el presidente lo informa sin tapujos para que el pueblo no viva enga\u00f1ado.<\/strong><\/span><\/p>\n<p class=\"p1\"><span style=\"font-size: 14pt;\">En la \u00faltima etapa de este gobierno se esperan actos de la mayor trascendencia desde el punto de vista pol\u00edtico, pues con una econom\u00eda y un gobierno consolidado tendr\u00e1 que profundizarse como es el de buscar la armon\u00eda hacendaria gubernamental para no sufrir m\u00e1s descalabros como los sufridos en los \u00faltimos gobiernos de farsantes de Salinas, Zedillo, Fox, Calder\u00f3n y Pe\u00f1a Nieto, que ahora s\u00ed, que no le tiemble la mano al presidente haciendo justicia, pues se ayer en Chile se vio el crimen de Estados Unidos con Pinochet, ahora, con la mayor\u00eda de sus presidentes en la c\u00e1rcel por ser unos aut\u00e9nticos bandidos \u2014Al\u00e1n Garc\u00eda, prefiri\u00f3 quitarse la vida\u2014 , se espera que en M\u00e9xico se traiga a cuentas a los \u00faltimos gobernantes y se ver\u00e1 hasta donde llega su dignidad, vivir en la c\u00e1rcel, o quitarse la vida, como pare de la justicia divina.<\/span><\/p>\n<p>&nbsp;<\/p>\n<hr \/>\n<p>&nbsp;<\/p>\n<p><span style=\"font-size: 18pt;\"><strong>Correo:<a href=\"mailto:limacobos@hotmail.com\"> limacobos@hotmail.com<\/a><\/strong><\/span><\/p>\n<p><span style=\"font-size: 18pt;\"><strong>Twitter: <a href=\"https:\/\/twitter.com\/limacobos1\">@limacobos1<\/a><\/strong><\/span><\/p>\n<p>&nbsp;<\/p>\n<p><img data-recalc-dims=\"1\" loading=\"lazy\" decoding=\"async\" class=\"aligncenter wp-image-14351\" src=\"https:\/\/i0.wp.com\/politicosaldesnudo.com.mx\/wp-content\/uploads\/2023\/01\/FIRMA-EDITORIAL-PD-300x37.png?resize=800%2C98&#038;ssl=1\" alt=\"\" width=\"800\" height=\"98\" srcset=\"https:\/\/i0.wp.com\/politicosaldesnudo.com.mx\/wp-content\/uploads\/2023\/01\/FIRMA-EDITORIAL-PD.png?resize=300%2C37&amp;ssl=1 300w, https:\/\/i0.wp.com\/politicosaldesnudo.com.mx\/wp-content\/uploads\/2023\/01\/FIRMA-EDITORIAL-PD.png?resize=1024%2C125&amp;ssl=1 1024w, https:\/\/i0.wp.com\/politicosaldesnudo.com.mx\/wp-content\/uploads\/2023\/01\/FIRMA-EDITORIAL-PD.png?resize=768%2C94&amp;ssl=1 768w, https:\/\/i0.wp.com\/politicosaldesnudo.com.mx\/wp-content\/uploads\/2023\/01\/FIRMA-EDITORIAL-PD.png?resize=1536%2C188&amp;ssl=1 1536w, https:\/\/i0.wp.com\/politicosaldesnudo.com.mx\/wp-content\/uploads\/2023\/01\/FIRMA-EDITORIAL-PD.png?resize=2048%2C250&amp;ssl=1 2048w, https:\/\/i0.wp.com\/politicosaldesnudo.com.mx\/wp-content\/uploads\/2023\/01\/FIRMA-EDITORIAL-PD.png?w=1600&amp;ssl=1 1600w, https:\/\/i0.wp.com\/politicosaldesnudo.com.mx\/wp-content\/uploads\/2023\/01\/FIRMA-EDITORIAL-PD.png?w=2400&amp;ssl=1 2400w\" sizes=\"auto, (max-width: 800px) 100vw, 800px\" \/><\/p>\n","protected":false},"excerpt":{"rendered":"<p>&nbsp; Por Jos\u00e9 Lima Cobos Si se quiere que las cosas sigan igual, -corrupci\u00f3n, impunidad, extorsi\u00f3n, criminalidad\u00a0 y dem\u00e1s lindezas<\/p>\n","protected":false},"author":4,"featured_media":4215,"comment_status":"closed","ping_status":"closed","sticky":false,"template":"","format":"standard","meta":{"colormag_page_container_layout":"default_layout","colormag_page_sidebar_layout":"default_layout","_jetpack_memberships_contains_paid_content":false,"footnotes":"","jetpack_publicize_message":"","jetpack_publicize_feature_enabled":true,"jetpack_social_post_already_shared":false,"jetpack_social_options":{"image_generator_settings":{"template":"highway","default_image_id":0,"font":"","enabled":false},"version":2}},"categories":[26],"tags":[45,2558,42],"class_list":["post-19013","post","type-post","status-publish","format-standard","has-post-thumbnail","hentry","category-columnistas","tag-amlo","tag-carlos-salinas","tag-mexico"],"jetpack_publicize_connections":[],"jetpack_featured_media_url":"https:\/\/i0.wp.com\/politicosaldesnudo.com.mx\/wp-content\/uploads\/2022\/04\/JOSE%CC%81-LIMA-COBOS.png?fit=1816%2C1016&ssl=1","jetpack-related-posts":[],"jetpack_sharing_enabled":true,"_links":{"self":[{"href":"https:\/\/politicosaldesnudo.com.mx\/index.php\/wp-json\/wp\/v2\/posts\/19013","targetHints":{"allow":["GET"]}}],"collection":[{"href":"https:\/\/politicosaldesnudo.com.mx\/index.php\/wp-json\/wp\/v2\/posts"}],"about":[{"href":"https:\/\/politicosaldesnudo.com.mx\/index.php\/wp-json\/wp\/v2\/types\/post"}],"author":[{"embeddable":true,"href":"https:\/\/politicosaldesnudo.com.mx\/index.php\/wp-json\/wp\/v2\/users\/4"}],"replies":[{"embeddable":true,"href":"https:\/\/politicosaldesnudo.com.mx\/index.php\/wp-json\/wp\/v2\/comments?post=19013"}],"version-history":[{"count":0,"href":"https:\/\/politicosaldesnudo.com.mx\/index.php\/wp-json\/wp\/v2\/posts\/19013\/revisions"}],"wp:featuredmedia":[{"embeddable":true,"href":"https:\/\/politicosaldesnudo.com.mx\/index.php\/wp-json\/wp\/v2\/media\/4215"}],"wp:attachment":[{"href":"https:\/\/politicosaldesnudo.com.mx\/index.php\/wp-json\/wp\/v2\/media?parent=19013"}],"wp:term":[{"taxonomy":"category","embeddable":true,"href":"https:\/\/politicosaldesnudo.com.mx\/index.php\/wp-json\/wp\/v2\/categories?post=19013"},{"taxonomy":"post_tag","embeddable":true,"href":"https:\/\/politicosaldesnudo.com.mx\/index.php\/wp-json\/wp\/v2\/tags?post=19013"}],"curies":[{"name":"wp","href":"https:\/\/api.w.org\/{rel}","templated":true}]}}