{"id":19031,"date":"2023-05-01T00:46:46","date_gmt":"2023-05-01T05:46:46","guid":{"rendered":"https:\/\/politicosaldesnudo.com.mx\/?p=19031"},"modified":"2023-05-01T00:48:50","modified_gmt":"2023-05-01T05:48:50","slug":"sigue-impune-el-asesinato-de-regina","status":"publish","type":"post","link":"https:\/\/politicosaldesnudo.com.mx\/index.php\/2023\/05\/01\/sigue-impune-el-asesinato-de-regina\/","title":{"rendered":"Sigue impune el asesinato de Regina"},"content":{"rendered":"<p>&nbsp;<\/p>\n<p class=\"p1\"><span style=\"font-size: 18pt;\"><b>Por \u00c1ngel \u00c1lvaro Pe\u00f1a<\/b><\/span><\/p>\n<p class=\"p1\"><span style=\"font-size: 14pt;\">El peligro de los periodistas en M\u00e9xico sigue, callar la verdad representa un atentado contra toda la sociedad y no ha habido constancia desde hace un cuarto de siglo que detenga esta matanza.<\/span><\/p>\n<p class=\"p1\"><span style=\"font-size: 18pt;\"><strong>Atentar contra un periodista afecta a la familia, la sociedad, el periodismo, el pa\u00eds, la democracia, el derecho, la legalidad. Los responsables somos todos en cierta medida, pero principalmente hay instancias dedicadas a su cuidado y protecci\u00f3n que deber\u00edan ser sancionadas cada vez que hay una simple amenaza a alg\u00fan periodista.<\/strong><\/span><\/p>\n<p class=\"p1\"><span style=\"font-size: 18pt; color: #139eca;\"><strong>Uno de los estados con mayor incidencia en los asesinatos de periodistas es Veracruz, donde ocurri\u00f3 hacer once a\u00f1os, el imperdonable homicidio, contra nuestra compa\u00f1era y amiga, Regina Mart\u00ednez P\u00e9rez, un 28 de abril de 2012 a finales del sexenio de Felipe Calder\u00f3n, en Xalapa, Veracruz. La golpearon hasta quitarle la vida.<\/strong><\/span><\/p>\n<p class=\"p1\"><span style=\"font-size: 14pt;\">El propio don Julio Scherer Garc\u00eda visit\u00f3 Xalapa, para conocer los pormenores del asesinato, habl\u00f3 con el gobernador, quien le dio una versi\u00f3n oficial de los hechos poco cre\u00edble, a grado tal que el periodista escribiera un editorial titulado: \u201cEs in\u00fatil, gobernador, no le creemos\u201d.<\/span><\/p>\n<p class=\"p1\"><span style=\"font-size: 14pt;\">Ante el caos que produjo una investigaci\u00f3n mal realizada y manipulaciones de hechos con falsos testimonios, se detuvo a \u201cEl Silva\u201d, como c\u00f3mplice, ya que el autor material hab\u00eda sido otra persona cuyo nombre todos desconocen.<\/span><\/p>\n<p class=\"p1\"><span style=\"font-size: 18pt;\"><strong>Seis meses despu\u00e9s de iniciar las investigaciones, el entonces titular de la PGJV, Amadeo Flores Espinosa, present\u00f3 a Jorge Antonio Hern\u00e1ndez Silva como presunto culpable del homicidio. Al d\u00eda siguiente de declarar se retract\u00f3 y denunci\u00f3 que fue torturado y amenazado para hacerlo. Sin embargo, en abril de 2013 fue condenado a 32 a\u00f1os de prisi\u00f3n por la jueza Beatriz Rivera Hern\u00e1ndez.<\/strong><\/span><\/p>\n<p class=\"p1\"><span style=\"font-size: 14pt;\">En junio de 2014, \u00c1ngel Alfonso Mart\u00ednez, hermano de la periodista, obtuvo un amparo en el que el Cuarto Tribunal Colegiado en Materia Penal de Veracruz orden\u00f3 dictar una nueva sentencia condenatoria a Hern\u00e1ndez Silva por robo agravado y homicidio calificado.<\/span><\/p>\n<p class=\"p1\"><span style=\"font-size: 18pt; color: #139eca;\"><strong>Mientras m\u00e1s tiempo pasa resulta m\u00e1s dif\u00edcil corregir las investigaciones y definir las alteraciones del caso. No se trata s\u00f3lo de reiniciar sino de rehacer, desde el principio, el caso, en donde el tiempo diluye evidencias.<\/strong><\/span><\/p>\n<p class=\"p1\"><span style=\"font-size: 14pt;\">Lo que podemos pensar acerca del asesinato de Regina es que fue ordenado desde el \u00e1mbito pol\u00edtico, la deuda de las diferentes fiscal\u00edas y procuradur\u00edas arroja como conclusi\u00f3n que hay mucho poder de por medio que impide la libertad para realizar trabajos de investigaci\u00f3n que no est\u00e9n contaminados por intereses que no quieren que se camine m\u00e1s all\u00e1.<\/span><\/p>\n<p class=\"p1\"><span style=\"font-size: 18pt;\"><strong>As\u00ed como sucede con otros periodistas, la investigaci\u00f3n es lenta, se permite que todos metan mano, se trata de ventilar para simular transparencia y en el intento todos alteran las pruebas, para dar como resultado final la impunidad.<\/strong><\/span><\/p>\n<p>&nbsp;<\/p>\n<p><img data-recalc-dims=\"1\" loading=\"lazy\" decoding=\"async\" class=\"aligncenter wp-image-19032 size-large\" src=\"https:\/\/i0.wp.com\/politicosaldesnudo.com.mx\/wp-content\/uploads\/2023\/05\/P-REGINA-MARTINEZ-1024x573.png?resize=800%2C448&#038;ssl=1\" alt=\"\" width=\"800\" height=\"448\" srcset=\"https:\/\/i0.wp.com\/politicosaldesnudo.com.mx\/wp-content\/uploads\/2023\/05\/P-REGINA-MARTINEZ.png?resize=1024%2C573&amp;ssl=1 1024w, https:\/\/i0.wp.com\/politicosaldesnudo.com.mx\/wp-content\/uploads\/2023\/05\/P-REGINA-MARTINEZ.png?resize=300%2C168&amp;ssl=1 300w, https:\/\/i0.wp.com\/politicosaldesnudo.com.mx\/wp-content\/uploads\/2023\/05\/P-REGINA-MARTINEZ.png?resize=768%2C430&amp;ssl=1 768w, https:\/\/i0.wp.com\/politicosaldesnudo.com.mx\/wp-content\/uploads\/2023\/05\/P-REGINA-MARTINEZ.png?resize=1536%2C859&amp;ssl=1 1536w, https:\/\/i0.wp.com\/politicosaldesnudo.com.mx\/wp-content\/uploads\/2023\/05\/P-REGINA-MARTINEZ.png?w=1816&amp;ssl=1 1816w, https:\/\/i0.wp.com\/politicosaldesnudo.com.mx\/wp-content\/uploads\/2023\/05\/P-REGINA-MARTINEZ.png?w=1600&amp;ssl=1 1600w\" sizes=\"auto, (max-width: 800px) 100vw, 800px\" \/><\/p>\n<p>&nbsp;<\/p>\n<p>&nbsp;<\/p>\n<p class=\"p1\"><span style=\"font-size: 18pt; color: #139eca;\"><b>SE BUSCA JUSTICIA Y COMPROMISO<\/b><\/span><\/p>\n<p class=\"p1\"><span style=\"font-size: 14pt;\">Se hacen esfuerzos de parte de los comunicadores para que las investigaciones avancen sin lograr esclarecer anda. La Plaza Lerdo de Xalapa, ha sido rebautizada extraoficialmente con su nombre; sin embargo, esto no es oficial, aunque en realidad el cambio de nombre a una a de las plazas p\u00fablicas m\u00e1s importantes del estado de Veracruz tambi\u00e9n podr\u00eda servir de distractor y las autoridades considerar\u00edan que, con ello, la cuenta con la justicia estaba saldada.<\/span><\/p>\n<p class=\"p1\"><span style=\"font-size: 18pt;\"><strong>Instancias encargadas de proteger a los periodistas deber\u00edan tambi\u00e9n ser parte de las investigaciones; sin embargo, su actividad ni previene ni coadyuva a resolver los casos, simplemente estorba, regatea protecci\u00f3n, anuncia austeridad, restringe cuidados, se burocratiza y da como resultado que haya periodistas asesinados. Lo que se quiere es justicia y el compromiso de que haya respeto por la vida humana, principalmente de los periodistas en Veracruz.<\/strong><\/span><\/p>\n<p class=\"p1\"><span style=\"font-size: 14pt;\">Dif\u00edcil saber desde la perspectiva de la informaci\u00f3n emitida por Regina Mart\u00ednez, alguna pista sobre el autor intelectual y material de su asesinato, ya que ella no ten\u00eda enemigos y su trabajo estaba dedicado a denunciar las ilegalidades y abusos lo mismo de militares que de funcionarios, de pol\u00edticas que de pol\u00edticos.<\/span><\/p>\n<p class=\"p1\"><span style=\"font-size: 18pt; color: #139eca;\"><strong>En Veracruz de 2000 a la fecha han sido asesinados 33 periodistas, la gran mayor\u00eda en raz\u00f3n de su trabajo, lo cual resulta dif\u00edcil delimitarlo ante investigaciones poco claras, inconclusas, ama\u00f1adas, manipuladas, alteradas, etc.<\/strong><\/span><\/p>\n<p class=\"p1\"><span style=\"font-size: 18pt;\"><strong>Fue a partir del mandato de Javier Duarte que se increment\u00f3 el n\u00famero de periodistas asesinados en la entidad, periodo de gobierno en el que hubo 17 contra comunicadores.<\/strong><\/span><\/p>\n<p class=\"p1\"><span style=\"font-size: 14pt;\">Despu\u00e9s del asesinato de Regina Mart\u00ednez han sido asesinados en el pa\u00eds m\u00e1s de 100 periodistas, las cifras var\u00edan; sin embargo, los n\u00fameros que ofrece la enciclopedia virtual Wikipedia son de 144, desde el 28 de abril de2012, m\u00e1s dos desaparecidos en pr\u00e1cticamente once a\u00f1os.<\/span><\/p>\n<p class=\"p1\"><span style=\"font-size: 18pt;\"><strong>En este a\u00f1o han muestro tres periodistas en el pa\u00eds: Abisa\u00ed P\u00e9rez Romero, en Hidalgo; Ramiro Araujo Ochoa, en Baja California y Carlos Acosta, en la CdMx.<\/strong><\/span><\/p>\n<p class=\"p1\"><span style=\"font-size: 14pt;\">Existe un Mecanismo de Protecci\u00f3n para Personas Defensoras de Derechos Humanos y Periodistas, pero no ha tenidos m\u00e1s logros que los de una oficina que cuenta los periodistas asesinados. Dicho mecanismo pertenece a la Secretar\u00eda de Gobernaci\u00f3n, que encabeza uno de los posibles candidatos de Morena a la Presidencia de la Rep\u00fablica, que no ha podido crear una estrategia eficiente para lograr que sea tomado en cuenta como un verdadero protector de los comunicadores. La respuesta est\u00e1 en la prevenci\u00f3n, que debe tener como base las razones por las cuales han muertos y los m\u00f3viles, as\u00ed como los perfiles de los asesinados, su ocupaci\u00f3n, origen y educaci\u00f3n, datos que no existen y si est\u00e1n el alg\u00fan lugar hace falta unirlos para tener la suficiente informaci\u00f3n que pueda impulsar un verdadero mecanismo de protecci\u00f3n que evite los homicidios de los comunicadores. De otra manera, seguir\u00e1 siendo una oficina burocr\u00e1tica m\u00e1s.<\/span><\/p>\n<p>&nbsp;<\/p>\n<p class=\"p1\"><span style=\"font-size: 18pt; color: #139eca;\"><b>PEGA Y CORRE<\/b><\/span><\/p>\n<p class=\"p1\"><span style=\"font-size: 14pt;\">Lo que le faltaba al PAN y a Marko Cort\u00e9s: ser responsabilizados por Felipe Calder\u00f3n de la derrota de 2018 en las urnas por haber postulado a Ricardo Anaya como su candidato. Sabe perfectamente el ex presidente que las simpat\u00edas estaban con L\u00f3pez Obrador desde que \u00e9l se rob\u00f3 la Presidencia, quien ahora golpea al PAN de nuevo, es \u00e9l.<\/span><\/p>\n<p>&nbsp;<\/p>\n<p><em><span style=\"font-size: 18pt;\"><strong>Esta columna se publica los lunes, mi\u00e9rcoles y viernes<\/strong><\/span><\/em><\/p>\n<p>&nbsp;<\/p>\n<hr \/>\n<p>&nbsp;<\/p>\n<p><img data-recalc-dims=\"1\" loading=\"lazy\" decoding=\"async\" class=\"aligncenter wp-image-14351\" src=\"https:\/\/i0.wp.com\/politicosaldesnudo.com.mx\/wp-content\/uploads\/2023\/01\/FIRMA-EDITORIAL-PD-300x37.png?resize=800%2C98&#038;ssl=1\" alt=\"\" width=\"800\" height=\"98\" srcset=\"https:\/\/i0.wp.com\/politicosaldesnudo.com.mx\/wp-content\/uploads\/2023\/01\/FIRMA-EDITORIAL-PD.png?resize=300%2C37&amp;ssl=1 300w, https:\/\/i0.wp.com\/politicosaldesnudo.com.mx\/wp-content\/uploads\/2023\/01\/FIRMA-EDITORIAL-PD.png?resize=1024%2C125&amp;ssl=1 1024w, https:\/\/i0.wp.com\/politicosaldesnudo.com.mx\/wp-content\/uploads\/2023\/01\/FIRMA-EDITORIAL-PD.png?resize=768%2C94&amp;ssl=1 768w, https:\/\/i0.wp.com\/politicosaldesnudo.com.mx\/wp-content\/uploads\/2023\/01\/FIRMA-EDITORIAL-PD.png?resize=1536%2C188&amp;ssl=1 1536w, https:\/\/i0.wp.com\/politicosaldesnudo.com.mx\/wp-content\/uploads\/2023\/01\/FIRMA-EDITORIAL-PD.png?resize=2048%2C250&amp;ssl=1 2048w, https:\/\/i0.wp.com\/politicosaldesnudo.com.mx\/wp-content\/uploads\/2023\/01\/FIRMA-EDITORIAL-PD.png?w=1600&amp;ssl=1 1600w, https:\/\/i0.wp.com\/politicosaldesnudo.com.mx\/wp-content\/uploads\/2023\/01\/FIRMA-EDITORIAL-PD.png?w=2400&amp;ssl=1 2400w\" sizes=\"auto, (max-width: 800px) 100vw, 800px\" \/><\/p>\n","protected":false},"excerpt":{"rendered":"<p>&nbsp; Por \u00c1ngel \u00c1lvaro Pe\u00f1a El peligro de los periodistas en M\u00e9xico sigue, callar la verdad representa un atentado contra<\/p>\n","protected":false},"author":4,"featured_media":3775,"comment_status":"closed","ping_status":"closed","sticky":false,"template":"","format":"standard","meta":{"colormag_page_container_layout":"default_layout","colormag_page_sidebar_layout":"default_layout","_jetpack_memberships_contains_paid_content":false,"footnotes":"","jetpack_publicize_message":"","jetpack_publicize_feature_enabled":true,"jetpack_social_post_already_shared":false,"jetpack_social_options":{"image_generator_settings":{"template":"highway","default_image_id":0,"font":"","enabled":false},"version":2}},"categories":[26],"tags":[1846,1677,42,267,548,100],"class_list":["post-19031","post","type-post","status-publish","format-standard","has-post-thumbnail","hentry","category-columnistas","tag-asesinados","tag-investigacion","tag-mexico","tag-periodistas","tag-regina-martinez","tag-veracruz"],"jetpack_publicize_connections":[],"jetpack_featured_media_url":"https:\/\/i0.wp.com\/politicosaldesnudo.com.mx\/wp-content\/uploads\/2022\/04\/A%CC%81NGEL-A%CC%81LVARO-PEN%CC%83A1.png?fit=1816%2C1016&ssl=1","jetpack-related-posts":[],"jetpack_sharing_enabled":true,"_links":{"self":[{"href":"https:\/\/politicosaldesnudo.com.mx\/index.php\/wp-json\/wp\/v2\/posts\/19031","targetHints":{"allow":["GET"]}}],"collection":[{"href":"https:\/\/politicosaldesnudo.com.mx\/index.php\/wp-json\/wp\/v2\/posts"}],"about":[{"href":"https:\/\/politicosaldesnudo.com.mx\/index.php\/wp-json\/wp\/v2\/types\/post"}],"author":[{"embeddable":true,"href":"https:\/\/politicosaldesnudo.com.mx\/index.php\/wp-json\/wp\/v2\/users\/4"}],"replies":[{"embeddable":true,"href":"https:\/\/politicosaldesnudo.com.mx\/index.php\/wp-json\/wp\/v2\/comments?post=19031"}],"version-history":[{"count":0,"href":"https:\/\/politicosaldesnudo.com.mx\/index.php\/wp-json\/wp\/v2\/posts\/19031\/revisions"}],"wp:featuredmedia":[{"embeddable":true,"href":"https:\/\/politicosaldesnudo.com.mx\/index.php\/wp-json\/wp\/v2\/media\/3775"}],"wp:attachment":[{"href":"https:\/\/politicosaldesnudo.com.mx\/index.php\/wp-json\/wp\/v2\/media?parent=19031"}],"wp:term":[{"taxonomy":"category","embeddable":true,"href":"https:\/\/politicosaldesnudo.com.mx\/index.php\/wp-json\/wp\/v2\/categories?post=19031"},{"taxonomy":"post_tag","embeddable":true,"href":"https:\/\/politicosaldesnudo.com.mx\/index.php\/wp-json\/wp\/v2\/tags?post=19031"}],"curies":[{"name":"wp","href":"https:\/\/api.w.org\/{rel}","templated":true}]}}