{"id":19099,"date":"2023-03-24T20:59:21","date_gmt":"2023-03-25T02:59:21","guid":{"rendered":"https:\/\/politicosaldesnudo.com.mx\/?p=19099"},"modified":"2023-05-01T21:02:05","modified_gmt":"2023-05-02T02:02:05","slug":"jovenes-tuxpenos-participan-en-el-dinamico-foro-juventud-y-los-retos-laborales","status":"publish","type":"post","link":"https:\/\/politicosaldesnudo.com.mx\/index.php\/2023\/03\/24\/jovenes-tuxpenos-participan-en-el-dinamico-foro-juventud-y-los-retos-laborales\/","title":{"rendered":"J\u00f3venes tuxpe\u00f1os participan en el din\u00e1mico foro \u201cJuventud y los Retos Laborales\u201d"},"content":{"rendered":"<p>&nbsp;<\/p>\n<p><span style=\"font-size: 14pt;\"><em><strong>TUXPAN, VERACRUZ. C<\/strong><\/em>ientos de j\u00f3venes estudiantes de educaci\u00f3n media y superior, as\u00ed como reci\u00e9n egresados de la universidad, asistieron esta ma\u00f1ana al foro \u201cJuventud y los Retos Laborales\u201d.<\/span><\/p>\n<p><span style=\"font-size: 14pt;\">Como conferencistas participaron Dorheny Garc\u00eda Cayetano, secretaria de Trabajo, Previsi\u00f3n Social y Productividad del Estado de Veracruz; Jos\u00e9 Luis Lima Franco, titular de la Secretar\u00eda de Finanzas y Planeaci\u00f3n; y la reconocida empresaria Mariana Villalobos.<\/span><\/p>\n<p><span style=\"font-size: 14pt;\">Entre los invitados especiales estuvieron el alcalde Jos\u00e9 Manuel Pozos Castro; Pamela Morales Huesca, presidenta del DIF Tuxpan; las regidoras y regidores Maryanela Monroy Flores, Anah\u00ed Aguilar L\u00f3pez, Juan G\u00f3mez Garc\u00eda, Lucero Res\u00e9ndis Ambrocio, Luis Demetrio L\u00f3pez Mar\u00edn y Axel Bernal Herrera; as\u00ed como el diputado local Genaro Ib\u00e1\u00f1ez Mart\u00ednez.<\/span><\/p>\n<p>&nbsp;<\/p>\n<p><img data-recalc-dims=\"1\" loading=\"lazy\" decoding=\"async\" class=\"aligncenter wp-image-19095 size-large\" src=\"https:\/\/i0.wp.com\/politicosaldesnudo.com.mx\/wp-content\/uploads\/2023\/05\/P-JOVENES-TUXPAN-2-1024x573.png?resize=800%2C448&#038;ssl=1\" alt=\"\" width=\"800\" height=\"448\" srcset=\"https:\/\/i0.wp.com\/politicosaldesnudo.com.mx\/wp-content\/uploads\/2023\/05\/P-JOVENES-TUXPAN-2.png?resize=1024%2C573&amp;ssl=1 1024w, https:\/\/i0.wp.com\/politicosaldesnudo.com.mx\/wp-content\/uploads\/2023\/05\/P-JOVENES-TUXPAN-2.png?resize=300%2C168&amp;ssl=1 300w, https:\/\/i0.wp.com\/politicosaldesnudo.com.mx\/wp-content\/uploads\/2023\/05\/P-JOVENES-TUXPAN-2.png?resize=768%2C430&amp;ssl=1 768w, https:\/\/i0.wp.com\/politicosaldesnudo.com.mx\/wp-content\/uploads\/2023\/05\/P-JOVENES-TUXPAN-2.png?resize=1536%2C859&amp;ssl=1 1536w, https:\/\/i0.wp.com\/politicosaldesnudo.com.mx\/wp-content\/uploads\/2023\/05\/P-JOVENES-TUXPAN-2.png?w=1816&amp;ssl=1 1816w, https:\/\/i0.wp.com\/politicosaldesnudo.com.mx\/wp-content\/uploads\/2023\/05\/P-JOVENES-TUXPAN-2.png?w=1600&amp;ssl=1 1600w\" sizes=\"auto, (max-width: 800px) 100vw, 800px\" \/><\/p>\n<p>&nbsp;<\/p>\n<p><span style=\"font-size: 14pt;\">Dorheny Garc\u00eda Cayetano agradeci\u00f3 al gobierno municipal por permitir que este foro se realizara en Tuxpan, y destac\u00f3 que el objetivo es otorgar herramientas que ayuden a los j\u00f3venes para tener una mejor inserci\u00f3n laboral.<\/span><\/p>\n<p><span style=\"font-size: 18pt;\"><strong>Entre los temas que abord\u00f3 durante su ponencia destacaron los referentes a los derechos laborales, el liderazgo, el emprendimiento; y las opciones que los j\u00f3venes tendr\u00e1n a futuro para integrarse al mundo laboral.<\/strong><\/span><\/p>\n<p><span style=\"font-size: 14pt;\">Asimismo, habl\u00f3 sobre el gran apoyo en el que se ha convertido el programa federal \u201cJ\u00f3venes Construyendo el Futuro\u201d, el cual vincula a los reci\u00e9n egresados con una fuente de trabajo.<\/span><\/p>\n<p><span style=\"font-size: 14pt;\">Al hacer uso de la voz, Jos\u00e9 Luis Lima Franco habl\u00f3 acerca del liderazgo, y destac\u00f3 la importancia de hacer con pasi\u00f3n lo que a uno le gusta, seguirse capacitando a trav\u00e9s de los a\u00f1os y realizar las cosas con disciplina, compromiso y consistencia, ya que estos elementos les permitir\u00e1 lograr las metas que se planteen.<\/span><\/p>\n<p><span style=\"font-size: 14pt;\">La empresaria Mariana Villalobos habl\u00f3 de lo relevante que es trabajar en equipo; y dirigi\u00e9ndose a los j\u00f3venes les pidi\u00f3 no rendirse y creer siempre en ellos mismos, pues eso es fundamental para alcanzar sus objetivos.<\/span><\/p>\n<p><span style=\"font-size: 14pt;\">Los estudiantes del CetmarNo. 20, Conalep, Universidad de la Huasteca, y de la Secundaria Federal Emiliano Zapata, participaron en las din\u00e1micas que se realizaron en este foro.<\/span><\/p>\n<p>&nbsp;<\/p>\n<p><img data-recalc-dims=\"1\" loading=\"lazy\" decoding=\"async\" class=\"aligncenter wp-image-19094 size-large\" src=\"https:\/\/i0.wp.com\/politicosaldesnudo.com.mx\/wp-content\/uploads\/2023\/05\/P-JOVENES-TUXPAN-1-1024x573.png?resize=800%2C448&#038;ssl=1\" alt=\"\" width=\"800\" height=\"448\" srcset=\"https:\/\/i0.wp.com\/politicosaldesnudo.com.mx\/wp-content\/uploads\/2023\/05\/P-JOVENES-TUXPAN-1.png?resize=1024%2C573&amp;ssl=1 1024w, https:\/\/i0.wp.com\/politicosaldesnudo.com.mx\/wp-content\/uploads\/2023\/05\/P-JOVENES-TUXPAN-1.png?resize=300%2C168&amp;ssl=1 300w, https:\/\/i0.wp.com\/politicosaldesnudo.com.mx\/wp-content\/uploads\/2023\/05\/P-JOVENES-TUXPAN-1.png?resize=768%2C430&amp;ssl=1 768w, https:\/\/i0.wp.com\/politicosaldesnudo.com.mx\/wp-content\/uploads\/2023\/05\/P-JOVENES-TUXPAN-1.png?resize=1536%2C859&amp;ssl=1 1536w, https:\/\/i0.wp.com\/politicosaldesnudo.com.mx\/wp-content\/uploads\/2023\/05\/P-JOVENES-TUXPAN-1.png?w=1816&amp;ssl=1 1816w, https:\/\/i0.wp.com\/politicosaldesnudo.com.mx\/wp-content\/uploads\/2023\/05\/P-JOVENES-TUXPAN-1.png?w=1600&amp;ssl=1 1600w\" sizes=\"auto, (max-width: 800px) 100vw, 800px\" \/><\/p>\n<p>&nbsp;<\/p>\n","protected":false},"excerpt":{"rendered":"<p>&nbsp; TUXPAN, VERACRUZ. Cientos de j\u00f3venes estudiantes de educaci\u00f3n media y superior, as\u00ed como reci\u00e9n egresados de la universidad, asistieron<\/p>\n","protected":false},"author":4,"featured_media":19096,"comment_status":"closed","ping_status":"closed","sticky":false,"template":"","format":"standard","meta":{"colormag_page_container_layout":"default_layout","colormag_page_sidebar_layout":"default_layout","_jetpack_memberships_contains_paid_content":false,"footnotes":"","jetpack_publicize_message":"","jetpack_publicize_feature_enabled":true,"jetpack_social_post_already_shared":false,"jetpack_social_options":{"image_generator_settings":{"template":"highway","default_image_id":0,"font":"","enabled":false},"version":2}},"categories":[1082],"tags":[],"class_list":["post-19099","post","type-post","status-publish","format-standard","has-post-thumbnail","hentry","category-tuxpan"],"jetpack_publicize_connections":[],"jetpack_featured_media_url":"https:\/\/i0.wp.com\/politicosaldesnudo.com.mx\/wp-content\/uploads\/2023\/05\/P-JOVENES-TUXPAN-3.png?fit=1816%2C1016&ssl=1","jetpack-related-posts":[],"jetpack_sharing_enabled":true,"_links":{"self":[{"href":"https:\/\/politicosaldesnudo.com.mx\/index.php\/wp-json\/wp\/v2\/posts\/19099","targetHints":{"allow":["GET"]}}],"collection":[{"href":"https:\/\/politicosaldesnudo.com.mx\/index.php\/wp-json\/wp\/v2\/posts"}],"about":[{"href":"https:\/\/politicosaldesnudo.com.mx\/index.php\/wp-json\/wp\/v2\/types\/post"}],"author":[{"embeddable":true,"href":"https:\/\/politicosaldesnudo.com.mx\/index.php\/wp-json\/wp\/v2\/users\/4"}],"replies":[{"embeddable":true,"href":"https:\/\/politicosaldesnudo.com.mx\/index.php\/wp-json\/wp\/v2\/comments?post=19099"}],"version-history":[{"count":0,"href":"https:\/\/politicosaldesnudo.com.mx\/index.php\/wp-json\/wp\/v2\/posts\/19099\/revisions"}],"wp:featuredmedia":[{"embeddable":true,"href":"https:\/\/politicosaldesnudo.com.mx\/index.php\/wp-json\/wp\/v2\/media\/19096"}],"wp:attachment":[{"href":"https:\/\/politicosaldesnudo.com.mx\/index.php\/wp-json\/wp\/v2\/media?parent=19099"}],"wp:term":[{"taxonomy":"category","embeddable":true,"href":"https:\/\/politicosaldesnudo.com.mx\/index.php\/wp-json\/wp\/v2\/categories?post=19099"},{"taxonomy":"post_tag","embeddable":true,"href":"https:\/\/politicosaldesnudo.com.mx\/index.php\/wp-json\/wp\/v2\/tags?post=19099"}],"curies":[{"name":"wp","href":"https:\/\/api.w.org\/{rel}","templated":true}]}}